{"id":151959,"date":"2025-11-14T18:03:08","date_gmt":"2025-11-14T18:03:08","guid":{"rendered":"https:\/\/www.europesays.com\/pt\/151959\/"},"modified":"2025-11-14T18:03:08","modified_gmt":"2025-11-14T18:03:08","slug":"lady-gaga-revela-real-motivo-de-cancelamento-no-rock-in-rio-2017","status":"publish","type":"post","link":"https:\/\/www.europesays.com\/pt\/151959\/","title":{"rendered":"Lady Gaga revela real motivo de cancelamento no &#8220;Rock In Rio 2017&#8221;"},"content":{"rendered":"<p class=\"my-5 break-words group-[.isActiveSource]:text-xl\">A cantora <strong class=\"group-[.isActiveSource]:text-xl group-[.isActiveSource]:font-bold\">Lady Gaga<\/strong>, 39, voltou ao Brasil em 2025 ap\u00f3s 13 anos sem fazer shows no pa\u00eds. Em 2017, participaria do &#8220;Rock In Rio&#8221;, mas cancelou o show na v\u00e9spera, criando o meme &#8220;Brazil, I&#8217;m devastated&#8221;.<\/p>\n<p class=\"my-5 break-words group-[.isActiveSource]:text-xl\">Desde o cancelamento, os f\u00e3s tinham a vers\u00e3o de que a Gaga teria tido uma <strong class=\"group-[.isActiveSource]:text-xl group-[.isActiveSource]:font-bold\">crise de fibromialgia<\/strong>, doen\u00e7a que trata h\u00e1 anos. Por\u00e9m, em sua nova capa para Rolling Stone, ela contou <strong class=\"group-[.isActiveSource]:text-xl group-[.isActiveSource]:font-bold\"><a href=\"https:\/\/www.cnnbrasil.com.br\/entretenimento\/lady-gaga-adia-show-da-the-mayhem-ball-em-miami-veja-o-motivo\/\" target=\"_blank\" rel=\"noopener noreferrer nofollow\" class=\"text-red-600 underline hover:text-red-500 font-medium break-words group-[.isActiveSource]:text-xl\">o real motivo<\/a> de sua aus\u00eancia no festival.<\/strong><\/p>\n<p class=\"my-5 break-words group-[.isActiveSource]:text-xl\">Durante a entrevista, a cantora<strong class=\"group-[.isActiveSource]:text-xl group-[.isActiveSource]:font-bold\"> assumiu que passou por um surto psic\u00f3tico<\/strong>, e achou que &#8220;<strong class=\"group-[.isActiveSource]:text-xl group-[.isActiveSource]:font-bold\">nunca mais ia voltar<\/strong>&#8220;. Tudo aconteceu ao fim das grava\u00e7\u00f5es de &#8220;Nasce Uma Estrela&#8221;, filme que protagonizou ao lado de Bradley Cooper. Gaga conta que a irm\u00e3 lhe disse que <strong class=\"group-[.isActiveSource]:text-xl group-[.isActiveSource]:font-bold\">j\u00e1 n\u00e3o a via mais<\/strong>, e assim decidiu cancelar a<strong class=\"group-[.isActiveSource]:text-xl group-[.isActiveSource]:font-bold\"> Joanne Tour<\/strong>, que estava produzindo na \u00e9poca. <a href=\"https:\/\/www.cnnbrasil.com.br\/entretenimento\/lady-gaga-confessa-emocao-com-publico-do-rio-achei-que-ia-desmaiar\/\" target=\"_blank\" rel=\"noopener noreferrer nofollow\" class=\"text-red-600 underline hover:text-red-500 font-medium break-words group-[.isActiveSource]:text-xl\">Al\u00e9m do Brasil<\/a>, foram cancelados <strong class=\"group-[.isActiveSource]:text-xl group-[.isActiveSource]:font-bold\">mais nove shows.<\/strong><\/p>\n<p class=\"my-5 break-words group-[.isActiveSource]:text-xl\">&#8220;Teve um dia que eu fui para a reabilita\u00e7\u00e3o. Eu precisava descansar. Eu n\u00e3o conseguia fazer nada, estava completamente quebrada. Foi muito assustador. Teve um momento que eu <strong class=\"group-[.isActiveSource]:text-xl group-[.isActiveSource]:font-bold\">achava que n\u00e3o ia conseguir sair<\/strong>, <a href=\"https:\/\/www.cnnbrasil.com.br\/entretenimento\/lady-gaga-se-emociona-com-publico-e-chora-durante-show-em-copacabana\/\" target=\"_blank\" rel=\"noopener noreferrer nofollow\" class=\"text-red-600 underline hover:text-red-500 font-medium break-words group-[.isActiveSource]:text-xl\">tenho muita sorte em estar viva<\/a>. Sei que isso pode parecer dram\u00e1tico, mas sabemos at\u00e9 onde isso pode ir&#8221;, complementou Gaga.<\/p>\n","protected":false},"excerpt":{"rendered":"A cantora Lady Gaga, 39, voltou ao Brasil em 2025 ap\u00f3s 13 anos sem fazer shows no pa\u00eds.&hellip;\n","protected":false},"author":2,"featured_media":151960,"comment_status":"","ping_status":"","sticky":false,"template":"","format":"standard","meta":{"footnotes":""},"categories":[141],"tags":[114,115,149,150,32,33],"class_list":{"0":"post-151959","1":"post","2":"type-post","3":"status-publish","4":"format-standard","5":"has-post-thumbnail","7":"category-musica","8":"tag-entertainment","9":"tag-entretenimento","10":"tag-music","11":"tag-musica","12":"tag-portugal","13":"tag-pt"},"share_on_mastodon":{"url":"https:\/\/pubeurope.com\/@pt\/115549372804980429","error":""},"_links":{"self":[{"href":"https:\/\/www.europesays.com\/pt\/wp-json\/wp\/v2\/posts\/151959","targetHints":{"allow":["GET"]}}],"collection":[{"href":"https:\/\/www.europesays.com\/pt\/wp-json\/wp\/v2\/posts"}],"about":[{"href":"https:\/\/www.europesays.com\/pt\/wp-json\/wp\/v2\/types\/post"}],"author":[{"embeddable":true,"href":"https:\/\/www.europesays.com\/pt\/wp-json\/wp\/v2\/users\/2"}],"replies":[{"embeddable":true,"href":"https:\/\/www.europesays.com\/pt\/wp-json\/wp\/v2\/comments?post=151959"}],"version-history":[{"count":0,"href":"https:\/\/www.europesays.com\/pt\/wp-json\/wp\/v2\/posts\/151959\/revisions"}],"wp:featuredmedia":[{"embeddable":true,"href":"https:\/\/www.europesays.com\/pt\/wp-json\/wp\/v2\/media\/151960"}],"wp:attachment":[{"href":"https:\/\/www.europesays.com\/pt\/wp-json\/wp\/v2\/media?parent=151959"}],"wp:term":[{"taxonomy":"category","embeddable":true,"href":"https:\/\/www.europesays.com\/pt\/wp-json\/wp\/v2\/categories?post=151959"},{"taxonomy":"post_tag","embeddable":true,"href":"https:\/\/www.europesays.com\/pt\/wp-json\/wp\/v2\/tags?post=151959"}],"curies":[{"name":"wp","href":"https:\/\/api.w.org\/{rel}","templated":true}]}}