{"id":151969,"date":"2025-11-14T18:11:11","date_gmt":"2025-11-14T18:11:11","guid":{"rendered":"https:\/\/www.europesays.com\/pt\/151969\/"},"modified":"2025-11-14T18:11:11","modified_gmt":"2025-11-14T18:11:11","slug":"mau-tempo-chuva-forte-continua-com-quase-2500-ocorrencias-e-32-pessoas-deslocadas-meteorologia","status":"publish","type":"post","link":"https:\/\/www.europesays.com\/pt\/151969\/","title":{"rendered":"Mau tempo: chuva forte continua, com quase 2500 ocorr\u00eancias e 32 pessoas deslocadas | Meteorologia"},"content":{"rendered":"<p>Portugal continental registou, entre as 14h de quarta-feira e as 11h desta sexta-feira, um total de 2434 ocorr\u00eancias relacionadas com a situa\u00e7\u00e3o meteorol\u00f3gica adversa, sobretudo inunda\u00e7\u00f5es, que provocaram duas mortes em Fern\u00e3o Ferro, no Seixal, e 32 pessoas deslocadas, revelou a Protec\u00e7\u00e3o Civil.<\/p>\n<p>Os 32 cidad\u00e3os deslocados residem nos concelhos de Abrantes e Salvaterra de Magos (Santar\u00e9m), Seixal (Set\u00fabal) e Pombal (Leiria).<\/p>\n<p>A Pen\u00ednsula de Set\u00fabal, com 577 ocorr\u00eancias, a Grande Lisboa, com 265, e o Algarve, com 251, s\u00e3o as sub-regi\u00f5es mais afectadas, segundo n\u00fameros da Protec\u00e7\u00e3o Civil.<\/p>\n<p>A maioria das ocorr\u00eancias est\u00e1 relacionada com inunda\u00e7\u00f5es, com um total de 1357 situa\u00e7\u00f5es, seguindo-se queda de \u00e1rvores (422), limpeza de vias (264), queda de estruturas (182) e movimentos de massa (171). Na resposta a estas ocorr\u00eancias estiveram empenhados 7682 operacionais, apoiados por 2947 ve\u00edculos.<\/p>\n<p>Em Azeit\u00e3o, no munic\u00edpio de Set\u00fabal, um deslizamento de terras destruiu esta sexta-feira cerca de 20 metros da Rua da Mata e atingiu o sistema de fornecimento de energia do hospital local.<\/p>\n<p>&#8220;Houve um deslizamento de um talude que levou parte da estrada, cortou os cabos el\u00e9ctricos que abastecem o Hospital de Nossa Senhora da Arr\u00e1bida e alguns furos de capta\u00e7\u00e3o de \u00e1gua&#8221;, disse \u00e0 Lusa o coordenador da Protec\u00e7\u00e3o Civil Municipal de Set\u00fabal, Jos\u00e9 Lu\u00eds Bucho. Ainda n\u00e3o h\u00e1 previs\u00e3o para o in\u00edcio ou conclus\u00e3o dos trabalhos de repara\u00e7\u00e3o da estrada, que serve uma unidade industrial de reciclagem de \u00f3leos.<\/p>\n<p>O deslizamento ter\u00e1 sido originado pela &#8220;acumula\u00e7\u00e3o de \u00e1gua numa vala que n\u00e3o foi limpa devido \u00e0 chuva intensa dos \u00faltimos dias&#8221;. &#8220;Ainda h\u00e1 algumas d\u00favidas sobre a responsabilidade da limpeza da vala, se pertence a um particular ou \u00e0 Ag\u00eancia Portuguesa do Ambiente (APA), mas tudo indica que pertence \u00e0 APA&#8221;, acrescentou a mesma fonte.<\/p>\n<p>O respons\u00e1vel salientou, no entanto, que a falha de energia no hospital e nos furos de capta\u00e7\u00e3o de \u00e1gua foi rapidamente resolvida pela E-Redes, que &#8220;disponibilizou de imediato gerados para o fornecimento de energia ao hospital&#8221;.<\/p>\n<p>No Algarve, a cidade de Faro tamb\u00e9m voltou, ao final da manh\u00e3 desta sexta, a ser atingida por um fen\u00f3meno de vento extremo que causou quedas de \u00e1rvores e de estruturas m\u00f3veis, mas sem causar v\u00edtimas. Na quinta-feira, o sotavento algarvio foi das zonas mais atingidas pela depress\u00e3o Cl\u00e1udia.<\/p>\n<p>Protec\u00e7\u00e3o Civil deixa recomenda\u00e7\u00f5es<\/p>\n<p>Em comunicado, a Protec\u00e7\u00e3o Civil refor\u00e7ou que o impacto dos efeitos do mau tempo pode ser minimizado atrav\u00e9s de comportamentos preventivos adequados, em particular nas zonas historicamente mais vulner\u00e1veis, com a adop\u00e7\u00e3o de medidas como a desobstru\u00e7\u00e3o dos sistemas de escoamento de \u00e1guas pluviais. \u00c9 desaconselhada a circula\u00e7\u00e3o e perman\u00eancia em \u00e1reas arborizadas, devido ao perigo de queda de troncos e \u00e1rvores, e junto \u00e0 orla costeira e zonas ribeirinhas.<\/p>\n<p>Na estrada, uma condu\u00e7\u00e3o defensiva passa pela redu\u00e7\u00e3o da velocidade, com especial aten\u00e7\u00e3o \u00e0 forma\u00e7\u00e3o de len\u00e7\u00f3is de \u00e1gua. Quer esteja de carro ou a p\u00e9, n\u00e3o deve atravessar zonas inundadas, prevenindo o risco de arrastamento de pessoas ou ve\u00edculos.<\/p>\n<p>O Instituto Portugu\u00eas do Mar e da Atmosfera (IPMA) vai voltar a colocar sob aviso laranja tr\u00eas distritos de Portugal continental \u2014 Faro, Beja e Set\u00fabal \u2014 entre as 9h e as 15h de s\u00e1bado, devido \u00e0 previs\u00e3o de &#8220;precipita\u00e7\u00e3o persistente, por vezes forte e acompanhada de trovoada&#8221;. Durante este per\u00edodo, estar\u00e1 tamb\u00e9m em vigor para os tr\u00eas distritos o aviso amarelo de vento forte, com rajadas que podem alcan\u00e7ar 80 quil\u00f3metros por hora.<\/p>\n<p>O aviso laranja \u00e9 emitido pelo <a href=\"https:\/\/www.publico.pt\/ipma\" rel=\"nofollow noopener\" target=\"_blank\">IPMA <\/a>sempre que existe &#8220;situa\u00e7\u00e3o meteorol\u00f3gica de risco moderado a elevado, e o amarelo, quando h\u00e1 uma situa\u00e7\u00e3o de risco para determinadas actividades dependentes da situa\u00e7\u00e3o meteorol\u00f3gica.<\/p>\n<p>Todos os distritos do continente permanecem pelo menos at\u00e9 \u00e0s 21h desta sexta-feira sob aviso amarelo devido \u00e0 precipita\u00e7\u00e3o e, a partir da meia-noite e at\u00e9 \u00e0s 18h de s\u00e1bado, toda a zona costeira estar\u00e1 sob aviso amarelo devido \u00e0 agita\u00e7\u00e3o mar\u00edtima.<\/p>\n<p>No arquip\u00e9lago da Madeira, o IPMA prev\u00ea um agravamento do estado do tempo at\u00e9 domingo, dia 16, em especial na costa Sul e zonas montanhosas, devido \u00e0 passagem da depress\u00e3o Cl\u00e1udia.<\/p>\n<p>Circula\u00e7\u00e3o na Linha da Beira Baixa reposta<\/p>\n<p>A <a href=\"https:\/\/www.publico.pt\/2025\/11\/12\/local\/noticia\/vento-arranca-telhado-estacao-santa-apolonia-2154311\" rel=\"nofollow noopener\" target=\"_blank\">circula\u00e7\u00e3o ferrovi\u00e1ria<\/a> na Linha da Beira Baixa, que esteve interrompida entre a Covilh\u00e3 e o Tortosendo, no distrito de Castelo Branco, ap\u00f3s descarrilamento na quinta-feira, foi retomada \u00e0s 6h40 desta sexta-feira, segundo a CP.<\/p>\n<p>Este tro\u00e7o, do concelho da Covilh\u00e3, foi interrompido \u00e0s 12h49 de quinta-feira devido ao <a href=\"https:\/\/www.publico.pt\/2025\/11\/13\/local\/noticia\/avaria-sinalizacao-suspende-cirulacao-comboios-entroncamento-santarem-2154441\" rel=\"nofollow noopener\" target=\"_blank\">descarrilamento<\/a> de um comboio que ia sem passageiros, s\u00f3 com tripula\u00e7\u00e3o, e que n\u00e3o causou feridos, segundo informa\u00e7\u00e3o prestada \u00e0 Lusa na quinta-feira pela Infra-estruturas de Portugal (IP).<\/p>\n<p>Segundo a CP \u2013 Comboios de Portugal, foi assegurado o transbordo rodovi\u00e1rio entre o Fund\u00e3o (Covilh\u00e3) e a Guarda para os passageiros afectados pela interrup\u00e7\u00e3o da circula\u00e7\u00e3o de comboios entre a Covilh\u00e3 e Tortosendo.<\/p>\n<p>Na quinta-feira o mau tempo causou ainda perturba\u00e7\u00f5es na Linha do Norte, entre o Entroncamento e Riachos (Torres Novas); na Linha do Oeste, entre o Louri\u00e7al (Pombal) e Amieira (Soure); na Linha da Beira Alta, em Conten\u00e7as (Mangualde); e na Linha do Alentejo, entre o Pinhal Novo e Poceir\u00e3o (Palmela).<\/p>\n","protected":false},"excerpt":{"rendered":"Portugal continental registou, entre as 14h de quarta-feira e as 11h desta sexta-feira, um total de 2434 ocorr\u00eancias&hellip;\n","protected":false},"author":2,"featured_media":151970,"comment_status":"","ping_status":"","sticky":false,"template":"","format":"standard","meta":{"footnotes":""},"categories":[10],"tags":[27,28,353,15,16,14,350,25,26,21,22,8532,606,12,13,19,20,32,23,24,2376,33,58,17,18,29,30,31],"class_list":{"0":"post-151969","1":"post","2":"type-post","3":"status-publish","4":"format-standard","5":"has-post-thumbnail","7":"category-portugal","8":"tag-breaking-news","9":"tag-breakingnews","10":"tag-em-destaque","11":"tag-featured-news","12":"tag-featurednews","13":"tag-headlines","14":"tag-ipma","15":"tag-latest-news","16":"tag-latestnews","17":"tag-main-news","18":"tag-mainnews","19":"tag-mau-tempo","20":"tag-meteorologia","21":"tag-news","22":"tag-noticias","23":"tag-noticias-principais","24":"tag-noticiasprincipais","25":"tag-portugal","26":"tag-principais-noticias","27":"tag-principaisnoticias","28":"tag-proteccao-civil","29":"tag-pt","30":"tag-sociedade","31":"tag-top-stories","32":"tag-topstories","33":"tag-ultimas","34":"tag-ultimas-noticias","35":"tag-ultimasnoticias"},"share_on_mastodon":{"url":"https:\/\/pubeurope.com\/@pt\/115549404069072017","error":""},"_links":{"self":[{"href":"https:\/\/www.europesays.com\/pt\/wp-json\/wp\/v2\/posts\/151969","targetHints":{"allow":["GET"]}}],"collection":[{"href":"https:\/\/www.europesays.com\/pt\/wp-json\/wp\/v2\/posts"}],"about":[{"href":"https:\/\/www.europesays.com\/pt\/wp-json\/wp\/v2\/types\/post"}],"author":[{"embeddable":true,"href":"https:\/\/www.europesays.com\/pt\/wp-json\/wp\/v2\/users\/2"}],"replies":[{"embeddable":true,"href":"https:\/\/www.europesays.com\/pt\/wp-json\/wp\/v2\/comments?post=151969"}],"version-history":[{"count":0,"href":"https:\/\/www.europesays.com\/pt\/wp-json\/wp\/v2\/posts\/151969\/revisions"}],"wp:featuredmedia":[{"embeddable":true,"href":"https:\/\/www.europesays.com\/pt\/wp-json\/wp\/v2\/media\/151970"}],"wp:attachment":[{"href":"https:\/\/www.europesays.com\/pt\/wp-json\/wp\/v2\/media?parent=151969"}],"wp:term":[{"taxonomy":"category","embeddable":true,"href":"https:\/\/www.europesays.com\/pt\/wp-json\/wp\/v2\/categories?post=151969"},{"taxonomy":"post_tag","embeddable":true,"href":"https:\/\/www.europesays.com\/pt\/wp-json\/wp\/v2\/tags?post=151969"}],"curies":[{"name":"wp","href":"https:\/\/api.w.org\/{rel}","templated":true}]}}