{"id":151976,"date":"2025-11-14T18:18:08","date_gmt":"2025-11-14T18:18:08","guid":{"rendered":"https:\/\/www.europesays.com\/pt\/151976\/"},"modified":"2025-11-14T18:18:08","modified_gmt":"2025-11-14T18:18:08","slug":"desaparecimento-de-musicos-conhecidos-do-black-metal-mobiliza-operacao-de-resgate-na-noruega","status":"publish","type":"post","link":"https:\/\/www.europesays.com\/pt\/151976\/","title":{"rendered":"Desaparecimento de m\u00fasicos conhecidos do black metal mobiliza opera\u00e7\u00e3o de resgate na Noruega"},"content":{"rendered":"<p data-start=\"94\" data-end=\"499\">As autoridades norueguesas iniciaram uma busca de grande escala ap\u00f3s o desaparecimento de <strong data-start=\"184\" data-end=\"202\">Snorre W. Ruch<\/strong> \u2014 conhecido como <strong data-start=\"220\" data-end=\"234\">Blackthorn<\/strong>, fundador do <strong data-start=\"248\" data-end=\"258\">Thorns<\/strong> e ex-integrante do <a href=\"https:\/\/roadiecrew.com\/tag\/mayhem\/\" target=\"_blank\" rel=\"noopener nofollow\"><strong data-start=\"278\" data-end=\"288\">Mayhem<\/strong><\/a> \u2014 e de <strong data-start=\"296\" data-end=\"311\">Rune R\u00f8stad<\/strong>, o enigm\u00e1tico <strong data-start=\"326\" data-end=\"351\">General Gribbsphiiser<\/strong> do <strong data-start=\"355\" data-end=\"367\">Slagmaur<\/strong>. Os dois foram vistos pela \u00faltima vez no fim de semana, durante uma trilha na regi\u00e3o montanhosa de Tr\u00f8ndelag, no centro da Noruega.<\/p>\n<p data-start=\"501\" data-end=\"947\">De acordo com informa\u00e7\u00f5es divulgadas pelo ve\u00edculo local <strong data-start=\"557\" data-end=\"573\">Fosen Folket<\/strong>, ambos trabalhavam em um projeto audiovisual ligado \u00e0s suas bandas quando o contato foi perdido. A partir da\u00ed, uma ampla opera\u00e7\u00e3o de resgate foi iniciada, envolvendo equipes da Cruz Vermelha, Corpo de Bombeiros, Defesa Civil, helic\u00f3pteros e unidades especializadas com c\u00e3es farejadores. As buscas se estendem pela \u00e1rea onde a dupla teria circulado antes do desaparecimento.<\/p>\n<p data-start=\"949\" data-end=\"1324\"><strong>Snorre W. Ruch<\/strong> \u00e9 um nome central da segunda onda do black metal noruegu\u00eas, reconhecido por sua abordagem inovadora no <strong data-start=\"1067\" data-end=\"1077\">Thorns<\/strong> e por sua participa\u00e7\u00e3o na hist\u00f3ria do <strong data-start=\"1116\" data-end=\"1126\">Mayhem<\/strong>. Ele foi r\u00e9u, e condenado \u00e0 pris\u00e3o como c\u00famplice de <strong>Varg Vikernes<\/strong>, l\u00edder do\u00a0<strong>Burzum<\/strong>, quando o \u00faltimo tamb\u00e9m foi preso por assassinar o ex-parceiro de <strong>Mayhem<\/strong>, <strong>Euronymous<\/strong>. J\u00e1 <strong data-start=\"1131\" data-end=\"1156\">General Gribbsphiiser<\/strong> \u00e9 a figura por tr\u00e1s do <strong data-start=\"1180\" data-end=\"1192\">Slagmaur<\/strong>, grupo marcado por apresenta\u00e7\u00f5es teatrais e est\u00e9tica sombria, mantendo forte aura de mist\u00e9rio ao redor de sua identidade art\u00edstica.<\/p>\n<p><img fetchpriority=\"high\" decoding=\"async\" class=\"aligncenter size-full wp-image-260168\" src=\"https:\/\/www.europesays.com\/pt\/wp-content\/uploads\/2025\/11\/MAYHEM-e1763122836487.png\" alt=\"\" width=\"800\" height=\"450\"\/><\/p>\n<p>\u00a0<\/p>\n<p><strong><a href=\"https:\/\/whatsapp.com\/channel\/0029VaDAMivHQbSBJR\" target=\"_blank\" rel=\"noopener nofollow\">Clique aqui<\/a>\u00a0para seguir o canal ROADIE CREW no WhatsApp<\/strong><\/p>\n","protected":false},"excerpt":{"rendered":"As autoridades norueguesas iniciaram uma busca de grande escala ap\u00f3s o desaparecimento de Snorre W. Ruch \u2014 conhecido&hellip;\n","protected":false},"author":2,"featured_media":151977,"comment_status":"","ping_status":"","sticky":false,"template":"","format":"standard","meta":{"footnotes":""},"categories":[141],"tags":[114,115,149,150,32,33],"class_list":{"0":"post-151976","1":"post","2":"type-post","3":"status-publish","4":"format-standard","5":"has-post-thumbnail","7":"category-musica","8":"tag-entertainment","9":"tag-entretenimento","10":"tag-music","11":"tag-musica","12":"tag-portugal","13":"tag-pt"},"share_on_mastodon":{"url":"https:\/\/pubeurope.com\/@pt\/115549431811313953","error":""},"_links":{"self":[{"href":"https:\/\/www.europesays.com\/pt\/wp-json\/wp\/v2\/posts\/151976","targetHints":{"allow":["GET"]}}],"collection":[{"href":"https:\/\/www.europesays.com\/pt\/wp-json\/wp\/v2\/posts"}],"about":[{"href":"https:\/\/www.europesays.com\/pt\/wp-json\/wp\/v2\/types\/post"}],"author":[{"embeddable":true,"href":"https:\/\/www.europesays.com\/pt\/wp-json\/wp\/v2\/users\/2"}],"replies":[{"embeddable":true,"href":"https:\/\/www.europesays.com\/pt\/wp-json\/wp\/v2\/comments?post=151976"}],"version-history":[{"count":0,"href":"https:\/\/www.europesays.com\/pt\/wp-json\/wp\/v2\/posts\/151976\/revisions"}],"wp:featuredmedia":[{"embeddable":true,"href":"https:\/\/www.europesays.com\/pt\/wp-json\/wp\/v2\/media\/151977"}],"wp:attachment":[{"href":"https:\/\/www.europesays.com\/pt\/wp-json\/wp\/v2\/media?parent=151976"}],"wp:term":[{"taxonomy":"category","embeddable":true,"href":"https:\/\/www.europesays.com\/pt\/wp-json\/wp\/v2\/categories?post=151976"},{"taxonomy":"post_tag","embeddable":true,"href":"https:\/\/www.europesays.com\/pt\/wp-json\/wp\/v2\/tags?post=151976"}],"curies":[{"name":"wp","href":"https:\/\/api.w.org\/{rel}","templated":true}]}}