{"id":152019,"date":"2025-11-14T18:58:56","date_gmt":"2025-11-14T18:58:56","guid":{"rendered":"https:\/\/www.europesays.com\/pt\/152019\/"},"modified":"2025-11-14T18:58:56","modified_gmt":"2025-11-14T18:58:56","slug":"encomendas-com-valor-abaixo-de-150-euros-vao-passar-a-ter-uma-taxa","status":"publish","type":"post","link":"https:\/\/www.europesays.com\/pt\/152019\/","title":{"rendered":"Encomendas com valor abaixo de 150 euros v\u00e3o passar a ter uma taxa"},"content":{"rendered":"<p>A Uni\u00e3o Europeia (UE) vai acabar com a isen\u00e7\u00e3o de taxas para encomendas de valor inferior a 150 euros destinadas a consumidores no espa\u00e7o comunit\u00e1rio.<\/p>\n<p><a target=\"_blank\" href=\"https:\/\/pplware.sapo.pt\/wp-content\/uploads\/2022\/01\/encomenda.jpg\" onclick=\"refreshIframe()\" class=\"foobox\" rel=\"nofollow noopener\"><img fetchpriority=\"high\" decoding=\"async\" src=\"https:\/\/www.europesays.com\/pt\/wp-content\/uploads\/2025\/11\/encomenda-720x405.jpg\" alt=\"Encomendas com valor abaixo de 150 euros v\u00e3o passar a ter uma taxa\" width=\"720\" height=\"405\" class=\"aligncenter wp-image-826332 size-medium\"  \/><\/a><\/p>\n<p>Medida surge como resposta ao elevado volume de importa\u00e7\u00f5es baratas de fora da UE<\/p>\n<p>Atualmente, as remessas at\u00e9 150 \u20ac provenientes de pa\u00edses fora da UE est\u00e3o isentas de direitos aduaneiros, mas o novo acordo prev\u00ea que essas encomendas passem a estar sujeitas a taxa\u00e7\u00e3o &#8220;a partir do primeiro euro\u201d.<\/p>\n<p>A decis\u00e3o foi alcan\u00e7ada durante a reuni\u00e3o dos ministros das Finan\u00e7as da UE (ECOFIN) e <strong>surge como resposta ao elevado volume de importa\u00e7\u00f5es baratas de fora da Uni\u00e3o<\/strong>, nomeadamente da \u00c1sia. Segundo a Comiss\u00e3o Europeia, em 2024 foram registadas cerca de 4,6 mil milh\u00f5es de encomendas de baixo valor, uma m\u00e9dia de aproximadamente 12 milh\u00f5es por dia, das quais 91 % provinham da China.<\/p>\n<p><a target=\"_blank\" href=\"https:\/\/pplware.sapo.pt\/wp-content\/uploads\/2020\/02\/encomendas-china-coronavirus.jpg\" onclick=\"refreshIframe()\" class=\"foobox\" rel=\"nofollow noopener\"><img loading=\"lazy\" decoding=\"async\" src=\"https:\/\/www.europesays.com\/pt\/wp-content\/uploads\/2025\/11\/encomendas-china-coronavirus-720x405.jpg\" alt=\"\" width=\"720\" height=\"405\" class=\"aligncenter size-medium wp-image-655376\"  \/><\/a><\/p>\n<p>A entrada em vigor desta medida poder\u00e1 ocorrer mais cedo do que previsto, apesar de inicialmente pensada para 2028, est\u00e1 agora a ser debatida uma implementa\u00e7\u00e3o at\u00e9 2026.<\/p>\n","protected":false},"excerpt":{"rendered":"A Uni\u00e3o Europeia (UE) vai acabar com a isen\u00e7\u00e3o de taxas para encomendas de valor inferior a 150&hellip;\n","protected":false},"author":2,"featured_media":152020,"comment_status":"","ping_status":"","sticky":false,"template":"","format":"standard","meta":{"footnotes":""},"categories":[8],"tags":[27,28,26226,15,16,14,25,26,21,22,12,13,19,20,32,23,24,33,15153,17,18,29,30,31],"class_list":{"0":"post-152019","1":"post","2":"type-post","3":"status-publish","4":"format-standard","5":"has-post-thumbnail","7":"category-principais-noticias","8":"tag-breaking-news","9":"tag-breakingnews","10":"tag-encomendas","11":"tag-featured-news","12":"tag-featurednews","13":"tag-headlines","14":"tag-latest-news","15":"tag-latestnews","16":"tag-main-news","17":"tag-mainnews","18":"tag-news","19":"tag-noticias","20":"tag-noticias-principais","21":"tag-noticiasprincipais","22":"tag-portugal","23":"tag-principais-noticias","24":"tag-principaisnoticias","25":"tag-pt","26":"tag-taxa","27":"tag-top-stories","28":"tag-topstories","29":"tag-ultimas","30":"tag-ultimas-noticias","31":"tag-ultimasnoticias"},"share_on_mastodon":{"url":"https:\/\/pubeurope.com\/@pt\/115549593036906818","error":""},"_links":{"self":[{"href":"https:\/\/www.europesays.com\/pt\/wp-json\/wp\/v2\/posts\/152019","targetHints":{"allow":["GET"]}}],"collection":[{"href":"https:\/\/www.europesays.com\/pt\/wp-json\/wp\/v2\/posts"}],"about":[{"href":"https:\/\/www.europesays.com\/pt\/wp-json\/wp\/v2\/types\/post"}],"author":[{"embeddable":true,"href":"https:\/\/www.europesays.com\/pt\/wp-json\/wp\/v2\/users\/2"}],"replies":[{"embeddable":true,"href":"https:\/\/www.europesays.com\/pt\/wp-json\/wp\/v2\/comments?post=152019"}],"version-history":[{"count":0,"href":"https:\/\/www.europesays.com\/pt\/wp-json\/wp\/v2\/posts\/152019\/revisions"}],"wp:featuredmedia":[{"embeddable":true,"href":"https:\/\/www.europesays.com\/pt\/wp-json\/wp\/v2\/media\/152020"}],"wp:attachment":[{"href":"https:\/\/www.europesays.com\/pt\/wp-json\/wp\/v2\/media?parent=152019"}],"wp:term":[{"taxonomy":"category","embeddable":true,"href":"https:\/\/www.europesays.com\/pt\/wp-json\/wp\/v2\/categories?post=152019"},{"taxonomy":"post_tag","embeddable":true,"href":"https:\/\/www.europesays.com\/pt\/wp-json\/wp\/v2\/tags?post=152019"}],"curies":[{"name":"wp","href":"https:\/\/api.w.org\/{rel}","templated":true}]}}