{"id":152021,"date":"2025-11-14T18:59:24","date_gmt":"2025-11-14T18:59:24","guid":{"rendered":"https:\/\/www.europesays.com\/pt\/152021\/"},"modified":"2025-11-14T18:59:24","modified_gmt":"2025-11-14T18:59:24","slug":"sumico-de-pedro-leonardo-e-esposa-no-aniversario-de-poliana-rocha-intriga-e-casal-se-pronuncia-queriamos","status":"publish","type":"post","link":"https:\/\/www.europesays.com\/pt\/152021\/","title":{"rendered":"Sumi\u00e7o de Pedro Leonardo e esposa no anivers\u00e1rio de Poliana Rocha intriga e casal se pronuncia: &#8216;Quer\u00edamos&#8230;&#8217;"},"content":{"rendered":"<p>A comemora\u00e7\u00e3o dos 49 anos de <a href=\"https:\/\/caras.com.br\/tags\/poliana-rocha\" rel=\"nofollow noopener\" target=\"_blank\"><strong>Poliana Rocha<\/strong><\/a> gerou um novo burburinho nas redes sociais. A festa, realizada na Fazenda Talism\u00e3, reuniu familiares e amigos pr\u00f3ximos, mas a aus\u00eancia de <a href=\"https:\/\/caras.com.br\/tags\/pedro-leonardo\" rel=\"nofollow noopener\" target=\"_blank\"><strong>Pedro Leonardo<\/strong><\/a> e de sua esposa, <a href=\"https:\/\/caras.com.br\/tags\/thais-gebelein_1\" rel=\"nofollow noopener\" target=\"_blank\"><strong>Thais Gebelein<\/strong><\/a>, chamou aten\u00e7\u00e3o e abriu espa\u00e7o para especula\u00e7\u00f5es, especialmente depois dos coment\u00e1rios deixados pelo casal no Instagram.<\/p>\n<p>Ao reagir \u00e0 publica\u00e7\u00e3o da aniversariante, Thais escreveu: \u201cQuer\u00edamos estar a\u00ed\u201c, acompanhando a frase com emojis de festa.<\/p>\n<p>O coment\u00e1rio atraiu internautas, que imediatamente questionaram o motivo de a fam\u00edlia n\u00e3o ter comparecido ao evento. Seguidores responderam dizendo: \u201cD\u00e1 tempo ainda, v\u00e3o pra l\u00e1\u201d, \u201cE por que n\u00e3o est\u00e3o?\u201d, e at\u00e9 \u201cFazem tanta falta, amamos voc\u00eas\u201d.<\/p>\n<p> <img loading=\"lazy\" decoding=\"async\" class=\"wp-image-1031305 size-full img-fluid lazy\" alt=\"\" width=\"1920\" height=\"1080\" src=\"https:\/\/www.europesays.com\/pt\/wp-content\/uploads\/2025\/11\/esposa-de-pedro-leonardo-fala-sobre-aniversario-de-poliana-rocha.jpg\"  \/>Esposa de Pedro Leonardo fala sobre aniversario de Poliana Rocha \u2013 Foto: Instagram <\/p>\n<p>Pouco depois, o pr\u00f3prio Pedro Leonardo deixou um recado carinhoso para a madrasta, refor\u00e7ando que a rela\u00e7\u00e3o entre eles segue positiva. O cantor escreveu:<\/p>\n<p><strong>Leia tamb\u00e9m<\/strong>: <a href=\"https:\/\/caras.com.br\/datas-especiais\/missa-e-festa-intimista-veja-o-video-do-aniversario-de-poliana-rocha-na-fazenda-talisma.phtml\" rel=\"nofollow noopener\" target=\"_blank\">Missa e festa intimista: veja o v\u00eddeo do anivers\u00e1rio de Poliana Rocha na Fazenda Talism\u00e3<\/a><\/p>\n<p>\u201cBoadrasta que voc\u00ea realize todos seus sonhos e continue fazendo meu pai feliz e abra\u00e7ando minha fam\u00edlia! Te amo e te desejo o melhor da vida, que Deus te aben\u00e7oe sempre!\u201d<\/p>\n<p> <img loading=\"lazy\" decoding=\"async\" class=\"wp-image-1031304 size-full img-fluid lazy\" alt=\"\" width=\"1080\" height=\"1920\" src=\"https:\/\/www.europesays.com\/pt\/wp-content\/uploads\/2025\/11\/pedro-leonardo-celebra-aniversario-poliana-rocha.jpg\"  \/>Pedro Leonardo celebra aniversario Poliana Rocha \u2013 Foto: Instagram Onde estavam Pedro Leonardo e Thais Gebelein? <\/p>\n<p>A dupla n\u00e3o ignorou a celebra\u00e7\u00e3o, pelo contr\u00e1rio, demonstrou carinho publicamente. No entanto, nas redes sociais, o casal mostrou que estava em Penha, Santa Catarina, no mesmo per\u00edodo em que acontecia a festa de Poliana na Fazenda Talism\u00e3.<\/p>\n<p><strong>CONFIRA PUBLICA\u00c7\u00c3O RECENTE DA CARAS BRASIL NAS\u00a0<a href=\"https:\/\/www.instagram.com\/carasbrasil\/\" rel=\"nofollow noopener\" target=\"_blank\">REDES SOCIAIS:<\/a><\/strong><\/p>\n<blockquote class=\"instagram-media\" style=\"background: #FFF; border: 0; border-radius: 3px; box-shadow: 0 0 1px 0 rgba(0,0,0,0.5),0 1px 10px 0 rgba(0,0,0,0.15); margin: 1px; max-width: 540px; min-width: 326px; padding: 0; width: calc(100% - 2px);\" data-instgrm-permalink=\"https:\/\/www.instagram.com\/p\/DRAdbcpkblo\/?utm_source=ig_embed&amp;utm_campaign=loading\" data-instgrm-version=\"14\"><\/blockquote>\n<p>        <a href=\"https:\/\/caras.com.br\/autor\/gabriela-cunha\" rel=\"nofollow noopener\" target=\"_blank\">&#13;<br \/>\n          <img alt=\"Gabriela Cunha\" src=\"https:\/\/secure.gravatar.com\/avatar\/33851544c4281386abbb6d5018d2c5b6d6eba8c7bd770ad253be76a6a4a0a488?s=115&amp;d=blank&amp;r=g\"  class=\"avatar avatar-115 photo rounded-circle mr-3\" height=\"115\" width=\"115\" loading=\"lazy\" decoding=\"async\"\/>        <\/a><\/p>\n<p><strong>GABRIELA CUNHA<\/strong> \u00e9 formada em Jornalismo pela UPM. Transformou uma paix\u00e3o em profiss\u00e3o e, agora, escreve sobre novelas, TV e celebridades<\/p>\n<p>\t                                            <script async src=\"\/\/www.instagram.com\/embed.js\"><\/script><\/p>\n","protected":false},"excerpt":{"rendered":"A comemora\u00e7\u00e3o dos 49 anos de Poliana Rocha gerou um novo burburinho nas redes sociais. A festa, realizada&hellip;\n","protected":false},"author":2,"featured_media":152022,"comment_status":"","ping_status":"","sticky":false,"template":"","format":"standard","meta":{"footnotes":""},"categories":[145],"tags":[996,211,210,114,115,2159,32926,5548,32,33],"class_list":{"0":"post-152021","1":"post","2":"type-post","3":"status-publish","4":"format-standard","5":"has-post-thumbnail","7":"category-celebridades","8":"tag-aniversario","9":"tag-celebridades","10":"tag-celebrities","11":"tag-entertainment","12":"tag-entretenimento","13":"tag-leonardo","14":"tag-pedro-leonardo","15":"tag-poliana-rocha","16":"tag-portugal","17":"tag-pt"},"share_on_mastodon":{"url":"https:\/\/pubeurope.com\/@pt\/115549593146094854","error":""},"_links":{"self":[{"href":"https:\/\/www.europesays.com\/pt\/wp-json\/wp\/v2\/posts\/152021","targetHints":{"allow":["GET"]}}],"collection":[{"href":"https:\/\/www.europesays.com\/pt\/wp-json\/wp\/v2\/posts"}],"about":[{"href":"https:\/\/www.europesays.com\/pt\/wp-json\/wp\/v2\/types\/post"}],"author":[{"embeddable":true,"href":"https:\/\/www.europesays.com\/pt\/wp-json\/wp\/v2\/users\/2"}],"replies":[{"embeddable":true,"href":"https:\/\/www.europesays.com\/pt\/wp-json\/wp\/v2\/comments?post=152021"}],"version-history":[{"count":0,"href":"https:\/\/www.europesays.com\/pt\/wp-json\/wp\/v2\/posts\/152021\/revisions"}],"wp:featuredmedia":[{"embeddable":true,"href":"https:\/\/www.europesays.com\/pt\/wp-json\/wp\/v2\/media\/152022"}],"wp:attachment":[{"href":"https:\/\/www.europesays.com\/pt\/wp-json\/wp\/v2\/media?parent=152021"}],"wp:term":[{"taxonomy":"category","embeddable":true,"href":"https:\/\/www.europesays.com\/pt\/wp-json\/wp\/v2\/categories?post=152021"},{"taxonomy":"post_tag","embeddable":true,"href":"https:\/\/www.europesays.com\/pt\/wp-json\/wp\/v2\/tags?post=152021"}],"curies":[{"name":"wp","href":"https:\/\/api.w.org\/{rel}","templated":true}]}}