{"id":152025,"date":"2025-11-14T19:03:43","date_gmt":"2025-11-14T19:03:43","guid":{"rendered":"https:\/\/www.europesays.com\/pt\/152025\/"},"modified":"2025-11-14T19:03:43","modified_gmt":"2025-11-14T19:03:43","slug":"guerreiras-do-k-pop-5-teorias-de-fas-que-vao-te-surpreender","status":"publish","type":"post","link":"https:\/\/www.europesays.com\/pt\/152025\/","title":{"rendered":"Guerreiras do K-Pop: 5 teorias de f\u00e3s que v\u00e3o te surpreender"},"content":{"rendered":"<p>Estreando na <a href=\"https:\/\/www.netflix.com\/br\/\" target=\"_blank\" rel=\"noopener nofollow\">Netflix<\/a> em junho deste ano, \u201cGuerreiras do K-Pop\u201d n\u00e3o demorou muito para se tornar um verdadeiro fen\u00f4meno global, assumindo o posto de filme mais assistido na hist\u00f3ria do servi\u00e7o de streaming. Al\u00e9m disso, desde ent\u00e3o, sua trilha sonora tem dominado os charts musicais internacionais, recebendo at\u00e9 mesmo quatro indica\u00e7\u00f5es ao Grammy Awards, principal premia\u00e7\u00e3o de m\u00fasica do mundo.<\/p>\n<p>Com seu enorme sucesso e legi\u00e3o de f\u00e3s que cresce a cada dia, \u00e9 comum que os admiradores da trama passem a pedir por maiores explica\u00e7\u00f5es dos acontecimentos do <a href=\"https:\/\/recreio.com.br\/tags\/filmes\" target=\"_blank\" rel=\"noopener nofollow\">filme<\/a> \u2014 tanto \u00e9 que, para dar continuidade \u00e0 trama, a Netflix e Sony Animations confirmaram uma sequ\u00eancia para 2029.<\/p>\n<p>Por\u00e9m, enquanto o novo longa n\u00e3o chega, diferentes internautas passaram a discutir variadas teorias criadas pelos pr\u00f3prios f\u00e3s que buscam responder questionamentos que permanecem em aberto no enredo. Confira alguns!<\/p>\n<p> 1. A chave para derrotar Gwi-Ma <\/p>\n<p>Na hist\u00f3ria do filme, ao longo dos anos, todas as ca\u00e7adoras de dem\u00f4nios seguem o mesmo objetivo: proteger e fortalecer o Honmoon com suas m\u00fasicas, derrotar os dem\u00f4nios e tentar acabar com seu grande l\u00edder, <a href=\"https:\/\/pt.wikipedia.org\/wiki\/KPop_Demon_Hunters\" target=\"_blank\" rel=\"noopener nofollow\">Gwi-Ma<\/a> \u2014 algo que Rumi consegue ao final do longa.<\/p>\n<p>\t <img loading=\"lazy\" decoding=\"async\" class=\"size-full wp-image-56152 img-fluid lazy\" alt=\"\" width=\"1280\" height=\"720\" src=\"https:\/\/www.europesays.com\/pt\/wp-content\/uploads\/2025\/11\/Gwi-Ma-Guerreiras-do-K-pop.jpg\"  \/>Gwi-Ma em cena de \u2018Guerreiras do K-pop\u2019 \u2013 Reprodu\u00e7\u00e3o\/Netflix <\/p>\n<p>No Reddit, o usu\u00e1rio <a href=\"https:\/\/www.reddit.com\/r\/KpopDemonhunters\/comments\/1mpd192\/comment\/n8itydt\/?utm_source=embedv2&amp;utm_medium=comment_embed&amp;utm_content=whitespace&amp;embed_host_url=https%3A%2F%2Fwww.koreaboo.com%2Flists%2Fkpop-demon-hunters-sequel-release-date-fan-theories%2F\" target=\"_blank\" rel=\"noopener nofollow\">israwrld<\/a> teoriza que Rumi s\u00f3 foi capaz de derrot\u00e1-lo por ser filha de uma ca\u00e7adora de dem\u00f4nios com um dem\u00f4nio. Para fortalecer sua hip\u00f3tese, o internauta diz que o trecho do mantra das ca\u00e7adoras, \u201cConserte o mundo e o torne certo, quando a escurid\u00e3o finalmente encontrar a luz\u201d, na verdade, n\u00e3o significa a batalha entre a luz (ca\u00e7adoras de dem\u00f4nios) e escurid\u00e3o (os seres do submundo), mas sim a uni\u00e3o entre eles \u2014 fato que aconteceu com os pais da protagonista, e com a pr\u00f3pria Rumi quando ela recebe a alma de Jinu na disputa contra Gwi-Ma.<\/p>\n<p> 2. Outras ca\u00e7adoras de dem\u00f4nios? <\/p>\n<p>Ser\u00e1 que tr\u00eas pessoas s\u00e3o o suficiente para proteger o mundo inteiro dos dem\u00f4nios? Conforme repercutido pelo portal Koreaboo, o usu\u00e1rio do Reddit <a href=\"https:\/\/www.reddit.com\/r\/KpopDemonhunters\/comments\/1mpd192\/comment\/n8isrna\/?utm_source=embedv2&amp;utm_medium=comment_embed&amp;utm_content=whitespace&amp;embed_host_url=https%3A%2F%2Fwww.koreaboo.com%2Flists%2Fkpop-demon-hunters-sequel-release-date-fan-theories%2F\" target=\"_blank\" rel=\"noopener nofollow\">lowbrassdude<\/a> afirma que n\u00e3o. Para ele, existe uma rede de ca\u00e7adores de dem\u00f4nio ao redor do globo, que dividem a responsabilidade de proteger os humanos dos ataques em diferentes pa\u00edses.<\/p>\n<p> <img loading=\"lazy\" decoding=\"async\" class=\"size-full wp-image-58000 img-fluid lazy\" alt=\"\" width=\"1280\" height=\"720\" src=\"https:\/\/www.europesays.com\/pt\/wp-content\/uploads\/2025\/11\/guerreiras-do-kpop-cacadoras-de-demonios-capa.jpg\"  \/>Ca\u00e7adoras de dem\u00f4nios de outras \u00e9pocas em \u2018Guerreiras do K-Pop\u2019 (2025) \u2013 Reprodu\u00e7\u00e3o\/Netflix <\/p>\n<p>Mais do que isso, o internauta tamb\u00e9m defende a hip\u00f3tese de que as amea\u00e7as e os g\u00eaneros musicais de cada grupo seriam diferentes em cada regi\u00e3o, citando como exemplos \u201cPunk rock brit\u00e2nico contra lobisomens, power metal escandinavo contra drag\u00f5es\u201d, entre outros.<\/p>\n<p> 3. Boygroup diferente <\/p>\n<p>Como era a vida dos Saja Boys antes de se tornarem dem\u00f4nios? No filme, descobrimos o passado apenas de Jinu, por\u00e9m, no Reddit, o usu\u00e1rio <a href=\"https:\/\/www.reddit.com\/r\/KpopDemonhunters\/comments\/1mpd192\/comment\/n8jggk1\/?utm_source=embedv2&amp;utm_medium=comment_embed&amp;utm_content=whitespace&amp;embed_host_url=https%3A%2F%2Fwww.koreaboo.com%2Flists%2Fkpop-demon-hunters-sequel-release-date-fan-theories%2F\" target=\"_blank\" rel=\"noopener nofollow\">AlexleHoshi<\/a> desenvolveu uma teoria de que pode responder esse mist\u00e9rio.<\/p>\n<p>\t <img loading=\"lazy\" decoding=\"async\" class=\"size-full wp-image-58002 img-fluid lazy\" alt=\"\" width=\"1280\" height=\"720\" src=\"https:\/\/www.europesays.com\/pt\/wp-content\/uploads\/2025\/11\/guerreiras-do-kpop-boygroup-quadro-capa.jpg\"  \/>Quadro de boygroup no consult\u00f3rio do curandeiro Han \u2013 Reprodu\u00e7\u00e3o\/Netflix <\/p>\n<p>O internauta aponta que, no consult\u00f3rio do curandeiro Han, \u00e9 poss\u00edvel ver fotos de diferentes artistas. Entre eles, se destaca a foto de quatro garotos ao lado do m\u00e9dico, que podem ser as vers\u00f5es humanas de Abby, Mystery, Romance e Baby antes de serem dominados por Gwi-Ma.<\/p>\n<p> 4. \u201cTakedown\u201d foi mais perigosa que os Saja Boys <\/p>\n<p>Conforme os Saja Boys aumentavam sua popularidade por meio de suas m\u00fasicas, o Honmoon, barreira m\u00e1gica protetora que impede a passagem de dem\u00f4nios, ficava cada vez mais fraca. Por\u00e9m, os usu\u00e1rios do Reddit <a href=\"http:\/\/reddit.com\/r\/KpopDemonhunters\/comments\/1mpd192\/give_me_your_best_kdh_theory_and_tell_me_why_you\/n8jg1ga\/?utm_source=embedv2&amp;utm_medium=comment_embed&amp;utm_content=whitespace&amp;embed_host_url=https:\/\/www.koreaboo.com\/lists\/kpop-demon-hunters-sequel-release-date-fan-theories\/\" rel=\"nofollow noopener\" target=\"_blank\">Jumpy_Ad_2049<\/a> e <a href=\"https:\/\/www.reddit.com\/r\/KpopDemonhunters\/comments\/1mpd192\/comment\/n8jrtn9\/?utm_source=embedv2&amp;utm_medium=comment_embed&amp;utm_content=whitespace&amp;embed_host_url=https%3A%2F%2Fwww.koreaboo.com%2Flists%2Fkpop-demon-hunters-sequel-release-date-fan-theories%2F\" target=\"_blank\" rel=\"noopener nofollow\">DoubleMidnight802<\/a> apontam que, na verdade, \u201cTakedown\u201d, das HUNTR\/X, teria causado mais dano do que o boygroup.<\/p>\n<p>De acordo com os f\u00e3s, \u201cTakedown\u201d teria sido mais perigosa ao Honmoon do que os Saja Boys por ser uma m\u00fasica repleta de negatividade, al\u00e9m de ter sido a faixa que deu in\u00edcio ao desentendimento entre Rumi, Mira e Zoey.<\/p>\n<p> 5. Celine vs. m\u00e3e de Rumi <\/p>\n<p>O destino da m\u00e3e de Rumi \u00e9 um dos maiores mist\u00e9rios do filme. Tudo o que sabemos \u00e9 que ela faleceu quando a filha ainda era pequena, e que a garota passou a ser criada por Celine, ex-colega de grupo da m\u00e3e \u2014 que tamb\u00e9m era ca\u00e7adora de dem\u00f4nios.<\/p>\n<p> <img loading=\"lazy\" decoding=\"async\" class=\"size-full wp-image-58001 img-fluid lazy\" alt=\"\" width=\"1280\" height=\"720\" src=\"https:\/\/www.europesays.com\/pt\/wp-content\/uploads\/2025\/11\/guerreiras-do-kpop-sunlight-sisters-capa.jpg\"  \/>Sunlight Sisters, girlgroup de Celine e a m\u00e3e de Rumi \u2013 Reprodu\u00e7\u00e3o\/Netflix <\/p>\n<p>Por\u00e9m, alguns f\u00e3s justificaram o acontecimento por meio de uma teoria sombria: Celine teria sido a respons\u00e1vel por matar Ryu Mi-yeong, m\u00e3e de Rumi, podendo ser de forma acidental ou n\u00e3o. No Reddit, o usu\u00e1rio <a href=\"https:\/\/www.reddit.com\/r\/KpopDemonhunters\/comments\/1mpd192\/comment\/n8jtol4\/?utm_source=embedv2&amp;utm_medium=comment_embed&amp;utm_content=whitespace&amp;embed_host_url=https%3A%2F%2Fwww.koreaboo.com%2Flists%2Fkpop-demon-hunters-sequel-release-date-fan-theories%2F\" target=\"_blank\" rel=\"noopener nofollow\">SkyeMreddit<\/a> diz que \u201cCeline matou Mi-Yeong acidentalmente ao tentar derrotar o pai demon\u00edaco de Rumi, e Mi-Yeong se jogou na frente no \u00faltimo segundo para proteg\u00ea-lo\u201d.<\/p>\n<p>J\u00e1 o usu\u00e1rio <a href=\"https:\/\/www.reddit.com\/r\/KpopDemonhunters\/comments\/1mpd192\/comment\/n8j3qpp\/?utm_source=embedv2&amp;utm_medium=comment_embed&amp;utm_content=whitespace&amp;embed_host_url=https%3A%2F%2Fwww.koreaboo.com%2Flists%2Fkpop-demon-hunters-sequel-release-date-fan-theories%2F\" target=\"_blank\" rel=\"noopener nofollow\">BiggoYoun<\/a> defende a seguinte hip\u00f3tese: \u201cCeline matou Ryu Mi-yeong, e \u00e9 por isso que ela est\u00e1 sempre no cemit\u00e9rio. Quando ela diz a Rumi, ainda jovem, para esconder seus padr\u00f5es, na verdade, ela apenas projeta suas pr\u00f3prias inseguran\u00e7as e deseja ocultar as mem\u00f3rias da morte que causou\u201d.<\/p>\n<p>        <a href=\"https:\/\/recreio.com.br\/noticias\/author\/daniela-bazi\" rel=\"nofollow noopener\" target=\"_blank\">&#13;<br \/>\n          <img alt=\"Daniela Bazi\" src=\"https:\/\/www.europesays.com\/pt\/wp-content\/uploads\/2025\/11\/1763147023_278_701cc86240953f42e068ecf8a0bb18dadb05bc88d7e776f8edb20aaea33b4eea\"  class=\"avatar avatar-115 photo rounded-circle mr-3\" height=\"115\" width=\"115\" loading=\"lazy\" decoding=\"async\"\/>        <\/a><\/p>\n<p>Daniela Bazi \u00e9 jornalista graduada pela UNINOVE, e bruxa formada na Escola de Magia e Bruxaria de Hogwarts. Amante de anima\u00e7\u00f5es, filmes e s\u00e9ries, tamb\u00e9m \u00e9 f\u00e3 de divas pop, entusiasta da Disney e k-popper nas horas vagas.<\/p>\n","protected":false},"excerpt":{"rendered":"Estreando na Netflix em junho deste ano, \u201cGuerreiras do K-Pop\u201d n\u00e3o demorou muito para se tornar um verdadeiro&hellip;\n","protected":false},"author":2,"featured_media":152026,"comment_status":"","ping_status":"","sticky":false,"template":"","format":"standard","meta":{"footnotes":""},"categories":[141],"tags":[1415,114,115,148,4550,149,150,32,33],"class_list":{"0":"post-152025","1":"post","2":"type-post","3":"status-publish","4":"format-standard","5":"has-post-thumbnail","7":"category-musica","8":"tag-animacao","9":"tag-entertainment","10":"tag-entretenimento","11":"tag-filmes","12":"tag-guerreiras-do-k-pop","13":"tag-music","14":"tag-musica","15":"tag-portugal","16":"tag-pt"},"share_on_mastodon":{"url":"https:\/\/pubeurope.com\/@pt\/115549608768257559","error":""},"_links":{"self":[{"href":"https:\/\/www.europesays.com\/pt\/wp-json\/wp\/v2\/posts\/152025","targetHints":{"allow":["GET"]}}],"collection":[{"href":"https:\/\/www.europesays.com\/pt\/wp-json\/wp\/v2\/posts"}],"about":[{"href":"https:\/\/www.europesays.com\/pt\/wp-json\/wp\/v2\/types\/post"}],"author":[{"embeddable":true,"href":"https:\/\/www.europesays.com\/pt\/wp-json\/wp\/v2\/users\/2"}],"replies":[{"embeddable":true,"href":"https:\/\/www.europesays.com\/pt\/wp-json\/wp\/v2\/comments?post=152025"}],"version-history":[{"count":0,"href":"https:\/\/www.europesays.com\/pt\/wp-json\/wp\/v2\/posts\/152025\/revisions"}],"wp:featuredmedia":[{"embeddable":true,"href":"https:\/\/www.europesays.com\/pt\/wp-json\/wp\/v2\/media\/152026"}],"wp:attachment":[{"href":"https:\/\/www.europesays.com\/pt\/wp-json\/wp\/v2\/media?parent=152025"}],"wp:term":[{"taxonomy":"category","embeddable":true,"href":"https:\/\/www.europesays.com\/pt\/wp-json\/wp\/v2\/categories?post=152025"},{"taxonomy":"post_tag","embeddable":true,"href":"https:\/\/www.europesays.com\/pt\/wp-json\/wp\/v2\/tags?post=152025"}],"curies":[{"name":"wp","href":"https:\/\/api.w.org\/{rel}","templated":true}]}}