{"id":152029,"date":"2025-11-14T19:11:11","date_gmt":"2025-11-14T19:11:11","guid":{"rendered":"https:\/\/www.europesays.com\/pt\/152029\/"},"modified":"2025-11-14T19:11:11","modified_gmt":"2025-11-14T19:11:11","slug":"autocarro-choca-com-paragem-em-estocolmo-e-faz-tres-mortos-observador","status":"publish","type":"post","link":"https:\/\/www.europesays.com\/pt\/152029\/","title":{"rendered":"Autocarro choca com paragem em Estocolmo e faz tr\u00eas mortos \u2013 Observador"},"content":{"rendered":"<p>Um autocarro de dois andares colidiu contra uma paragem em Ostermalm, no centro de Estocolmo, na Su\u00e9cia, e provocou v\u00e1rios mortos, avan\u00e7a esta sexta-feira a Reuters, citando o jornal sueco <a href=\"https:\/\/www.aftonbladet.se\/nyheter\/a\/93ga5l\/liverapport-flera-doda-efter-olyckan-i-centrala-stockholm\" rel=\"nofollow noopener\" target=\"_blank\">Aftonbladet<\/a>.<\/p>\n<p>Embora ainda n\u00e3o existam dados oficiais, as autoridades apontam para a exist\u00eancia de v\u00e1rios mortos e feridos no local, recusando para j\u00e1 adiantar eventuais causas do incidente. Os jornais suecos Aftonbladet e Expressen referiram entretanto que <strong>ter\u00e3o morrido tr\u00eas pessoas<\/strong>. Para o local, nas imedia\u00e7\u00f5es da Universidade de Tecnologia, foram mobilizados servi\u00e7os de emerg\u00eancia m\u00e9dica, pol\u00edcia e bombeiros.<\/p>\n<blockquote class=\"twitter-tweet\" data-width=\"500\" data-dnt=\"true\">\n<p lang=\"en\" dir=\"ltr\"><a href=\"https:\/\/twitter.com\/hashtag\/BREAKING?src=hash&amp;ref_src=twsrc%5Etfw\" rel=\"nofollow noopener\" target=\"_blank\">#BREAKING<\/a>: Footage from Stockholm, Sweden as police confirm multiple fatalities after a bus plowed into a bus stop<\/p>\n<p>Driver under arrest \u2014 TV4 <a href=\"https:\/\/t.co\/7cgZScoezz\" rel=\"nofollow\">https:\/\/t.co\/7cgZScoezz<\/a> <a href=\"https:\/\/t.co\/FUIYyNTlfA\" rel=\"nofollow\">pic.twitter.com\/FUIYyNTlfA<\/a><\/p>\n<p>\u2014 Rapid Report (@RapidReport2025) <a href=\"https:\/\/twitter.com\/RapidReport2025\/status\/1989354574281601171?ref_src=twsrc%5Etfw\" rel=\"nofollow noopener\" target=\"_blank\">November 14, 2025<\/a><\/p>\n<\/blockquote>\n<p>Em declara\u00e7\u00f5es ao jornal sueco Aftonbladet, Sophie Gunnarsson, porta-voz da SL, a empresa respons\u00e1vel pela gest\u00e3o dos transportes p\u00fablicos da regi\u00e3o de Estocolmo, confirmou tratar-se de \u201cum incidente grave\u201d.<\/p>\n<p>\u201cAtualmente temos cinco v\u00edtimas, duas das quais est\u00e3o gravemente feridas e foram levadas para o hospital\u201d, afirmou Michelle Marcher, do servi\u00e7o de imprensa da regi\u00e3o de Estocolmo, citada pelo Aftonbladet.<\/p>\n<p>O comunicado da pol\u00edcia sobre o incidente refere que a zona de Valhallav\u00e4gen foi interditada entre as ruas Odengatan e Engelbrektsgatan e que o local ficou isolado para a recolha de provas.<\/p>\n<blockquote class=\"twitter-tweet\" data-width=\"500\" data-dnt=\"true\">\n<p lang=\"sv\" dir=\"ltr\">Allvarlig bussolycka p\u00e5 Valhallav\u00e4gen i Stockholm<\/p>\n<p>Vid 15-tiden p\u00e5 fredagseftermiddagen intr\u00e4ffade en allvarlig bussolycka p\u00e5 Valhallav\u00e4gen, n\u00e4ra Tekniska h\u00f6gskolan.<\/p>\n<p>Flera personer har blivit p\u00e5k\u00f6rda av en buss. <br \/>L\u00e4s mer: <a href=\"https:\/\/t.co\/EP6ZCeSSKO\" rel=\"nofollow\">https:\/\/t.co\/EP6ZCeSSKO<\/a><\/p>\n<p>\u2014 Krisinformation.se (@krisinformation) <a href=\"https:\/\/twitter.com\/krisinformation\/status\/1989358403580477559?ref_src=twsrc%5Etfw\" rel=\"nofollow noopener\" target=\"_blank\">November 14, 2025<\/a><\/p>\n<\/blockquote>\n<p>O alarme foi dado \u00e0s 15h23 desta sexta-feira e, segundo relatos divulgados na imprensa sueca, estavam muitas pessoas naquela zona de Estocolmo. De acordo com os servi\u00e7os de emerg\u00eancia, o autocarro pertence \u00e0 empresa Transdev e <strong>estaria fora de servi\u00e7o e sem passageiros a bordo<\/strong>.<\/p>\n<p>\u201cAcionamos a gest\u00e3o de crises nas nossas opera\u00e7\u00f5es para lidar com os funcion\u00e1rios. \u00c9 um evento terr\u00edvel que gera muitas emo\u00e7\u00f5es e choque em todos os envolvidos\u201d, afirma Lovisa \u00c5bom, respons\u00e1vel de comunica\u00e7\u00f5es da Transdev, citada pela imprensa sueca.<\/p>\n<p>O <strong>motorista do autocarro foi detido<\/strong>, com a investiga\u00e7\u00e3o da pol\u00edcia a abordar esta situa\u00e7\u00e3o como um aparente caso de homic\u00eddio.<\/p>\n<p>\u201cEst\u00e1 a ser investigado como homic\u00eddio involunt\u00e1rio. O motorista do autocarro foi detido, mas isso \u00e9 rotina em incidentes deste tipo\u201d, disse um porta-voz da pol\u00edcia, acrescentando que n\u00e3o havia informa\u00e7\u00f5es que indicassem que se tratasse de um ataque. A pol\u00edcia fez saber tamb\u00e9m que n\u00e3o iria tecer coment\u00e1rios sobre o n\u00famero, sexo ou idades das v\u00edtimas mortais ou feridas.<\/p>\n<p>O jornal <a href=\"https:\/\/www.expressen.se\/nyheter\/sverige\/buss-har-rammat-busskur-i-stockholm-flera-skadade\/\" rel=\"nofollow noopener\" target=\"_blank\">Expressen<\/a> apurou que o motorista <strong>n\u00e3o ter\u00e1 registo criminal e que se encontrar\u00e1 em estado de choque<\/strong> e transtornado com a situa\u00e7\u00e3o, num aparente caso de mal-estar s\u00fabito. At\u00e9 ao momento, a pol\u00edcia de Estocolmo rejeitou a exist\u00eancia de ind\u00edcios de que tivesse sido uma a\u00e7\u00e3o intencional do motorista, descartando poss\u00edveis motiva\u00e7\u00f5es terroristas.<\/p>\n<p>\u201cN\u00e3o h\u00e1 nada que indique isso, absolutamente nada. \u00c9 claro que tamb\u00e9m investigamos essas possibilidades, mas n\u00e3o temos conhecimento de nada sobre o incidente que aponte nessa dire\u00e7\u00e3o\u201d, disse Daniel Wikdahl, da Pol\u00edcia da capital sueca.<\/p>\n<p>Numa mensagem partilhada esta tarde na rede social X, o primeiro-ministro sueco, Ulf Kristersson, expressou a sua tristeza pelo incidente e apelou \u00e0 compreens\u00e3o pelos trabalhos de socorro e emerg\u00eancia no centro da cidade.<\/p>\n<p>\u201cRecebi a tr\u00e1gica not\u00edcia de que v\u00e1rias pessoas morreram e ficaram feridas numa paragem de autocarro no centro de Estocolmo. Pessoas que talvez estivessem a caminho de casa, para se reunirem com a fam\u00edlia, amigos ou para uma noite tranquila em casa. <strong>Ainda n\u00e3o sabemos a causa deste incidente<\/strong>, mas neste momento os meus pensamentos est\u00e3o principalmente com as v\u00edtimas e os seus familiares\u201d, afirmou.<\/p>\n<blockquote class=\"twitter-tweet\" data-width=\"500\" data-dnt=\"true\">\n<p lang=\"sv\" dir=\"ltr\">Jag har n\u00e5tts av det tragiska beskedet att flera personer har omkommit och skadats vid en bussh\u00e5llsplats i centrala Stockholm. M\u00e4nniskor som kanske var p\u00e5 v\u00e4g hem till familj, v\u00e4nner eller en lugn kv\u00e4ll hemma. <\/p>\n<p>Vi vet \u00e4nnu inte orsaken till detta, men just nu \u00e4r mina tankar\u2026<\/p>\n<p>\u2014 Ulf Kristersson (@SwedishPM) <a href=\"https:\/\/twitter.com\/SwedishPM\/status\/1989365122922336329?ref_src=twsrc%5Etfw\" rel=\"nofollow noopener\" target=\"_blank\">November 14, 2025<\/a><\/p>\n<\/blockquote>\n<p>Ulf Kristersson sublinhou tamb\u00e9m que a \u201cpol\u00edcia, as ambul\u00e2ncias e os servi\u00e7os de emerg\u00eancia t\u00eam agora um trabalho muito dif\u00edcil e importante a fazer\u201d, apelando a todos \u201cpara que demonstrem considera\u00e7\u00e3o e compreens\u00e3o pelo trabalho que est\u00e3o a realizar\u201d.<\/p>\n<p>A administra\u00e7\u00e3o da cidade de Estocolmo abriu j\u00e1 um centro de crise para apoiar as pessoas durante esta sexta-feira. \u201cAs pessoas que precisam conversar com algu\u00e9m sobre o que aconteceu s\u00e3o bem-vindas aqui\u201d, referiu a pol\u00edcia de Estocolmo no seu site oficial.<\/p>\n<p>(Not\u00edcia atualizada \u00e0s 17h25)<\/p>\n<p>            <script async src=\"https:\/\/platform.twitter.com\/widgets.js\" charset=\"utf-8\"><\/script><\/p>\n","protected":false},"excerpt":{"rendered":"Um autocarro de dois andares colidiu contra uma paragem em Ostermalm, no centro de Estocolmo, na Su\u00e9cia, e&hellip;\n","protected":false},"author":2,"featured_media":152030,"comment_status":"","ping_status":"","sticky":false,"template":"","format":"standard","meta":{"footnotes":""},"categories":[50],"tags":[59,27,28,445,15,16,14,25,26,21,22,62,12,13,19,20,23,24,58,11213,17,18,29,30,31,63,64,65],"class_list":{"0":"post-152029","1":"post","2":"type-post","3":"status-publish","4":"format-standard","5":"has-post-thumbnail","7":"category-mundo","8":"tag-acidente","9":"tag-breaking-news","10":"tag-breakingnews","11":"tag-europa","12":"tag-featured-news","13":"tag-featurednews","14":"tag-headlines","15":"tag-latest-news","16":"tag-latestnews","17":"tag-main-news","18":"tag-mainnews","19":"tag-mundo","20":"tag-news","21":"tag-noticias","22":"tag-noticias-principais","23":"tag-noticiasprincipais","24":"tag-principais-noticias","25":"tag-principaisnoticias","26":"tag-sociedade","27":"tag-suu00e9cia","28":"tag-top-stories","29":"tag-topstories","30":"tag-ultimas","31":"tag-ultimas-noticias","32":"tag-ultimasnoticias","33":"tag-world","34":"tag-world-news","35":"tag-worldnews"},"share_on_mastodon":{"url":"https:\/\/pubeurope.com\/@pt\/115549640182371987","error":""},"_links":{"self":[{"href":"https:\/\/www.europesays.com\/pt\/wp-json\/wp\/v2\/posts\/152029","targetHints":{"allow":["GET"]}}],"collection":[{"href":"https:\/\/www.europesays.com\/pt\/wp-json\/wp\/v2\/posts"}],"about":[{"href":"https:\/\/www.europesays.com\/pt\/wp-json\/wp\/v2\/types\/post"}],"author":[{"embeddable":true,"href":"https:\/\/www.europesays.com\/pt\/wp-json\/wp\/v2\/users\/2"}],"replies":[{"embeddable":true,"href":"https:\/\/www.europesays.com\/pt\/wp-json\/wp\/v2\/comments?post=152029"}],"version-history":[{"count":0,"href":"https:\/\/www.europesays.com\/pt\/wp-json\/wp\/v2\/posts\/152029\/revisions"}],"wp:featuredmedia":[{"embeddable":true,"href":"https:\/\/www.europesays.com\/pt\/wp-json\/wp\/v2\/media\/152030"}],"wp:attachment":[{"href":"https:\/\/www.europesays.com\/pt\/wp-json\/wp\/v2\/media?parent=152029"}],"wp:term":[{"taxonomy":"category","embeddable":true,"href":"https:\/\/www.europesays.com\/pt\/wp-json\/wp\/v2\/categories?post=152029"},{"taxonomy":"post_tag","embeddable":true,"href":"https:\/\/www.europesays.com\/pt\/wp-json\/wp\/v2\/tags?post=152029"}],"curies":[{"name":"wp","href":"https:\/\/api.w.org\/{rel}","templated":true}]}}