{"id":15203,"date":"2025-08-04T08:24:19","date_gmt":"2025-08-04T08:24:19","guid":{"rendered":"https:\/\/www.europesays.com\/pt\/15203\/"},"modified":"2025-08-04T08:24:19","modified_gmt":"2025-08-04T08:24:19","slug":"tudo-que-muda-na-vida-dos-personagens-depois-da-morte-de-abel","status":"publish","type":"post","link":"https:\/\/www.europesays.com\/pt\/15203\/","title":{"rendered":"tudo que muda na vida dos personagens depois da morte de Abel"},"content":{"rendered":"<p>                        <a href=\"https:\/\/img.nsctotal.com.br\/wp-content\/uploads\/2025\/08\/Samuel-passa-a-investigar-a-morte-do-pai-em-Dona-de-Mim.jpg\" data-caption=\"Samuel passa a investigar a morte do pai em Dona de Mim\" aria-label=\"Samuel passa a investigar a morte do pai em Dona de Mim\" rel=\"nofollow noopener\" target=\"_blank\"><img width=\"944\" height=\"531\" src=\"https:\/\/www.europesays.com\/pt\/wp-content\/uploads\/2025\/08\/Samuel-passa-a-investigar-a-morte-do-pai-em-Dona-de-Mim-944x531.jpg\" class=\"attachment-custom-large size-custom-large article-featured-image\" alt=\"Samuel passa a investigar a morte do pai em Dona de Mim\" fetchpriority=\"high\" decoding=\"async\"  \/><\/a><\/p>\n<p>Samuel passa a investigar a morte do pai em Dona de Mim (Foto: Divulga\u00e7\u00e3o, Globo)<\/p>\n<p>A morte de Abel (Tony Ramos) vai mudar a vida de todo mundo em Dona de Mim. O principal impacto ser\u00e1 nos destinos dos quatro filhos dele, Samuel (Juan Paiva), Ayla (Bel Lima), Davi (Raffa Vitti) e Sofia (Elis Cabral). Al\u00e9m da m\u00e3e Rosa (Suely Franco) e Filipa (Claudia Abreu), vai sobrar at\u00e9 para Leo (Clara Moneke).<\/p>\n<p>Continua depois da publicidade<\/p>\n<p>Primeiro, o principal beneficiado com a morte de Abel ser\u00e1 justamente quem provocou sua morte. Jaques (Marcello Novaes) assume a presid\u00eancia da Boaz, se muda para a mans\u00e3o e passa a comandar tudo no lugar do irm\u00e3o, como sempre sonhou.<\/p>\n<p>Ele tamb\u00e9m vai come\u00e7ar a fazer altera\u00e7\u00f5es na f\u00e1brica, incluindo demiss\u00f5es em massa, que ser\u00e3o impedidas por Rosa. O vil\u00e3o ainda vai atr\u00e1s do passado de Abel, vasculhando arm\u00e1rios e gavetas e descobrindo que ele era est\u00e9ril, e que provavelmente n\u00e3o \u00e9 pai biol\u00f3gico de nenhum dos filhos.<\/p>\n<p>A vida de <strong><a href=\"https:\/\/gshow.globo.com\/novelas\/dona-de-mim\/personagem\/filipa\/\" target=\"_blank\" rel=\"noreferrer noopener nofollow\">Filipa<\/a><\/strong> tamb\u00e9m vai mudar muito. Primeiro ela vai em busca de emprego e come\u00e7a a esquecer de tomar seus rem\u00e9dios. Em crise, ela quase ser\u00e1 abusada por Jaques, e acabar\u00e1 cedendo aos galanteios do cunhado.<\/p>\n<p>Continua depois da publicidade<\/p>\n<p><strong><a href=\"https:\/\/www.nsctotal.com.br\/noticias\/abel-reaparece-pela-primeira-vez-depois-de-morrer-em-dona-de-mim\" target=\"_blank\" rel=\"noreferrer noopener nofollow\">Abel reaparece pela primeira vez depois de morrer em Dona de Mim<\/a><\/strong><\/p>\n<p>Sofia \u00e9 a que mais sofre depois da morte de Abel em Dona de Mim<\/p>\n<p>Quem mais vai sofrer na verdade \u00e9 Sofia. Sem o pai que sempre a protegeu, e depois de ter sido sequestrada por Vanderson (Armando Babaioff), a menina come\u00e7ar\u00e1 a bater de frente com o tio quando ele se mudar para a mans\u00e3o.<\/p>\n<p>Ela vai jogar as guitarras de Jaques na piscina. Isso o deixa furioso e ele amea\u00e7a expuls\u00e1-la da mans\u00e3o. \u00c9 quando Samuel acaba levando a menina para ficar um tempo na casa de Ayla, para evitar novos conflitos. Nessa hora, tanto Samuel quanto Davi estar\u00e3o tentando ficar com a guarda de Sofia, agora que Abel morreu e Vanderson est\u00e1 foragido.<\/p>\n<p>No entanto, o juiz vai acabar dando a guarda provis\u00f3ria da menina para a bab\u00e1. Leo vai ficar respons\u00e1vel por tomar conta da menina e isso muda a vida das duas. Leo levar\u00e1 Sofia para morar com ela em sua casa, e a menina passa a ter uma vida sem luxos, indo estudar em escola p\u00fablica.<\/p>\n<p>Continua depois da publicidade<\/p>\n<p>Veja as fotos da comemora\u00e7\u00e3o dos 60 anos da Boaz<a href=\"https:\/\/www.europesays.com\/pt\/wp-content\/uploads\/2025\/07\/Festa-dos-60-anos-da-Boaz-em-Dona-de-Mim-2.jpg\"><a href=\"https:\/\/www.europesays.com\/pt\/wp-content\/uploads\/2025\/07\/Festa-dos-60-anos-da-Boaz-em-Dona-de-Mim-2.jpg\" aria-label=\"Imagem da Galeria\"><img loading=\"lazy\" decoding=\"async\" width=\"1200\" height=\"675\" data-id=\"7592520\" src=\"https:\/\/www.europesays.com\/pt\/wp-content\/uploads\/2025\/07\/Festa-dos-60-anos-da-Boaz-em-Dona-de-Mim-2.jpg\" alt=\"\" class=\"wp-image-7592520\"  \/><\/a><\/p>\n<p>Abel discursa na festa da Boaz (Foto: Divulga\u00e7\u00e3o, Globo)<\/p>\n<p><a href=\"https:\/\/www.europesays.com\/pt\/wp-content\/uploads\/2025\/07\/Festa-dos-60-anos-da-Boaz-em-Dona-de-Mim-5.jpg\"><a href=\"https:\/\/www.europesays.com\/pt\/wp-content\/uploads\/2025\/07\/Festa-dos-60-anos-da-Boaz-em-Dona-de-Mim-5.jpg\" aria-label=\"Imagem da Galeria\"><img loading=\"lazy\" decoding=\"async\" width=\"1200\" height=\"675\" data-id=\"7592527\" src=\"https:\/\/www.europesays.com\/pt\/wp-content\/uploads\/2025\/07\/Festa-dos-60-anos-da-Boaz-em-Dona-de-Mim-5.jpg\" alt=\"\" class=\"wp-image-7592527\"  \/><\/a><\/p>\n<p>Lui Lorenzo de Vai na F\u00e9 volta em Dona de Mim (Foto: Divulga\u00e7\u00e3o, Globo)<\/p>\n<p><a href=\"https:\/\/www.europesays.com\/pt\/wp-content\/uploads\/2025\/07\/1753813691_Festa-dos-60-anos-da-Boaz-em-Dona-de-Mim.jpg\"><a href=\"https:\/\/www.europesays.com\/pt\/wp-content\/uploads\/2025\/07\/1753813691_Festa-dos-60-anos-da-Boaz-em-Dona-de-Mim.jpg\" aria-label=\"Imagem da Galeria\"><img loading=\"lazy\" decoding=\"async\" width=\"1200\" height=\"675\" data-id=\"7592531\" src=\"https:\/\/www.europesays.com\/pt\/wp-content\/uploads\/2025\/07\/1753813691_Festa-dos-60-anos-da-Boaz-em-Dona-de-Mim.jpg\" alt=\"Festa dos 60 anos da Boaz em Dona de Mim\" class=\"wp-image-7592531\"  \/><\/a><\/p>\n<p>Jaques fala com Abel (Foto: Divulga\u00e7\u00e3o, Globo)<\/p>\n<p><a href=\"https:\/\/www.europesays.com\/pt\/wp-content\/uploads\/2025\/07\/Festa-dos-60-anos-da-Boaz-em-Dona-de-Mim-6.jpg\"><a href=\"https:\/\/www.europesays.com\/pt\/wp-content\/uploads\/2025\/07\/Festa-dos-60-anos-da-Boaz-em-Dona-de-Mim-6.jpg\" aria-label=\"Imagem da Galeria\"><img loading=\"lazy\" decoding=\"async\" width=\"1200\" height=\"675\" data-id=\"7592529\" src=\"https:\/\/www.europesays.com\/pt\/wp-content\/uploads\/2025\/07\/Festa-dos-60-anos-da-Boaz-em-Dona-de-Mim-6.jpg\" alt=\"\" class=\"wp-image-7592529\"  \/><\/a><\/p>\n<p>Funcion\u00e1rias da f\u00e1brica durante o show (Foto: Divulga\u00e7\u00e3o, Globo)<\/p>\n<p><a href=\"https:\/\/www.europesays.com\/pt\/wp-content\/uploads\/2025\/07\/Festa-dos-60-anos-da-Boaz-em-Dona-de-Mim-7.jpg\"><a href=\"https:\/\/www.europesays.com\/pt\/wp-content\/uploads\/2025\/07\/Festa-dos-60-anos-da-Boaz-em-Dona-de-Mim-7.jpg\" aria-label=\"Imagem da Galeria\"><img loading=\"lazy\" decoding=\"async\" width=\"1200\" height=\"675\" data-id=\"7592530\" src=\"https:\/\/www.europesays.com\/pt\/wp-content\/uploads\/2025\/07\/Festa-dos-60-anos-da-Boaz-em-Dona-de-Mim-7.jpg\" alt=\"\" class=\"wp-image-7592530\"  \/><\/a><\/p>\n<p>Abel feliz com a data comemorativa (Foto: Divulga\u00e7\u00e3o, Globo)<\/p>\n<p><a href=\"https:\/\/www.europesays.com\/pt\/wp-content\/uploads\/2025\/07\/Festa-dos-60-anos-da-Boaz-em-Dona-de-Mim-3.jpg\"><a href=\"https:\/\/www.europesays.com\/pt\/wp-content\/uploads\/2025\/07\/Festa-dos-60-anos-da-Boaz-em-Dona-de-Mim-3.jpg\" aria-label=\"Imagem da Galeria\"><img loading=\"lazy\" decoding=\"async\" width=\"1200\" height=\"675\" data-id=\"7592522\" src=\"https:\/\/www.europesays.com\/pt\/wp-content\/uploads\/2025\/07\/Festa-dos-60-anos-da-Boaz-em-Dona-de-Mim-3.jpg\" alt=\"\" class=\"wp-image-7592522\"  \/><\/a><\/p>\n<p>O discurso de Abel (Foto: Divulga\u00e7\u00e3o, Globo)<\/p>\n<p><a href=\"https:\/\/www.europesays.com\/pt\/wp-content\/uploads\/2025\/07\/Festa-dos-60-anos-da-Boaz-em-Dona-de-Mim-4.jpg\"><a href=\"https:\/\/www.europesays.com\/pt\/wp-content\/uploads\/2025\/07\/Festa-dos-60-anos-da-Boaz-em-Dona-de-Mim-4.jpg\" aria-label=\"Imagem da Galeria\"><img loading=\"lazy\" decoding=\"async\" width=\"1200\" height=\"675\" data-id=\"7592524\" src=\"https:\/\/www.europesays.com\/pt\/wp-content\/uploads\/2025\/07\/Festa-dos-60-anos-da-Boaz-em-Dona-de-Mim-4.jpg\" alt=\"\" class=\"wp-image-7592524\"  \/><\/a><\/p>\n<p>Fam\u00edlia Boaz (Foto: Divulga\u00e7\u00e3o, Globo)<\/p>\n<p>VoltarAvan\u00e7ar<\/p>\n<p><strong><a href=\"https:\/\/www.nsctotal.com.br\/noticias\/abel-morre-em-dona-de-mim-e-decisao-arriscada-pode-mudar-tudo-na-novela\" target=\"_blank\" rel=\"noreferrer noopener nofollow\">Abel morre em Dona de Mim e decis\u00e3o arriscada pode mudar tudo na novela<\/a><\/strong><\/p>\n","protected":false},"excerpt":{"rendered":"Samuel passa a investigar a morte do pai em Dona de Mim (Foto: Divulga\u00e7\u00e3o, Globo) A morte de&hellip;\n","protected":false},"author":2,"featured_media":15204,"comment_status":"","ping_status":"","sticky":false,"template":"","format":"standard","meta":{"footnotes":""},"categories":[142],"tags":[114,115,32,33,151,543],"class_list":{"0":"post-15203","1":"post","2":"type-post","3":"status-publish","4":"format-standard","5":"has-post-thumbnail","7":"category-tv","8":"tag-entertainment","9":"tag-entretenimento","10":"tag-portugal","11":"tag-pt","12":"tag-tv","13":"tag-ver-ouvir-ler"},"share_on_mastodon":{"url":"","error":""},"_links":{"self":[{"href":"https:\/\/www.europesays.com\/pt\/wp-json\/wp\/v2\/posts\/15203","targetHints":{"allow":["GET"]}}],"collection":[{"href":"https:\/\/www.europesays.com\/pt\/wp-json\/wp\/v2\/posts"}],"about":[{"href":"https:\/\/www.europesays.com\/pt\/wp-json\/wp\/v2\/types\/post"}],"author":[{"embeddable":true,"href":"https:\/\/www.europesays.com\/pt\/wp-json\/wp\/v2\/users\/2"}],"replies":[{"embeddable":true,"href":"https:\/\/www.europesays.com\/pt\/wp-json\/wp\/v2\/comments?post=15203"}],"version-history":[{"count":0,"href":"https:\/\/www.europesays.com\/pt\/wp-json\/wp\/v2\/posts\/15203\/revisions"}],"wp:featuredmedia":[{"embeddable":true,"href":"https:\/\/www.europesays.com\/pt\/wp-json\/wp\/v2\/media\/15204"}],"wp:attachment":[{"href":"https:\/\/www.europesays.com\/pt\/wp-json\/wp\/v2\/media?parent=15203"}],"wp:term":[{"taxonomy":"category","embeddable":true,"href":"https:\/\/www.europesays.com\/pt\/wp-json\/wp\/v2\/categories?post=15203"},{"taxonomy":"post_tag","embeddable":true,"href":"https:\/\/www.europesays.com\/pt\/wp-json\/wp\/v2\/tags?post=15203"}],"curies":[{"name":"wp","href":"https:\/\/api.w.org\/{rel}","templated":true}]}}