{"id":152033,"date":"2025-11-14T19:14:19","date_gmt":"2025-11-14T19:14:19","guid":{"rendered":"https:\/\/www.europesays.com\/pt\/152033\/"},"modified":"2025-11-14T19:14:19","modified_gmt":"2025-11-14T19:14:19","slug":"patrimonio-de-marina-ruy-barbosa-saiba-de-onde-vem-a-fortuna-da-atriz","status":"publish","type":"post","link":"https:\/\/www.europesays.com\/pt\/152033\/","title":{"rendered":"Patrim\u00f4nio de Marina Ruy Barbosa: Saiba de onde vem a fortuna da atriz"},"content":{"rendered":"<p>A atriz <a href=\"https:\/\/caras.com.br\/tags\/marina-ruy-barbosa\" rel=\"nofollow noopener\" target=\"_blank\"><strong>Marina Ruy Barbosa<\/strong><\/a> conquistou o Brasil desde a inf\u00e2ncia com seus trabalhos na televis\u00e3o. Ao longo dos anos, ela construiu um patrim\u00f4nio milion\u00e1rio com seu talento e se consolidou como uma das mulheres mais ricas e influentes do pa\u00eds. Mas, afinal, como a ruiva transformou sua carreira art\u00edstica em um imp\u00e9rio multimilion\u00e1rio?<\/p>\n<p>\t A fortuna estimada <\/p>\n<p>A atriz Marina Ruy Barbosa n\u00e3o fala em valores, mas existem rumores sobre a fortuna que ela acumulou ao longo da vida. Em 2023, os rumores diziam que <a href=\"https:\/\/caras.com.br\/novelas\/saiba-qual-e-o-valor-da-fortuna-da-atriz-marina-ruy-barbosa.phtml\" rel=\"nofollow noopener\" target=\"_blank\">a fortuna da ruiva era estimada em R$ 300 milh\u00f5es<\/a>, informou o colunista Leo Dias. Caso isso seja verdade, hoje em dia, o patrim\u00f4nio dela deve estar ainda maior.<\/p>\n<p> O sal\u00e1rio na televis\u00e3o <\/p>\n<p>Desde muito jovem, Marina demonstrou talento e profissionalismo, o que a levou a pap\u00e9is de destaque nas principais produ\u00e7\u00f5es da televis\u00e3o brasileira. Por anos, ela esteve no topo da lista das atrizes mais bem pagas da sua antiga emissora, a TV Globo.<\/p>\n<p>Segundo rumores no mundo das celebridades mercado, o sal\u00e1rio mensal dela na Globo chegou a cifras elevadas, sendo especulado em torno de R$ 300 mil na \u00e9poca em que atuava em novelas na vida adulta.<\/p>\n<p>No entanto, isso ficou no passado. H\u00e1 alguns anos, Marina abriu m\u00e3o do contrato fixo na Globo para explorar outros desafios art\u00edsticos, o que tamb\u00e9m deu novas possibilidades de renda para ela.<\/p>\n<p> O poder das campanhas publicit\u00e1rias e redes sociais <\/p>\n<p>O dinheiro da atriz n\u00e3o vem apenas da atua\u00e7\u00e3o em novelas e s\u00e9ries. Marina Ruy Barbosa \u00e9 um \u00edcone de moda e beleza, uma das celebridades brasileiras com maior poder de engajamento nas redes sociais, com dezenas de milh\u00f5es de seguidores. Essa for\u00e7a a torna um alvo cobi\u00e7ado para as maiores marcas nacionais e internacionais.<\/p>\n<p>Ela tamb\u00e9m construiu seu patrim\u00f4nio milion\u00e1rio com os cach\u00eas pagos por campanhas publicit\u00e1rias e presen\u00e7as VIP em eventos de luxo. Inclusive, ela j\u00e1 fez parcerias com marcas sofisticadas at\u00e9 para mudar o visual. Recentemente, a atriz adotou um tom loiro platinado, que foi fruto de uma a\u00e7\u00e3o publicit\u00e1ria grandiosa.<\/p>\n<p> A empres\u00e1ria de sucesso: O imp\u00e9rio da moda <\/p>\n<p>Um dos pilares mais s\u00f3lidos da fortuna de Marina \u00e9 seu lado empreendedor. A atriz mergulhou no mundo dos neg\u00f3cios e lan\u00e7ou sua pr\u00f3pria marca de moda.\u00a0Criada em 2020, a marca de roupas Ginger nasceu com foco em sustentabilidade e autenticidade. O sucesso da empreitada a consolidou n\u00e3o apenas como atriz, mas como uma empres\u00e1ria de destaque no mercado fashion.<\/p>\n<p>\t Investimentos e im\u00f3veis de Luxo <\/p>\n<p>Acredita-se que a fortuna acumulada da ruiva \u00e9 gerida de forma estrat\u00e9gica, com investimentos s\u00f3lidos em im\u00f3veis de alt\u00edssimo padr\u00e3o e aplica\u00e7\u00f5es financeiras. Ela vive em uma mans\u00e3o luxuosa no Rio de Janeiro, que ela j\u00e1 mostrou nas redes sociais em v\u00e1rias fotos. <a href=\"https:\/\/caras.com.br\/decoracao\/marrina-ruy-barbosa-impressiona-ao-mostrar-detalhes-de-decoracao-luxuosa-de-sua-casa.phtml\" rel=\"nofollow noopener\" target=\"_blank\">Confira aqui<\/a>.<\/p>\n<p>Aos 28 anos, Marina Ruy Barbosa transcendeu o r\u00f3tulo de \u201capenas atriz\u201d e se tornou uma pot\u00eancia no mundo dos neg\u00f3cios, combinando um extenso curr\u00edculo art\u00edstico com uma vis\u00e3o empresarial afiada. Seu patrim\u00f4nio milion\u00e1rio \u00e9 o resultado de uma carreira multifacetada, que une o sucesso na TV, o poder de influ\u00eancia nas redes e o empreendedorismo inteligente.<\/p>\n<p> O sucesso mais recente de Marina Ruy Barbosa <\/p>\n<p>O sucesso mais recente da carreira de Marina Ruy Barbosa \u00e9 a s\u00e9rie <a href=\"https:\/\/caras.com.br\/tags\/tremembe\" rel=\"nofollow noopener\" target=\"_blank\">Trememb\u00e9<\/a>, do Prime Video, que conta do pres\u00eddio que recebe presos que tiveram grande repercuss\u00e3o na m\u00eddia. Na trama, ela interpretou Suzane von Richtofen, uma mulher que foi mandante do assassinato dos pr\u00f3prios pais. No projeto, a ruiva se destacou pela sua entrega \u00e0 personagem e o talento em cenas marcantes.<\/p>\n<p>Na \u00e9poca de divulga\u00e7\u00e3o do projeto, Marina contou que n\u00e3o encontrou pessoalmente com Suzane. \u201cN\u00e3o tive nenhum contato com ela e tamb\u00e9m nunca nem fez parte do meu processo criativo essa vontade. Eu acho que s\u00e3o coisas que caminham separadamente, apesar de serem t\u00e3o juntas\u201d, afirmou ela, e completou: \u201cEu acho que, na verdade, esses crimes continuam acontecendo direto, a gente v\u00ea uma not\u00edcia que choca, mas ela passa um pouco mais r\u00e1pido para a gente. Ela n\u00e3o atravessa do jeito que esses casos atravessaram a gente na \u00e9poca que eles aconteceram. Eu acho que [isso acontece] pelo excesso de informa\u00e7\u00e3o. Isso tudo tamb\u00e9m vale para um debate. Eu acho que a s\u00e9rie traz diversos debates que quem assistir direito vai entender, compreender, refletir, pensar, conversar com um colega do lado, um amigo, vai repensar em v\u00e1rias coisas\u201c.<\/p>\n<blockquote class=\"instagram-media\" style=\"background: #FFF; border: 0; border-radius: 3px; box-shadow: 0 0 1px 0 rgba(0,0,0,0.5),0 1px 10px 0 rgba(0,0,0,0.15); margin: 1px; max-width: 540px; min-width: 326px; padding: 0; width: calc(100% - 2px);\" data-instgrm-captioned=\"\" data-instgrm-permalink=\"https:\/\/www.instagram.com\/reel\/DRAGjs1jdih\/?utm_source=ig_embed&amp;utm_campaign=loading\" data-instgrm-version=\"14\"><\/blockquote>\n<p>  8 fotos de looks estilosos de Marina Ruy Barbosa <img loading=\"lazy\" decoding=\"async\" class=\"wp-image-1024723 size-full img-fluid lazy\" alt=\"Marina Ruy Barbosa\" width=\"1450\" height=\"1975\" src=\"https:\/\/www.europesays.com\/pt\/wp-content\/uploads\/2025\/11\/1763147654_906_marina-ruy-barbosa-3.jpg\"  \/>Marina Ruy Barbosa estrela papel marcante na s\u00e9rie Trememb\u00e9 (Foto: Manuela Scarpa) <img loading=\"lazy\" decoding=\"async\" class=\"size-full wp-image-995029 img-fluid lazy\" alt=\"Marina Ruy Barbosa - Foto: Manuela Scarpa \/ Brazil News\" width=\"1428\" height=\"2000\" src=\"https:\/\/www.europesays.com\/pt\/wp-content\/uploads\/2025\/11\/marina-ruy-barbosa-abdul-fares-festa-4.jpg\"\/>Marina Ruy Barbosa \u2013 Foto: Manuela Scarpa \/ Brazil News <img loading=\"lazy\" decoding=\"async\" class=\"size-full wp-image-980339 img-fluid lazy\" alt=\"Marina Ruy Barbosa aparece com o bra\u00e7o em tom de roxo em evento - Foto: Manuela Scarpa \/ Brazil News\" width=\"1428\" height=\"2000\" src=\"https:\/\/www.europesays.com\/pt\/wp-content\/uploads\/2025\/11\/marina-ruy-barbosa-braco-roxo-3.jpg\"\/>Marina Ruy Barbosa aparece com o bra\u00e7o em tom de roxo em evento \u2013 Foto: Manuela Scarpa \/ Brazil News <img loading=\"lazy\" decoding=\"async\" class=\"size-full wp-image-978547 img-fluid lazy\" alt=\"Marina Ruy Barbosa - Foto: Getty Images\" width=\"2000\" height=\"3000\" src=\"https:\/\/www.europesays.com\/pt\/wp-content\/uploads\/2025\/11\/marina-ruy-barbosa-gettyimages-2215438163-copy.jpg\"\/>Marina Ruy Barbosa \u2013 Foto: Getty Images <img loading=\"lazy\" decoding=\"async\" class=\"size-full wp-image-962943 img-fluid lazy\" alt=\"Marina Ruy Barbosa em baile de Carnaval no Rio - Foto: Manuela Scarpa \/ Brazil News\" width=\"1920\" height=\"2400\" src=\"https:\/\/www.europesays.com\/pt\/wp-content\/uploads\/2025\/11\/marina-ruy-barbosa-look-carnaval.jpg\"\/>Marina Ruy Barbosa em baile de Carnaval no Rio \u2013 Foto: Manuela Scarpa \/ Brazil News <img loading=\"lazy\" decoding=\"async\" class=\"size-full wp-image-932455 img-fluid lazy\" alt=\"Marina Ruy Barbosa arrasa com look dourado e fenda em Paris\" width=\"1072\" height=\"1500\" src=\"https:\/\/www.europesays.com\/pt\/wp-content\/uploads\/2025\/11\/img_3290.jpg\"\/>Marina Ruy Barbosa arrasa com look dourado e fenda em Paris <img loading=\"lazy\" decoding=\"async\" class=\"size-full wp-image-932133 img-fluid lazy\" alt=\"Marina Ruy Barbosa aposta em look com transpar\u00eancia em Paris\" width=\"1071\" height=\"1500\" src=\"https:\/\/www.europesays.com\/pt\/wp-content\/uploads\/2025\/11\/marina-ruy-barbosa-em-paris-4.jpg\"\/>Marina Ruy Barbosa aposta em look com transpar\u00eancia em Paris <img loading=\"lazy\" decoding=\"async\" class=\"size-full wp-image-922554 img-fluid lazy\" alt=\"Marina Ruy Barbosa impressiona com look para jantar da filha de Gloria Pires\" width=\"1071\" height=\"1500\" src=\"https:\/\/www.europesays.com\/pt\/wp-content\/uploads\/2025\/11\/marina-ruy-barbosa-look-aniversario-anttonia-1.jpg\"\/>Marina Ruy Barbosa impressiona com look para jantar da filha de Gloria Pires <\/p>\n<p><strong>Leia tamb\u00e9m<\/strong>: <a href=\"https:\/\/caras.com.br\/noivas\/marina-ruy-barbosa-confessa-sobre-seu-relacionamento-com-o-noivo-falo-isso-pra-ele.phtml\" rel=\"nofollow noopener\" target=\"_blank\">Marina Ruy Barbosa confessa sobre seu relacionamento com o noivo: \u2018Falo isso pra ele\u2019<\/a><\/p>\n<p>        <a href=\"https:\/\/caras.com.br\/autor\/priscilla-comoti\" rel=\"nofollow noopener\" target=\"_blank\">&#13;<br \/>\n          <img alt=\"Priscilla Comoti\" src=\"https:\/\/www.europesays.com\/pt\/wp-content\/uploads\/2025\/11\/1763147659_677_e53883bdf02c542f6517b68879e8cb08b27a1d55c4dfd53577e47d3ab6331a06\"  class=\"avatar avatar-115 photo rounded-circle mr-3\" height=\"115\" width=\"115\" loading=\"lazy\" decoding=\"async\"\/>        <\/a><\/p>\n<p>Priscilla Comoti \u00e9 editora de conte\u00fado do site CARAS. Ela \u00e9 formada em jornalismo e em audiovisual, j\u00e1 passou pelos sites Contigo!, Minha Novela, TiTiTi, Mais Novela e Portal M\u00e1rcia Piovesan. Escreve sobre celebridades, not\u00edcias sobre a fam\u00edlia real brit\u00e2nica, TV, reality show e novelas.<\/p>\n<p>\t                                            <script async src=\"\/\/www.instagram.com\/embed.js\"><\/script><\/p>\n","protected":false},"excerpt":{"rendered":"A atriz Marina Ruy Barbosa conquistou o Brasil desde a inf\u00e2ncia com seus trabalhos na televis\u00e3o. Ao longo&hellip;\n","protected":false},"author":2,"featured_media":152034,"comment_status":"","ping_status":"","sticky":false,"template":"","format":"standard","meta":{"footnotes":""},"categories":[145],"tags":[211,210,114,115,20460,10406,32927,419,32,33],"class_list":{"0":"post-152033","1":"post","2":"type-post","3":"status-publish","4":"format-standard","5":"has-post-thumbnail","7":"category-celebridades","8":"tag-celebridades","9":"tag-celebrities","10":"tag-entertainment","11":"tag-entretenimento","12":"tag-fortuna","13":"tag-marina-ruy-barbosa","14":"tag-net-worth","15":"tag-patrimonio","16":"tag-portugal","17":"tag-pt"},"share_on_mastodon":{"url":"https:\/\/pubeurope.com\/@pt\/115549652214189869","error":""},"_links":{"self":[{"href":"https:\/\/www.europesays.com\/pt\/wp-json\/wp\/v2\/posts\/152033","targetHints":{"allow":["GET"]}}],"collection":[{"href":"https:\/\/www.europesays.com\/pt\/wp-json\/wp\/v2\/posts"}],"about":[{"href":"https:\/\/www.europesays.com\/pt\/wp-json\/wp\/v2\/types\/post"}],"author":[{"embeddable":true,"href":"https:\/\/www.europesays.com\/pt\/wp-json\/wp\/v2\/users\/2"}],"replies":[{"embeddable":true,"href":"https:\/\/www.europesays.com\/pt\/wp-json\/wp\/v2\/comments?post=152033"}],"version-history":[{"count":0,"href":"https:\/\/www.europesays.com\/pt\/wp-json\/wp\/v2\/posts\/152033\/revisions"}],"wp:featuredmedia":[{"embeddable":true,"href":"https:\/\/www.europesays.com\/pt\/wp-json\/wp\/v2\/media\/152034"}],"wp:attachment":[{"href":"https:\/\/www.europesays.com\/pt\/wp-json\/wp\/v2\/media?parent=152033"}],"wp:term":[{"taxonomy":"category","embeddable":true,"href":"https:\/\/www.europesays.com\/pt\/wp-json\/wp\/v2\/categories?post=152033"},{"taxonomy":"post_tag","embeddable":true,"href":"https:\/\/www.europesays.com\/pt\/wp-json\/wp\/v2\/tags?post=152033"}],"curies":[{"name":"wp","href":"https:\/\/api.w.org\/{rel}","templated":true}]}}