{"id":152035,"date":"2025-11-14T19:17:09","date_gmt":"2025-11-14T19:17:09","guid":{"rendered":"https:\/\/www.europesays.com\/pt\/152035\/"},"modified":"2025-11-14T19:17:09","modified_gmt":"2025-11-14T19:17:09","slug":"hipocrisia-leandro-convida-rivais-para-date-especial-e-deixa-liliana-marisa-e-pedro-em-furia-secret-story","status":"publish","type":"post","link":"https:\/\/www.europesays.com\/pt\/152035\/","title":{"rendered":"\u00abHipocrisia!\u00bb: Leandro convida rivais para &#8216;date&#8217; especial&#8230; e deixa Liliana, Marisa e Pedro em f\u00faria &#8211; Secret Story"},"content":{"rendered":"<p>No Secret Story 9, Leandro continua a cumprir a miss\u00e3o secreta de se aproximar de Ana Cristina e de Bruna, convidando-as para um pequeno almo\u00e7o especial. As concorrentes ficam animadas, em contraste com Liliana, Pedro e Marisa que arrasam a escolha de Leandro. No quarto, Ana Cristina afirma que Leandro fez a escolha certa e o resto \u00e9 inveja. J\u00e1 na casa de banho, Liliana comenta que ao menos vai ver-se livre de Ana Cristina. Na mesa de refei\u00e7\u00f5es, Pedro atira que \u00e9 tudo uma \u201cpalha\u00e7ada\u201d e vai ter de repensar nas suas atitudes.<\/p>\n<p><strong>Esta semana h\u00e1 cinco concorrentes em risco de abandonar a casa mais vigiada do Pa\u00eds no pr\u00f3ximo domingo.\u00a0<\/strong><\/p>\n<p>VOTE PARA SALVAR:<\/p>\n<p>ANA \u2013 761 20 20 01<br \/>ANA CRISTINA \u2013 761 20 20 02<br \/>DYLAN \u2013 761 20 20 07<br \/>LEANDRO \u2013 761 20 20 12<br \/>PEDRO &#8211; 761 20 20 18<\/p>\n<p><strong><a href=\"https:\/\/tvi.iol.pt\/secretstory\/aominuto\" rel=\"nofollow noopener\" target=\"_blank\">Acompanhe tudo o que se passa na casa mais vigiada do Pa\u00eds<\/a><\/strong><\/p>\n","protected":false},"excerpt":{"rendered":"No Secret Story 9, Leandro continua a cumprir a miss\u00e3o secreta de se aproximar de Ana Cristina e&hellip;\n","protected":false},"author":2,"featured_media":152036,"comment_status":"","ping_status":"","sticky":false,"template":"","format":"standard","meta":{"footnotes":""},"categories":[142],"tags":[114,115,19033,12397,19016,19184,19034,14646,32,33,151,19032],"class_list":{"0":"post-152035","1":"post","2":"type-post","3":"status-publish","4":"format-standard","5":"has-post-thumbnail","7":"category-tv","8":"tag-entertainment","9":"tag-entretenimento","10":"tag-galas-em-video","11":"tag-leandro","12":"tag-liliana","13":"tag-marisa","14":"tag-melhores-momentos-casa-dos-segredos","15":"tag-pedro","16":"tag-portugal","17":"tag-pt","18":"tag-tv","19":"tag-videos-secret-story-tvi"},"share_on_mastodon":{"url":"https:\/\/pubeurope.com\/@pt\/115549663566826736","error":""},"_links":{"self":[{"href":"https:\/\/www.europesays.com\/pt\/wp-json\/wp\/v2\/posts\/152035","targetHints":{"allow":["GET"]}}],"collection":[{"href":"https:\/\/www.europesays.com\/pt\/wp-json\/wp\/v2\/posts"}],"about":[{"href":"https:\/\/www.europesays.com\/pt\/wp-json\/wp\/v2\/types\/post"}],"author":[{"embeddable":true,"href":"https:\/\/www.europesays.com\/pt\/wp-json\/wp\/v2\/users\/2"}],"replies":[{"embeddable":true,"href":"https:\/\/www.europesays.com\/pt\/wp-json\/wp\/v2\/comments?post=152035"}],"version-history":[{"count":0,"href":"https:\/\/www.europesays.com\/pt\/wp-json\/wp\/v2\/posts\/152035\/revisions"}],"wp:featuredmedia":[{"embeddable":true,"href":"https:\/\/www.europesays.com\/pt\/wp-json\/wp\/v2\/media\/152036"}],"wp:attachment":[{"href":"https:\/\/www.europesays.com\/pt\/wp-json\/wp\/v2\/media?parent=152035"}],"wp:term":[{"taxonomy":"category","embeddable":true,"href":"https:\/\/www.europesays.com\/pt\/wp-json\/wp\/v2\/categories?post=152035"},{"taxonomy":"post_tag","embeddable":true,"href":"https:\/\/www.europesays.com\/pt\/wp-json\/wp\/v2\/tags?post=152035"}],"curies":[{"name":"wp","href":"https:\/\/api.w.org\/{rel}","templated":true}]}}