{"id":152037,"date":"2025-11-14T19:24:55","date_gmt":"2025-11-14T19:24:55","guid":{"rendered":"https:\/\/www.europesays.com\/pt\/152037\/"},"modified":"2025-11-14T19:24:55","modified_gmt":"2025-11-14T19:24:55","slug":"siemens-alcanca-lucros-recorde-e-vai-investir-mil-milhoes-de-euros-em-inteligencia-artificial","status":"publish","type":"post","link":"https:\/\/www.europesays.com\/pt\/152037\/","title":{"rendered":"Siemens alcan\u00e7a lucros recorde e vai investir mil milh\u00f5es de euros em Intelig\u00eancia Artificial"},"content":{"rendered":"<p>A Siemens registou resultados hist\u00f3ricos no exerc\u00edcio fiscal de 2025, encerrado a 30 de setembro, com um resultado l\u00edquido de 10,4 mil milh\u00f5es de euros, o que representa um aumento de 16% face ao ano anterior.<\/p>\n<p>Trata-se do terceiro ano consecutivo de lucros recorde para o grupo alem\u00e3o, que tamb\u00e9m viu crescer as suas encomendas e receitas numa taxa m\u00e9dia de 5 a 6%.<\/p>\n<p>Perante estes resultados, o Conselho de Supervis\u00e3o e de Administra\u00e7\u00e3o da Siemens AG prop\u00f4s aumentar o dividendo para 5,35 euros por a\u00e7\u00e3o, face aos 5,20 euros pagos no exerc\u00edcio anterior.<\/p>\n<p>\u201cA Siemens est\u00e1 hoje mais forte do que nunca \u2013 com um exerc\u00edcio fiscal de 2025 recorde. A nossa estrat\u00e9gia funciona. Crescemos ao combinar o mundo real e o mundo digital\u201d, afirmou Roland Busch, presidente e CEO da Siemens AG.<\/p>\n<p>O respons\u00e1vel destacou ainda o lan\u00e7amento do programa ONE Tech Company, que visa \u201centrar na pr\u00f3xima fase de crescimento\u201d, com o objetivo de duplicar a receita do neg\u00f3cio digital e escalar as ofertas de Intelig\u00eancia Artificial. Para isso, a Siemens prev\u00ea investir mil milh\u00f5es de euros nos pr\u00f3ximos tr\u00eas anos.<\/p>\n<p>O free cash flow total do grupo atingiu tamb\u00e9m um valor recorde de 10,8 mil milh\u00f5es de euros, refor\u00e7ando a solidez financeira da empresa.<\/p>\n<p>As encomendas aumentaram 6%, para 88,4 mil milh\u00f5es de euros, e as receitas cresceram 5%, para 78,9 mil milh\u00f5es de euros, com um r\u00e1cio de encomendas e fatura\u00e7\u00e3o (book-to-bill) de 1,12.<\/p>\n<p>O lucro por a\u00e7\u00e3o antes da aloca\u00e7\u00e3o do pre\u00e7o de compra (EPS pr\u00e9-PPA) subiu para 12,95 euros, ou 10,71 euros excluindo os efeitos pontuais da venda da Innomotics e das aquisi\u00e7\u00f5es da Altair e Dotmatics.<\/p>\n<p><strong>Perspetivas para 2026<\/strong><\/p>\n<p>Para o ano fiscal de 2026, a Siemens espera que o ambiente econ\u00f3mico global estabilize e que o crescimento do PIB mundial se mantenha pr\u00f3ximo do registado em 2025.<\/p>\n<p>A empresa antecipa um crescimento compar\u00e1vel das receitas entre 6 e 8%, mantendo o r\u00e1cio de encomendas acima de 1, o que reflete confian\u00e7a num novo ciclo de expans\u00e3o sustentado pelo investimento em digitaliza\u00e7\u00e3o e Intelig\u00eancia Artificial.<\/p>\n","protected":false},"excerpt":{"rendered":"A Siemens registou resultados hist\u00f3ricos no exerc\u00edcio fiscal de 2025, encerrado a 30 de setembro, com um resultado&hellip;\n","protected":false},"author":2,"featured_media":152038,"comment_status":"","ping_status":"","sticky":false,"template":"","format":"standard","meta":{"footnotes":""},"categories":[83],"tags":[88,89,90,32,33],"class_list":{"0":"post-152037","1":"post","2":"type-post","3":"status-publish","4":"format-standard","5":"has-post-thumbnail","7":"category-empresas","8":"tag-business","9":"tag-economy","10":"tag-empresas","11":"tag-portugal","12":"tag-pt"},"share_on_mastodon":{"url":"https:\/\/pubeurope.com\/@pt\/115549695172220178","error":""},"_links":{"self":[{"href":"https:\/\/www.europesays.com\/pt\/wp-json\/wp\/v2\/posts\/152037","targetHints":{"allow":["GET"]}}],"collection":[{"href":"https:\/\/www.europesays.com\/pt\/wp-json\/wp\/v2\/posts"}],"about":[{"href":"https:\/\/www.europesays.com\/pt\/wp-json\/wp\/v2\/types\/post"}],"author":[{"embeddable":true,"href":"https:\/\/www.europesays.com\/pt\/wp-json\/wp\/v2\/users\/2"}],"replies":[{"embeddable":true,"href":"https:\/\/www.europesays.com\/pt\/wp-json\/wp\/v2\/comments?post=152037"}],"version-history":[{"count":0,"href":"https:\/\/www.europesays.com\/pt\/wp-json\/wp\/v2\/posts\/152037\/revisions"}],"wp:featuredmedia":[{"embeddable":true,"href":"https:\/\/www.europesays.com\/pt\/wp-json\/wp\/v2\/media\/152038"}],"wp:attachment":[{"href":"https:\/\/www.europesays.com\/pt\/wp-json\/wp\/v2\/media?parent=152037"}],"wp:term":[{"taxonomy":"category","embeddable":true,"href":"https:\/\/www.europesays.com\/pt\/wp-json\/wp\/v2\/categories?post=152037"},{"taxonomy":"post_tag","embeddable":true,"href":"https:\/\/www.europesays.com\/pt\/wp-json\/wp\/v2\/tags?post=152037"}],"curies":[{"name":"wp","href":"https:\/\/api.w.org\/{rel}","templated":true}]}}