{"id":152046,"date":"2025-11-14T19:46:25","date_gmt":"2025-11-14T19:46:25","guid":{"rendered":"https:\/\/www.europesays.com\/pt\/152046\/"},"modified":"2025-11-14T19:46:25","modified_gmt":"2025-11-14T19:46:25","slug":"poderosa-tempestade-canibal-atinge-a-terra-e-pode-afetar-comunicacoes","status":"publish","type":"post","link":"https:\/\/www.europesays.com\/pt\/152046\/","title":{"rendered":"Poderosa &#8220;tempestade canibal&#8221; atinge a Terra e pode afetar comunica\u00e7\u00f5es"},"content":{"rendered":"<p class=\"wp-caption-text top\">PETER KOMKA\/EPA<\/p>\n<p><img decoding=\"async\" loading=\"lazy\" class=\"wp-image-711242 size-kopa-image-size-3\" src=\"https:\/\/www.europesays.com\/pt\/wp-content\/uploads\/2025\/11\/8a1daed7e9db085766bdffc944643cdf-783x450.jpg\" alt=\"\" width=\"700\" height=\"402\"  \/><\/p>\n<p class=\"wp-caption-text bot\">Aurora boreal brilha sobre Salgotarjan, no norte da Hungria, a 12 de novembro de 2025.<\/p>\n<p><strong>Evento provocou as auroras boreais que at\u00e9 Portugal conseguiu ver. Mas n\u00e3o se preocupe: n\u00e3o h\u00e1 um risco biol\u00f3gico para as pessoas na Terra. Poder\u00e1 ser a \u201cmaior tempestade solar a atingir o nosso planeta em mais de duas d\u00e9cadas\u201d.<\/strong><\/p>\n<p>A Ag\u00eancia Espacial Europeia (ESA) alertou esta quarta-feira para a aproxima\u00e7\u00e3o de uma <strong>tempestade geomagn\u00e9tica<\/strong> que poder\u00e1 afetar sat\u00e9lites, redes el\u00e9tricas, sistemas de comunica\u00e7\u00e3o e sistemas de navega\u00e7\u00e3o GPS.<\/p>\n<p>N\u00e3o se trata quase de certeza de um novo apag\u00e3o. As autoridades respons\u00e1veis estudaram o sistema de fornecimento el\u00e9trico e garantem que este est\u00e1 preparado para este tipo de evento.<\/p>\n<p>Uma tempestade geomagn\u00e9tica \u00e9 uma perturba\u00e7\u00e3o tempor\u00e1ria da magnetosfera da Terra causada pela eje\u00e7\u00e3o de massa coronal, uma \u201cenorme nuvem de plasma magnetizado\u201d expelida pela coroa (a camada mais externa) do Sol.<\/p>\n<p>Foi a tempestade solar em curso que <strong>provocou as auroras boreais<\/strong> que se viram nos \u00faltimos dias nos c\u00e9us noturnos de v\u00e1rios pa\u00edses do Hemisf\u00e9rio Norte, incluindo <strong>Portugal<\/strong> \u2014 o fen\u00f3meno foi \u2018apanhado\u2019 em Viseu e na Figueira da Foz, adiantou o <a href=\"https:\/\/www.cmjornal.pt\/sociedade\/detalhe\/auroras-boreais-voltaram-a-pintar-os-ceus-do-mundo-e-portugal-nao-ficou-de-fora\" data-wpel-link=\"external\" target=\"_blank\" rel=\"nofollow external noopener noreferrer\" class=\"ext-link\">CM<\/a>.<\/p>\n<p>Os efeitos desta tempestade solar podem ser sentidos entre 24 e 48 horas depois e \u201cas previs\u00f5es sugerem que uma segunda tempestade, alimentada pela primeira, resultar\u00e1 potencialmente na maior tempestade solar a atingir o nosso planeta em mais de duas d\u00e9cadas\u201d, adianta o Servi\u00e7o Geol\u00f3gico Brit\u00e2nico em <a href=\"https:\/\/www.bgs.ac.uk\/news\/uk-braced-for-what-could-be-the-largest-solar-storm-in-over-two-decades\/\" data-wpel-link=\"external\" target=\"_blank\" rel=\"nofollow external noopener noreferrer\" class=\"ext-link\">comunicado<\/a>. Os<strong> efeitos podem prolongar-se at\u00e9 sexta-feira.<\/strong><\/p>\n<p>Apelidada de \u201ctempestade canibal\u201d, o primeiro evento j\u00e1 afetou as comunica\u00e7\u00f5es e a precis\u00e3o dos sat\u00e9lites do sistema de posicionamento global (GPS), explica o Servi\u00e7o.<\/p>\n<p>De acordo com a ESA, na ter\u00e7a-feira foi observada uma <strong>intensa erup\u00e7\u00e3o solar<\/strong>, com um pico cerca das 10:04 (hora em Lisboa). Menos de uma hora depois foi observada uma eje\u00e7\u00e3o de massa coronal, com uma velocidade inicial estimada de cerca de 1.500 km\/h, que, segundo a ESA, poder\u00e1 chegar \u00e0 Terra no in\u00edcio da manh\u00e3 de quinta-feira.<\/p>\n<p>O impacto estimado do evento \u00e9 grave, mas \u201cn\u00e3o representa um risco biol\u00f3gico direto para as pessoas na Terra\u201d, sublinhou a ESA, em <a href=\"https:\/\/www.esa.int\/Space_Safety\/Space_weather\/ESA_actively_monitoring_severe_space_weather_event\" data-wpel-link=\"external\" target=\"_blank\" rel=\"nofollow external noopener noreferrer\" class=\"ext-link\">nota<\/a>.<\/p>\n<p>A ESA ressalva que \u201cestas estimativas cont\u00eam alguma incerteza\u201d, assinalando que \u201cest\u00e1 a monitorizar de perto este poderoso evento\u201d e a \u201crecolher informa\u00e7\u00f5es detalhadas de todos os seus centros de servi\u00e7os especializados\u201d.<\/p>\n<p>    <a href=\"https:\/\/zap.aeiou.pt\/subscrever-newsletter\" data-wpel-link=\"internal\" rel=\"nofollow noopener\" target=\"_blank\">&#13;<br \/>\n        <img loading=\"lazy\" decoding=\"async\" class=\"aligncenter size-full wp-image-575475\" src=\"https:\/\/www.europesays.com\/pt\/wp-content\/uploads\/2025\/11\/2d51fe4a0ba54894421ead1809309ed9-1-450x140.jpg\" alt=\"Subscreva a Newsletter ZAP\" width=\"450\" height=\"140\"\/>&#13;<br \/>\n    <\/a><\/p>\n<p>                <a href=\"https:\/\/whatsapp.com\/channel\/0029VaIC4EE2f3EJZPPSbR34\" data-wpel-link=\"external\" target=\"_blank\" rel=\"nofollow external noopener noreferrer\" class=\"ext-link\">&#13;<br \/>\n                    <img loading=\"lazy\" decoding=\"async\" class=\"aligncenter size-full wp-image-575475\" src=\"https:\/\/www.europesays.com\/pt\/wp-content\/uploads\/2025\/11\/c68c559d956d4ca20f435ed74a6e71e6.png\" alt=\"Siga-nos no WhatsApp\" width=\"175\" height=\"64\"\/>&#13;<br \/>\n                <\/a><\/p>\n<p>                <a href=\"https:\/\/news.google.com\/publications\/CAAiEHRwZondIV71PDjWNoqMduEqFAgKIhB0cGaJ3SFe9Tw41jaKjHbh?hl=en-US&amp;gl=US&amp;ceid=US%3Aen\" data-wpel-link=\"external\" target=\"_blank\" rel=\"nofollow external noopener noreferrer\" class=\"ext-link\">&#13;<br \/>\n                    <img loading=\"lazy\" decoding=\"async\" class=\"aligncenter size-full wp-image-575475\" src=\"https:\/\/www.europesays.com\/pt\/wp-content\/uploads\/2025\/11\/5123dd8b087b644fdb8f8603acd1bad4.png\" alt=\"Siga-nos no Google News\" width=\"176\" height=\"64\"\/>&#13;<br \/>\n                <\/a><\/p>\n","protected":false},"excerpt":{"rendered":"PETER KOMKA\/EPA Aurora boreal brilha sobre Salgotarjan, no norte da Hungria, a 12 de novembro de 2025. Evento&hellip;\n","protected":false},"author":2,"featured_media":152047,"comment_status":"","ping_status":"","sticky":false,"template":"","format":"standard","meta":{"footnotes":""},"categories":[50],"tags":[122,443,27,28,269,9867,15,16,13484,14,25,26,21,22,62,12,13,19,20,23,24,2836,8649,17,18,29,30,31,63,64,65],"class_list":{"0":"post-152046","1":"post","2":"type-post","3":"status-publish","4":"format-standard","5":"has-post-thumbnail","7":"category-mundo","8":"tag-astrofisica","9":"tag-astronomia","10":"tag-breaking-news","11":"tag-breakingnews","12":"tag-capa","13":"tag-esa","14":"tag-featured-news","15":"tag-featurednews","16":"tag-geofisica","17":"tag-headlines","18":"tag-latest-news","19":"tag-latestnews","20":"tag-main-news","21":"tag-mainnews","22":"tag-mundo","23":"tag-news","24":"tag-noticias","25":"tag-noticias-principais","26":"tag-noticiasprincipais","27":"tag-principais-noticias","28":"tag-principaisnoticias","29":"tag-sol","30":"tag-telecomunicacoes","31":"tag-top-stories","32":"tag-topstories","33":"tag-ultimas","34":"tag-ultimas-noticias","35":"tag-ultimasnoticias","36":"tag-world","37":"tag-world-news","38":"tag-worldnews"},"share_on_mastodon":{"url":"https:\/\/pubeurope.com\/@pt\/115549777951123688","error":""},"_links":{"self":[{"href":"https:\/\/www.europesays.com\/pt\/wp-json\/wp\/v2\/posts\/152046","targetHints":{"allow":["GET"]}}],"collection":[{"href":"https:\/\/www.europesays.com\/pt\/wp-json\/wp\/v2\/posts"}],"about":[{"href":"https:\/\/www.europesays.com\/pt\/wp-json\/wp\/v2\/types\/post"}],"author":[{"embeddable":true,"href":"https:\/\/www.europesays.com\/pt\/wp-json\/wp\/v2\/users\/2"}],"replies":[{"embeddable":true,"href":"https:\/\/www.europesays.com\/pt\/wp-json\/wp\/v2\/comments?post=152046"}],"version-history":[{"count":0,"href":"https:\/\/www.europesays.com\/pt\/wp-json\/wp\/v2\/posts\/152046\/revisions"}],"wp:featuredmedia":[{"embeddable":true,"href":"https:\/\/www.europesays.com\/pt\/wp-json\/wp\/v2\/media\/152047"}],"wp:attachment":[{"href":"https:\/\/www.europesays.com\/pt\/wp-json\/wp\/v2\/media?parent=152046"}],"wp:term":[{"taxonomy":"category","embeddable":true,"href":"https:\/\/www.europesays.com\/pt\/wp-json\/wp\/v2\/categories?post=152046"},{"taxonomy":"post_tag","embeddable":true,"href":"https:\/\/www.europesays.com\/pt\/wp-json\/wp\/v2\/tags?post=152046"}],"curies":[{"name":"wp","href":"https:\/\/api.w.org\/{rel}","templated":true}]}}