{"id":152048,"date":"2025-11-14T19:48:18","date_gmt":"2025-11-14T19:48:18","guid":{"rendered":"https:\/\/www.europesays.com\/pt\/152048\/"},"modified":"2025-11-14T19:48:18","modified_gmt":"2025-11-14T19:48:18","slug":"portugal-u17-x-belgium-u17-maisfutebol","status":"publish","type":"post","link":"https:\/\/www.europesays.com\/pt\/152048\/","title":{"rendered":"Portugal U17 X Belgium U17 &#8211; Maisfutebol"},"content":{"rendered":"<ol>\n<li><a href=\"https:\/\/news.google.com\/rss\/articles\/CBMif0FVX3lxTE1IeFdEYnBUR1BaWlItbFhXa1Ixb2RTYzhOT1RJTnVhcXdISmNhbkJfUC0ySHhvYUp2Z2VTd3BqY1ZyUFFnS3JTNDNHTXhpLUNfZWlaNXI0YkxLZUtjZU90dzctM2NJU1FTQ0NLMF9BWTMzU3B4RDdueDVDTVotdWs?oc=5\" target=\"_blank\" rel=\"nofollow noopener\">Portugal U17 X Belgium U17<\/a>&nbsp;&nbsp;Maisfutebol<\/li>\n<li><a href=\"https:\/\/news.google.com\/rss\/articles\/CBMigAFBVV95cUxPbGcyUmNPYXRINFlpb3NnWWFLWEt2YXVzYXA3X29Ra0pPeWJhT242T2I2b184Sjh2Z2I3WVlXTjRiWmpFS3hhX2VTVlktTV95bV9weEhBMkRJOHBZWTFvcVp4TWx3dTBzUEI1dE0zT1V0VEF6WTVycnFob19ObEZKaQ?oc=5\" target=\"_blank\" rel=\"nofollow noopener\">Liveblog Portugal U17 vs Belgium U17 novembro 2025<\/a>&nbsp;&nbsp;A Bola<\/li>\n<li><a href=\"https:\/\/news.google.com\/rss\/articles\/CBMitwFBVV95cUxOaEczU2dWMThybUdmUkoxdDdMVnlHTWdNeHdZV2tWSGh6Ti14RnliNmJyRUt3QnBVWk8zWVVSdDF0QUpfNmpYSzFETzd2dzdleTRDSmt6MmwzcWY4ZzVoenlEeS1zTjhyTjl5a3VVVXNoaWxYbXFkd0hIczVsZlNKeHZpRF85RXQyZEJWVWh0UzZnQl93SVJkSWhsLXVXdVZ5UE1oRm9uejJIQ1g2RnQyeWJoRkNGYXM?oc=5\" target=\"_blank\" rel=\"nofollow noopener\">Mundial sub-17: B\u00e9lgica &#8220;muito dif\u00edcil&#8221;, diz Selecionador Nacional<\/a>&nbsp;&nbsp;RTP<\/li>\n<li><a href=\"https:\/\/news.google.com\/rss\/articles\/CBMiswFBVV95cUxPeHNYbEJuSFNlMF9LOTk4Wldsc1UtRDhYZ3d1ZTdSV01FN2l4eDhuZG9oNUVYR3R0aUpoX1lxVGF3d0Rmc3FBTDdCT2duZ2tWdUFmcjRlZXRPUHJwZVJ5cGRTaEJyTDN2ZjV6cGs1Z08wNTJSQkliZDYyRnVab0VOaXkzWG5vcnhwak5RYXZSUGRNdFRBSmg4Wlc2bWJNeHVtZDgzODZ2cU54bm1CWm52dHE2b9IBnAFBVV95cUxPNWh0b294WlVSZmVVSklzaFI3aUJyV1QtZmx0UXljVnlTbHhXQWszYnZvVFdKR0pYcnRGaWxsdllfNC1DRGZEYmpLZi1NWXRiNTFCbnRMUmRZeXRMcnUzc1V3NWtkVkFsdGgzZVVndW9pZGtWN041d3VQTm9jX3VxT3ItTGdwODF6Rmk0OVFrN00zcUFURGpUei1BcWY?oc=5\" target=\"_blank\" rel=\"nofollow noopener\">&#8220;B\u00e9lgica? Retir\u00e1mos do jogo com o Jap\u00e3o o aprender com a derrota&#8221;<\/a>&nbsp;&nbsp;O Jogo<\/li>\n<li><a href=\"https:\/\/news.google.com\/rss\/articles\/CBMijwFBVV95cUxPR1ItUkNicnNxRU9QM2JwS1M2NlhWRGk1RHdWZE9HSThyZUVsNVNXWE1YWFlkaGFad3pBZFZmQ1ZRb1k3RnNublI4eU9XZHdsYnJ1Ri1HSF90dHd3Q01iSGY4S0NYWVZiWXFfQ05ZSXBMUjU3VV83WkdjclRwX0J0dVV4N2VJby0wUTNDbTVKbw?oc=5\" target=\"_blank\" rel=\"nofollow noopener\">16-0 depois do 0-0: algo (muito) estranho aconteceu no grupo de Portugal no Mundial sub-17<\/a>&nbsp;&nbsp;ZAP Not\u00edcias<\/li>\n<\/ol>\n","protected":false},"excerpt":{"rendered":"Portugal U17 X Belgium U17&nbsp;&nbsp;Maisfutebol Liveblog Portugal U17 vs Belgium U17 novembro 2025&nbsp;&nbsp;A Bola Mundial sub-17: B\u00e9lgica &#8220;muito&hellip;\n","protected":false},"author":2,"featured_media":23772,"comment_status":"","ping_status":"","sticky":false,"template":"","format":"standard","meta":{"footnotes":""},"categories":[8],"tags":[32928,27,28,15,16,14,25,26,21,22,12,13,19,20,32,31424,23,24,33,47,17,18,29,30,31],"class_list":{"0":"post-152048","1":"post","2":"type-post","3":"status-publish","4":"format-standard","5":"has-post-thumbnail","7":"category-principais-noticias","8":"tag-belgium-u17","9":"tag-breaking-news","10":"tag-breakingnews","11":"tag-featured-news","12":"tag-featurednews","13":"tag-headlines","14":"tag-latest-news","15":"tag-latestnews","16":"tag-main-news","17":"tag-mainnews","18":"tag-news","19":"tag-noticias","20":"tag-noticias-principais","21":"tag-noticiasprincipais","22":"tag-portugal","23":"tag-portugal-u17","24":"tag-principais-noticias","25":"tag-principaisnoticias","26":"tag-pt","27":"tag-pura-paixao","28":"tag-top-stories","29":"tag-topstories","30":"tag-ultimas","31":"tag-ultimas-noticias","32":"tag-ultimasnoticias"},"share_on_mastodon":{"url":"https:\/\/pubeurope.com\/@pt\/115549785546309172","error":""},"_links":{"self":[{"href":"https:\/\/www.europesays.com\/pt\/wp-json\/wp\/v2\/posts\/152048","targetHints":{"allow":["GET"]}}],"collection":[{"href":"https:\/\/www.europesays.com\/pt\/wp-json\/wp\/v2\/posts"}],"about":[{"href":"https:\/\/www.europesays.com\/pt\/wp-json\/wp\/v2\/types\/post"}],"author":[{"embeddable":true,"href":"https:\/\/www.europesays.com\/pt\/wp-json\/wp\/v2\/users\/2"}],"replies":[{"embeddable":true,"href":"https:\/\/www.europesays.com\/pt\/wp-json\/wp\/v2\/comments?post=152048"}],"version-history":[{"count":0,"href":"https:\/\/www.europesays.com\/pt\/wp-json\/wp\/v2\/posts\/152048\/revisions"}],"wp:featuredmedia":[{"embeddable":true,"href":"https:\/\/www.europesays.com\/pt\/wp-json\/wp\/v2\/media\/23772"}],"wp:attachment":[{"href":"https:\/\/www.europesays.com\/pt\/wp-json\/wp\/v2\/media?parent=152048"}],"wp:term":[{"taxonomy":"category","embeddable":true,"href":"https:\/\/www.europesays.com\/pt\/wp-json\/wp\/v2\/categories?post=152048"},{"taxonomy":"post_tag","embeddable":true,"href":"https:\/\/www.europesays.com\/pt\/wp-json\/wp\/v2\/tags?post=152048"}],"curies":[{"name":"wp","href":"https:\/\/api.w.org\/{rel}","templated":true}]}}