{"id":152049,"date":"2025-11-14T19:49:11","date_gmt":"2025-11-14T19:49:11","guid":{"rendered":"https:\/\/www.europesays.com\/pt\/152049\/"},"modified":"2025-11-14T19:49:11","modified_gmt":"2025-11-14T19:49:11","slug":"filho-de-patricia-poeta-recebe-alta-apos-quase-dois-meses-de-internacao","status":"publish","type":"post","link":"https:\/\/www.europesays.com\/pt\/152049\/","title":{"rendered":"Filho de Patr\u00edcia Poeta recebe alta ap\u00f3s quase dois meses de interna\u00e7\u00e3o"},"content":{"rendered":"\n<p>Patr\u00edcia Poeta usou as redes sociais para comemorar a alta do filho, Felipe, de 23 anos.<br \/>O DJ passou quase dois meses internado. &#8220;Foram 7 semanas, que pareceram muito mais. De afli\u00e7\u00e3o, preocupa\u00e7\u00e3o, muita luta, resili\u00eancia e f\u00e9&#8221;, escreveu a apresentadora no Instagram.<\/p>\n<p>Ele teve uma infec\u00e7\u00e3o. No dia 17 de outubro, Patr\u00edcia Poeta falou sobre o quadro do filho pela primeira vez no Encontro, mas n\u00e3o deu detalhes sobre o estado de sa\u00fade dele. Questionada, sua assessoria respondeu: &#8220;Ele est\u00e1 se recuperando de uma infec\u00e7\u00e3o, mas j\u00e1 est\u00e1 tudo bem&#8221;.<\/p>\n<p>Felipe continuar\u00e1 o tratamento em casa. &#8220;Felipe agora come\u00e7a uma nova fase da recupera\u00e7\u00e3o, em casa &#8211; firme e forte. Amor n\u00e3o falta&#8221;, escreveu Patr\u00edcia.<\/p>\n<p>Patr\u00edcia Poeta agradeceu a equipe do hospital. &#8220;A toda equipe m\u00e9dica, de enfermagem e a todos os funcion\u00e1rios do hospital: n\u00e3o tenho palavras suficientes para agradecer por todo apoio. Minha eterna gratid\u00e3o!!! Voc\u00eas se tornaram fam\u00edlia!&#8221;<\/p>\n","protected":false},"excerpt":{"rendered":"Patr\u00edcia Poeta usou as redes sociais para comemorar a alta do filho, Felipe, de 23 anos.O DJ passou&hellip;\n","protected":false},"author":2,"featured_media":152050,"comment_status":"","ping_status":"","sticky":false,"template":"","format":"standard","meta":{"footnotes":""},"categories":[145],"tags":[32929,211,210,114,115,976,3435,10994,32,33],"class_list":{"0":"post-152049","1":"post","2":"type-post","3":"status-publish","4":"format-standard","5":"has-post-thumbnail","7":"category-celebridades","8":"tag-alta-medica","9":"tag-celebridades","10":"tag-celebrities","11":"tag-entertainment","12":"tag-entretenimento","13":"tag-felipe","14":"tag-filho","15":"tag-patricia-poeta","16":"tag-portugal","17":"tag-pt"},"share_on_mastodon":{"url":"https:\/\/pubeurope.com\/@pt\/115549789389942817","error":""},"_links":{"self":[{"href":"https:\/\/www.europesays.com\/pt\/wp-json\/wp\/v2\/posts\/152049","targetHints":{"allow":["GET"]}}],"collection":[{"href":"https:\/\/www.europesays.com\/pt\/wp-json\/wp\/v2\/posts"}],"about":[{"href":"https:\/\/www.europesays.com\/pt\/wp-json\/wp\/v2\/types\/post"}],"author":[{"embeddable":true,"href":"https:\/\/www.europesays.com\/pt\/wp-json\/wp\/v2\/users\/2"}],"replies":[{"embeddable":true,"href":"https:\/\/www.europesays.com\/pt\/wp-json\/wp\/v2\/comments?post=152049"}],"version-history":[{"count":0,"href":"https:\/\/www.europesays.com\/pt\/wp-json\/wp\/v2\/posts\/152049\/revisions"}],"wp:featuredmedia":[{"embeddable":true,"href":"https:\/\/www.europesays.com\/pt\/wp-json\/wp\/v2\/media\/152050"}],"wp:attachment":[{"href":"https:\/\/www.europesays.com\/pt\/wp-json\/wp\/v2\/media?parent=152049"}],"wp:term":[{"taxonomy":"category","embeddable":true,"href":"https:\/\/www.europesays.com\/pt\/wp-json\/wp\/v2\/categories?post=152049"},{"taxonomy":"post_tag","embeddable":true,"href":"https:\/\/www.europesays.com\/pt\/wp-json\/wp\/v2\/tags?post=152049"}],"curies":[{"name":"wp","href":"https:\/\/api.w.org\/{rel}","templated":true}]}}