{"id":152051,"date":"2025-11-14T19:52:14","date_gmt":"2025-11-14T19:52:14","guid":{"rendered":"https:\/\/www.europesays.com\/pt\/152051\/"},"modified":"2025-11-14T19:52:14","modified_gmt":"2025-11-14T19:52:14","slug":"em-mae-sule-vai-atras-da-filha-na-loja-de-gonul-record","status":"publish","type":"post","link":"https:\/\/www.europesays.com\/pt\/152051\/","title":{"rendered":"Em M\u00e3e, \u015eule vai atr\u00e1s da filha na loja de G\u00f6n\u00fcl \u2013 Record"},"content":{"rendered":"<p><img decoding=\"async\" data-chromatic=\"ignore\" alt=\"\" class=\"c-image\" loading=\"lazy\" src=\"https:\/\/www.europesays.com\/pt\/wp-content\/uploads\/2025\/11\/WVABTYQSWVFGZD74QGZ4VAAFJU.png\"  width=\"677\" height=\"369\"\/>\u015eule vai atr\u00e1s da filha na loja de G\u00f6n\u00fcl Reprodu\u00e7\u00e3o\/RECORD <\/p>\n<p class=\"jarvics:base-text-neutral-high-400 base-text-[calc(theme(fontSize.xs)_*_var(--font-size,_1))] base-font-normal base-font-primary base-text-neutral-low-500 base-text-left\">No cap\u00edtulo desta sexta-feira (14) da novela <a href=\"https:\/\/record.r7.com\/mae\/\" target=\"_blank\" rel=\"noreferrer nofollow noopener\" title=\"https:\/\/record.r7.com\/mae\/\"><b>M\u00e3e<\/b><\/a>, Zeynep (Cansu Dere) e Turna (Beren G\u00f6ky\u0131ld\u0131z) fazem uma surpresa de anivers\u00e1rio para G\u00f6n\u00fcl (Vahide Per\u00e7in), que continua internada. Mas a felicidade delas vai durar pouco tempo!<\/p>\n<p class=\"jarvics:base-text-neutral-high-400 base-text-[calc(theme(fontSize.xs)_*_var(--font-size,_1))] base-font-normal base-font-primary base-text-neutral-low-500 base-text-left\">Determinada a reencontrar a filha, \u015eule (Gonca Vuslateri) revira os arm\u00e1rios de Ali (Can Nergis) atr\u00e1s de alguma pista que a leve at\u00e9 Melek. N\u00e3o demora muito e ela encontra as anota\u00e7\u00f5es feitas pelo jornalista e consegue sair do apartamento sem que ningu\u00e9m a veja. Sule vai direto para a loja de G\u00f6n\u00fcl e tem certeza que a menina est\u00e1 escondida l\u00e1. <\/p>\n<p class=\"jarvics:base-text-neutral-high-400 base-text-[calc(theme(fontSize.xs)_*_var(--font-size,_1))] base-font-normal base-font-primary base-text-neutral-low-500 base-text-left\">Enquanto isso, em outra cidade, Ali conversa com uma antiga vizinha de \u015eule e come\u00e7a a desvendar mais sobre o passado da m\u00e3e biol\u00f3gica de Turna e como era sua rela\u00e7\u00e3o com a filha antes de Cengiz (Berkay Ates) aparecer em sua vida. <\/p>\n<p class=\"jarvics:base-text-neutral-high-400 base-text-[calc(theme(fontSize.xs)_*_var(--font-size,_1))] base-font-normal base-font-primary base-text-neutral-low-500 base-text-left\">Acompanhe a novela <a href=\"https:\/\/record.r7.com\/mae\/\" rel=\"nofollow noopener\" title=\"https:\/\/record.r7.com\/mae\/\" target=\"_blank\"><b>M\u00e3e<\/b><\/a> de segunda a sexta, \u00e0s 21h, na tela da <a href=\"https:\/\/record.r7.com\/\" rel=\"nofollow noopener\" title=\"https:\/\/record.r7.com\/\" target=\"_blank\"><b>RECORD<\/b><\/a>. Acesse o <a href=\"https:\/\/descubra.recordplus.com\/\" rel=\"nofollow noopener\" title=\"https:\/\/descubra.recordplus.com\/\" target=\"_blank\"><b>RecordPlus<\/b><\/a> para rever os cap\u00edtulos.<\/p>\n<p class=\"jarvics:base-text-neutral-high-400 base-text-[calc(theme(fontSize.xs)_*_var(--font-size,_1))] base-font-normal base-font-primary base-text-neutral-low-500 base-text-left\"><b>Brasileiros invadem as redes sociais do elenco da novela:<\/b><\/p>\n<p class=\"jarvics:base-text-neutral-high-400 base-text-[calc(theme(fontSize.xxs)_*_var(--font-size,_1))] base-font-semibold base-font-primary base-text-neutral-low-500 base-text-left\">Os brasileiros s\u00e3o f\u00e3s de carteirinha de produ\u00e7\u00f5es turcas e j\u00e1 est\u00e3o completamente vidrados nos cap\u00edtulos de M\u00e3e na RECORD. Os internautas marcam presen\u00e7a nos perfis do elenco e da novela no Instagram, e fazem quest\u00e3o de deixar alguma refer\u00eancia ao pa\u00eds para serem notados de longe. \u00c9 claro que os coment\u00e1rios divertidos dos seguidores do Brasil chamam aten\u00e7\u00e3o entre muitos outros e provam o quanto s\u00e3o criativos. A seguir, veja alguns deles! <\/p>\n<p class=\"jarvics:base-text-neutral-high-400 base-text-[calc(theme(fontSize.little)_*_var(--font-size,_1))] base-font-normal base-font-primary base-text-neutral-low-500 base-text-left\">Arte\/R7<\/p>\n","protected":false},"excerpt":{"rendered":"\u015eule vai atr\u00e1s da filha na loja de G\u00f6n\u00fcl Reprodu\u00e7\u00e3o\/RECORD No cap\u00edtulo desta sexta-feira (14) da novela M\u00e3e,&hellip;\n","protected":false},"author":2,"featured_media":152052,"comment_status":"","ping_status":"","sticky":false,"template":"","format":"standard","meta":{"footnotes":""},"categories":[142],"tags":[114,115,2931,29441,32,33,151],"class_list":{"0":"post-152051","1":"post","2":"type-post","3":"status-publish","4":"format-standard","5":"has-post-thumbnail","7":"category-tv","8":"tag-entertainment","9":"tag-entretenimento","10":"tag-novela","11":"tag-novela-mae","12":"tag-portugal","13":"tag-pt","14":"tag-tv"},"share_on_mastodon":{"url":"https:\/\/pubeurope.com\/@pt\/115549801434570239","error":""},"_links":{"self":[{"href":"https:\/\/www.europesays.com\/pt\/wp-json\/wp\/v2\/posts\/152051","targetHints":{"allow":["GET"]}}],"collection":[{"href":"https:\/\/www.europesays.com\/pt\/wp-json\/wp\/v2\/posts"}],"about":[{"href":"https:\/\/www.europesays.com\/pt\/wp-json\/wp\/v2\/types\/post"}],"author":[{"embeddable":true,"href":"https:\/\/www.europesays.com\/pt\/wp-json\/wp\/v2\/users\/2"}],"replies":[{"embeddable":true,"href":"https:\/\/www.europesays.com\/pt\/wp-json\/wp\/v2\/comments?post=152051"}],"version-history":[{"count":0,"href":"https:\/\/www.europesays.com\/pt\/wp-json\/wp\/v2\/posts\/152051\/revisions"}],"wp:featuredmedia":[{"embeddable":true,"href":"https:\/\/www.europesays.com\/pt\/wp-json\/wp\/v2\/media\/152052"}],"wp:attachment":[{"href":"https:\/\/www.europesays.com\/pt\/wp-json\/wp\/v2\/media?parent=152051"}],"wp:term":[{"taxonomy":"category","embeddable":true,"href":"https:\/\/www.europesays.com\/pt\/wp-json\/wp\/v2\/categories?post=152051"},{"taxonomy":"post_tag","embeddable":true,"href":"https:\/\/www.europesays.com\/pt\/wp-json\/wp\/v2\/tags?post=152051"}],"curies":[{"name":"wp","href":"https:\/\/api.w.org\/{rel}","templated":true}]}}