{"id":152061,"date":"2025-11-14T20:07:10","date_gmt":"2025-11-14T20:07:10","guid":{"rendered":"https:\/\/www.europesays.com\/pt\/152061\/"},"modified":"2025-11-14T20:07:10","modified_gmt":"2025-11-14T20:07:10","slug":"dylan-assume-que-usou-vera-e-recebe-duras-criticas-deixas-muito-a-desejar-secret-story","status":"publish","type":"post","link":"https:\/\/www.europesays.com\/pt\/152061\/","title":{"rendered":"Dylan assume que &#8220;usou&#8221; Vera e recebe duras cr\u00edticas: \u00abDeixas muito a desejar\u00bb &#8211; Secret Story"},"content":{"rendered":"<p>No Secret Story, durante a din\u00e2mica do Espelho da Verdade, F\u00e1bio refere que por vezes Dylan parece estar a ser verdadeiro, mas noutras est\u00e1 a ser jogador. Dylan confessa que for\u00e7ou a rela\u00e7\u00e3o com Vera por saber que lhe traria vantagens no jogo, contudo viu que n\u00e3o havia futuro entre os dois. Sobre o facto de estar com In\u00eas, garante que \u00e9 verdadeiro. F\u00e1bio declara que n\u00e3o acredita que Dylan seja assim t\u00e3o verdadeiro e os dois entram em bate-boca. Dylan atira que est\u00e1 a \u201cmarimbar-se\u201d para a opini\u00e3o de F\u00e1bio e acrescenta que o concorrente n\u00e3o \u00e9 a pessoa que demonstra ser pois na verdade \u00e9 um controlador tal como Liliana.\u00a0<\/p>\n<p><strong>Esta semana h\u00e1 cinco concorrentes em risco de abandonar a casa mais vigiada do Pa\u00eds no pr\u00f3ximo domingo.\u00a0<\/strong><\/p>\n<p>VOTE PARA SALVAR:<\/p>\n<p>ANA \u2013 761 20 20 01<br \/>ANA CRISTINA \u2013 761 20 20 02<br \/>DYLAN \u2013 761 20 20 07<br \/>LEANDRO \u2013 761 20 20 12<br \/>PEDRO &#8211; 761 20 20 18<\/p>\n<p><a href=\"https:\/\/tvi.iol.pt\/secretstory\/aominuto\" rel=\"nofollow noopener\" target=\"_blank\">Acompanhe tudo o que se passa na casa mais vigiada do Pa\u00eds<\/a><\/p>\n","protected":false},"excerpt":{"rendered":"No Secret Story, durante a din\u00e2mica do Espelho da Verdade, F\u00e1bio refere que por vezes Dylan parece estar&hellip;\n","protected":false},"author":2,"featured_media":152062,"comment_status":"","ping_status":"","sticky":false,"template":"","format":"standard","meta":{"footnotes":""},"categories":[142],"tags":[19374,19373,19105,114,115,19375,32,33,151,11841],"class_list":{"0":"post-152061","1":"post","2":"type-post","3":"status-publish","4":"format-standard","5":"has-post-thumbnail","7":"category-tv","8":"tag-confrontos-concorrentes","9":"tag-discussoes-secret-story","10":"tag-dylan","11":"tag-entertainment","12":"tag-entretenimento","13":"tag-polemicas","14":"tag-portugal","15":"tag-pt","16":"tag-tv","17":"tag-vera"},"share_on_mastodon":{"url":"https:\/\/pubeurope.com\/@pt\/115549860253486871","error":""},"_links":{"self":[{"href":"https:\/\/www.europesays.com\/pt\/wp-json\/wp\/v2\/posts\/152061","targetHints":{"allow":["GET"]}}],"collection":[{"href":"https:\/\/www.europesays.com\/pt\/wp-json\/wp\/v2\/posts"}],"about":[{"href":"https:\/\/www.europesays.com\/pt\/wp-json\/wp\/v2\/types\/post"}],"author":[{"embeddable":true,"href":"https:\/\/www.europesays.com\/pt\/wp-json\/wp\/v2\/users\/2"}],"replies":[{"embeddable":true,"href":"https:\/\/www.europesays.com\/pt\/wp-json\/wp\/v2\/comments?post=152061"}],"version-history":[{"count":0,"href":"https:\/\/www.europesays.com\/pt\/wp-json\/wp\/v2\/posts\/152061\/revisions"}],"wp:featuredmedia":[{"embeddable":true,"href":"https:\/\/www.europesays.com\/pt\/wp-json\/wp\/v2\/media\/152062"}],"wp:attachment":[{"href":"https:\/\/www.europesays.com\/pt\/wp-json\/wp\/v2\/media?parent=152061"}],"wp:term":[{"taxonomy":"category","embeddable":true,"href":"https:\/\/www.europesays.com\/pt\/wp-json\/wp\/v2\/categories?post=152061"},{"taxonomy":"post_tag","embeddable":true,"href":"https:\/\/www.europesays.com\/pt\/wp-json\/wp\/v2\/tags?post=152061"}],"curies":[{"name":"wp","href":"https:\/\/api.w.org\/{rel}","templated":true}]}}