{"id":152063,"date":"2025-11-14T20:11:12","date_gmt":"2025-11-14T20:11:12","guid":{"rendered":"https:\/\/www.europesays.com\/pt\/152063\/"},"modified":"2025-11-14T20:11:12","modified_gmt":"2025-11-14T20:11:12","slug":"tuberculose-matou-12-milhao-em-2024-aponta-oms","status":"publish","type":"post","link":"https:\/\/www.europesays.com\/pt\/152063\/","title":{"rendered":"Tuberculose matou 1,2 milh\u00e3o em 2024, aponta OMS"},"content":{"rendered":"<p><img decoding=\"async\" src=\"https:\/\/www.europesays.com\/pt\/wp-content\/uploads\/2025\/11\/capturar_396.jpg\" class=\"imgColunaDet\" alt=\"OMS alerta que a tuberculose ainda avan\u00e7a de forma lenta no mundo e segue entre as doen\u00e7as infecciosas mais mortais\"\/><\/p>\n<p>OMS alerta que a tuberculose ainda avan\u00e7a de forma lenta no mundo e segue entre as doen\u00e7as infecciosas mais mortais &#8211; Eduardo Gomes &#8211; ILMD\/Fiocruz Amaz\u00f4nia<\/p>\n<p style=\"text-align:justify\">Organiza\u00e7\u00e3o Mundial da Sa\u00fade (OMS) divulgou nesta quarta-feira (12) que a tuberculose continua entre as doen\u00e7as infecciosas mais letais do mundo. Em 2024, foram registrados 10,7 milh\u00f5es de novos casos e mais de 1,2 milh\u00e3o de mortes.<\/p>\n<p><a href=\"http:\/\/whatsapp.com\/channel\/0029VaCvfrlHbFV81yDZyT0A\" title=\"Acesse nosso canal no WhatsApp\" target=\"_blank\" class=\"grupoWhats\" rel=\"nofollow noopener\"><img decoding=\"async\" src=\"https:\/\/www.europesays.com\/pt\/wp-content\/uploads\/2025\/09\/grupo-whatsapp-acritica.gif\" alt=\"Canal WhatsApp\" loading=\"lazy\"\/><\/a>&#13;<br \/>\n&#13;<\/p>\n<p style=\"text-align:justify\">Segundo o relat\u00f3rio, 87% das novas infec\u00e7\u00f5es ocorreram em 30 pa\u00edses, concentrados em oito na\u00e7\u00f5es que lideram as estat\u00edsticas: \u00cdndia, Indon\u00e9sia, Filipinas, China, Paquist\u00e3o, Nig\u00e9ria, Rep\u00fablica Democr\u00e1tica do Congo e Bangladesh.<\/p>\n<p>&#13;<br \/>\n&#13;<\/p>\n<p style=\"text-align:justify\">A tuberculose \u00e9 transmitida pelo ar e atinge principalmente os pulm\u00f5es. Entre os sintomas mais comuns est\u00e3o tosse persistente, cansa\u00e7o intenso e perda de peso. Em casos graves, pode causar insufici\u00eancia respirat\u00f3ria.<\/p>\n<p>&#13;<br \/>\n&#13;<\/p>\n<p style=\"text-align:justify\">O diretor-geral da OMS, Tedros Adhanom Ghebreyesus, classificou como \u201cinadmiss\u00edvel\u201d o n\u00famero de mortes por uma doen\u00e7a preven\u00edvel e trat\u00e1vel, refor\u00e7ando a meta de elimina\u00e7\u00e3o at\u00e9 2030.<\/p>\n<p>&#13;<br \/>\n&#13;<\/p>\n<p style=\"text-align:justify\">Entre 2015 e 2024, a \u00c1frica reduziu a incid\u00eancia em 28% e as mortes em 46%. A Europa registrou quedas de 39% e 49%, respectivamente. Apesar disso, o recuo global entre 2023 e 2024 foi discreto: 2% nos novos casos e 3% nas mortes.<\/p>\n<p>&#13;<br \/>\n&#13;<\/p>\n<p style=\"text-align:justify\">O tratamento salvou 83 milh\u00f5es de vidas desde 2000, segundo a OMS. Em 2024, 8,3 milh\u00f5es iniciaram tratamento e 5,3 milh\u00f5es receberam terapia preventiva.<\/p>\n<p>&#13;<br \/>\n&#13;<\/p>\n<p style=\"text-align:justify\"><strong>Fatores de risco e desigualdades<\/strong><\/p>\n<p>&#13;<br \/>\n&#13;<\/p>\n<p style=\"text-align:justify\">O relat\u00f3rio aponta fatores que ampliam a transmiss\u00e3o, como desnutri\u00e7\u00e3o, HIV, diabetes, tabagismo, consumo de \u00e1lcool e condi\u00e7\u00f5es de pobreza.<br \/>&#13;<br \/>\nNo Brasil, foram registrados 84.308 novos casos no \u00faltimo ano. Estudo da Fiocruz indica que 40% das infec\u00e7\u00f5es t\u00eam origem em transmiss\u00f5es iniciadas no sistema prisional.<\/p>\n<p>&#13;<br \/>\n&#13;<\/p>\n<p style=\"text-align:justify\"><strong>Falta de financiamento<\/strong><\/p>\n<p>&#13;<br \/>\n&#13;<\/p>\n<p style=\"text-align:justify\">O financiamento global est\u00e1 estagnado. Em 2024, foram investidos US$ 5,9 bilh\u00f5es \u2014 muito abaixo da meta anual de US$ 22 bilh\u00f5es at\u00e9 2027. A OMS alerta que o d\u00e9ficit pode provocar 2 milh\u00f5es de mortes adicionais entre 2025 e 2035.<\/p>\n<p>&#13;<br \/>\n&#13;<\/p>\n<p style=\"text-align:justify\">Recursos destinados \u00e0 pesquisa tamb\u00e9m s\u00e3o insuficientes: em 2023, o investimento em inova\u00e7\u00e3o atingiu apenas 24% da meta, totalizando US$ 1,2 bilh\u00e3o.<\/p>\n<p>&#13;<\/p>\n<p>\t\t\t\t<a href=\"https:\/\/acrticadecampogrande.substack.com\/\" class=\"grupoSubstack\" title=\"Newsletter A Cr\u00edtica\" target=\"_blank\" rel=\"nofollow noopener\"><br \/>\n\t\t\t\t\t<img decoding=\"async\" src=\"https:\/\/www.europesays.com\/pt\/wp-content\/uploads\/2025\/09\/assine-newsletter-acritica.gif\" alt=\"Assine a Newsletter\" loading=\"lazy\"\/><br \/>\n\t\t\t\t<\/a><\/p>\n","protected":false},"excerpt":{"rendered":"OMS alerta que a tuberculose ainda avan\u00e7a de forma lenta no mundo e segue entre as doen\u00e7as infecciosas&hellip;\n","protected":false},"author":2,"featured_media":152064,"comment_status":"","ping_status":"","sticky":false,"template":"","format":"standard","meta":{"footnotes":""},"categories":[86],"tags":[32930,4774,32931,116,2778,32,33,32932,117,32933,11256],"class_list":{"0":"post-152063","1":"post","2":"type-post","3":"status-publish","4":"format-standard","5":"has-post-thumbnail","7":"category-saude","8":"tag-brasil-tuberculose","9":"tag-doencas-infecciosas","10":"tag-financiamento-saude","11":"tag-health","12":"tag-oms","13":"tag-portugal","14":"tag-pt","15":"tag-relatorio-oms-2024","16":"tag-saude","17":"tag-saude-mundial","18":"tag-tuberculose"},"share_on_mastodon":{"url":"https:\/\/pubeurope.com\/@pt\/115549876289076719","error":""},"_links":{"self":[{"href":"https:\/\/www.europesays.com\/pt\/wp-json\/wp\/v2\/posts\/152063","targetHints":{"allow":["GET"]}}],"collection":[{"href":"https:\/\/www.europesays.com\/pt\/wp-json\/wp\/v2\/posts"}],"about":[{"href":"https:\/\/www.europesays.com\/pt\/wp-json\/wp\/v2\/types\/post"}],"author":[{"embeddable":true,"href":"https:\/\/www.europesays.com\/pt\/wp-json\/wp\/v2\/users\/2"}],"replies":[{"embeddable":true,"href":"https:\/\/www.europesays.com\/pt\/wp-json\/wp\/v2\/comments?post=152063"}],"version-history":[{"count":0,"href":"https:\/\/www.europesays.com\/pt\/wp-json\/wp\/v2\/posts\/152063\/revisions"}],"wp:featuredmedia":[{"embeddable":true,"href":"https:\/\/www.europesays.com\/pt\/wp-json\/wp\/v2\/media\/152064"}],"wp:attachment":[{"href":"https:\/\/www.europesays.com\/pt\/wp-json\/wp\/v2\/media?parent=152063"}],"wp:term":[{"taxonomy":"category","embeddable":true,"href":"https:\/\/www.europesays.com\/pt\/wp-json\/wp\/v2\/categories?post=152063"},{"taxonomy":"post_tag","embeddable":true,"href":"https:\/\/www.europesays.com\/pt\/wp-json\/wp\/v2\/tags?post=152063"}],"curies":[{"name":"wp","href":"https:\/\/api.w.org\/{rel}","templated":true}]}}