{"id":152067,"date":"2025-11-14T20:15:28","date_gmt":"2025-11-14T20:15:28","guid":{"rendered":"https:\/\/www.europesays.com\/pt\/152067\/"},"modified":"2025-11-14T20:15:28","modified_gmt":"2025-11-14T20:15:28","slug":"e-muito-dificil-comentar-o-que-trump-disse","status":"publish","type":"post","link":"https:\/\/www.europesays.com\/pt\/152067\/","title":{"rendered":"&#8220;\u00c9 muito dif\u00edcil comentar&#8221; o que Trump disse"},"content":{"rendered":"<p class=\"wp-caption-text top\">Bonnie Cash \/ EPA<\/p>\n<p><img decoding=\"async\" loading=\"lazy\" class=\"size-kopa-image-size-3 wp-image-711468\" src=\"https:\/\/www.europesays.com\/pt\/wp-content\/uploads\/2025\/11\/89b4363646eefed491faf9880e9cd997-783x450.jpg\" alt=\"\" width=\"700\" height=\"402\"  \/><\/p>\n<p class=\"wp-caption-text bot\">Donald Trump, presidente dos EUA, assina acordo que p\u00f5e fim \u00e0 paralisa\u00e7\u00e3o do Governo<\/p>\n<p><strong>Governo dos EUA volta a funcionar ap\u00f3s assinatura do presidente, que deixou uns \u201crecados\u201d, no m\u00ednimo, question\u00e1veis.<\/strong><\/p>\n<p>Praticamente um m\u00eas e meio depois, o <strong>Governo federal dos EUA voltou a funcionar<\/strong> nesta quinta-feira.<\/p>\n<p>O Presidente dos Estados Unidos, <strong>Donald Trump, assinou<\/strong> a proposta de lei aprovada pelo Congresso que p\u00f5e fim ao encerramento por 43 dias da actividade administrativa do governo, o mais longo da hist\u00f3ria do pa\u00eds.<\/p>\n<p>Na cerim\u00f3nia de <a href=\"https:\/\/zap.aeiou.pt\/fim-paralisacao-eua-711248\" data-wpel-link=\"internal\" rel=\"nofollow noopener\" target=\"_blank\">assinatura<\/a> do documento, Trump deixou uns recados, sobretudo para o Partido Democrata.<\/p>\n<p>Enquanto agradecia aos senadores <strong>democratas<\/strong> que mudaram de opini\u00e3o e votaram ao lado dos republicanos, garantiu que n\u00e3o vai permitir outra <strong>\u201cextors\u00e3o\u201d.<\/strong><\/p>\n<p>Donald Trump referia-se \u00e0 sua <strong>teoria:<\/strong> os representantes do rival Partido Democrata foram os grandes respons\u00e1veis por esta paralisa\u00e7\u00e3o, por esta dificuldade em chegar a um acordo porque, alega, tinham uma exig\u00eancia na <strong>Sa\u00fade<\/strong> para <strong>imigrantes ilegais.<\/strong><\/p>\n<p>Jos\u00e9 Gomes Andr\u00e9 olha para este discurso como (mais) uma \u201ctentativa de controlar a narrativa pol\u00edtica\u201d.<\/p>\n<p>\u201c<strong>Vivemos numa altura em que a discuss\u00e3o j\u00e1 muito poucas vezes tem a ver com an\u00e1lise racional e objectiva<\/strong> de quem tem as responsabilidades pol\u00edticas \u2013 tem a ver com a <strong>constru\u00e7\u00e3o de uma hist\u00f3ria<\/strong>\u201d, lembra o comentador na <a href=\"https:\/\/www.rtp.pt\/play\/p14285\/e889267\/jornal-2\" data-wpel-link=\"external\" target=\"_blank\" rel=\"nofollow external noopener noreferrer\" class=\"ext-link\">RTP<\/a>.<\/p>\n<p><strong>Trump,<\/strong> nesse aspecto, \u00e9 de facto \u201cum <strong>mestre\u201d,<\/strong> descreve.<\/p>\n<p>\u201cConsegue passar uma convic\u00e7\u00e3o que os democratas foram directamente respons\u00e1veis (pela paralisa\u00e7\u00e3o) porque insistiam na import\u00e2ncia de haver uma parte de um pacote or\u00e7amental para proteger imigrantes ilegais, nomeadamente na \u00e1rea da Sa\u00fade\u201d.<\/p>\n<p>De facto, ainda em Setembro, Donald Trump escreveu na <a href=\"https:\/\/truthsocial.com\/@realDonaldTrump\/posts\/115260643704742189\" data-wpel-link=\"external\" target=\"_blank\" rel=\"nofollow external noopener noreferrer\" class=\"ext-link\">Truth Social<\/a>: \u201cOs <strong>democratas querem que os imigrantes ilegais<\/strong>, muitos deles criminosos violentos, <strong>recebam assist\u00eancia m\u00e9dica gratuita<\/strong>\u201d.<\/p>\n<p>A <a href=\"https:\/\/edition.cnn.com\/2025\/09\/30\/politics\/fact-check-trump-free-health-care-immigration\" data-wpel-link=\"external\" target=\"_blank\" rel=\"nofollow external noopener noreferrer\" class=\"ext-link\">CNN<\/a> j\u00e1 tinha <strong>desmentido<\/strong> o presidente dos EUA. O que os democratas exigiam era manter subs\u00eddios federais mais generosos para ajudar os americanos a suportar os custos dos planos de sa\u00fade do Obamacare; e para reverter os profundos cortes no Medicaid e noutros programas de sa\u00fade inclu\u00eddos no amplo pacote de pol\u00edticas internas de Trump. Nenhuma proposta garantiria cobertura de sa\u00fade aos imigrantes ilegais \u2013 porque esses<strong> imigrantes nem sequer s\u00e3o eleg\u00edveis<\/strong> para nenhum dos dois programas.<\/p>\n<p>\u201c<strong>Nada disto \u00e9 verdadeiro. Portanto, \u00e9 muito dif\u00edcil comentar<\/strong> uma estrat\u00e9gia de fundo quanto a uma discuss\u00e3o objetiva. Porque ela n\u00e3o existe. Trata-se simplesmente de insistir numa narrativa que, feliz ou infelizmente, julgo que infelizmente, continua a ser popular nos EUA\u201d, continua Jos\u00e9 Gomes Andr\u00e9.<\/p>\n<p>Num momento em que os republicanos t\u00eam uma maioria larga nos v\u00e1rios \u00f3rg\u00e3os federais, tentar culpar os democratas \u00e9 \u201cparte essencial dessa narrativa\u201d, conclui o especialista em pol\u00edtica internacional.<\/p>\n<p style=\"padding-left: 25px; margin-bottom: 10; font-family: Roboto, Arial, Helvetica, sans-serif; font-size: 15px\">&#13;<br \/>\n        Nuno Teixeira da Silva, ZAP \/\/ <a href=\"\" data-wpel-link=\"internal\">Lusa<\/a>&#13;\n    <\/p>\n<p>    <a href=\"https:\/\/zap.aeiou.pt\/subscrever-newsletter\" data-wpel-link=\"internal\" rel=\"nofollow noopener\" target=\"_blank\">&#13;<br \/>\n        <img loading=\"lazy\" decoding=\"async\" class=\"aligncenter size-full wp-image-575475\" src=\"https:\/\/www.europesays.com\/pt\/wp-content\/uploads\/2025\/11\/2d51fe4a0ba54894421ead1809309ed9-1-450x140.jpg\" alt=\"Subscreva a Newsletter ZAP\" width=\"450\" height=\"140\"\/>&#13;<br \/>\n    <\/a><\/p>\n<p>                <a href=\"https:\/\/whatsapp.com\/channel\/0029VaIC4EE2f3EJZPPSbR34\" data-wpel-link=\"external\" target=\"_blank\" rel=\"nofollow external noopener noreferrer\" class=\"ext-link\">&#13;<br \/>\n                    <img loading=\"lazy\" decoding=\"async\" class=\"aligncenter size-full wp-image-575475\" src=\"https:\/\/www.europesays.com\/pt\/wp-content\/uploads\/2025\/11\/c68c559d956d4ca20f435ed74a6e71e6.png\" alt=\"Siga-nos no WhatsApp\" width=\"175\" height=\"64\"\/>&#13;<br \/>\n                <\/a><\/p>\n<p>                <a href=\"https:\/\/news.google.com\/publications\/CAAiEHRwZondIV71PDjWNoqMduEqFAgKIhB0cGaJ3SFe9Tw41jaKjHbh?hl=en-US&amp;gl=US&amp;ceid=US%3Aen\" data-wpel-link=\"external\" target=\"_blank\" rel=\"nofollow external noopener noreferrer\" class=\"ext-link\">&#13;<br \/>\n                    <img loading=\"lazy\" decoding=\"async\" class=\"aligncenter size-full wp-image-575475\" src=\"https:\/\/www.europesays.com\/pt\/wp-content\/uploads\/2025\/11\/5123dd8b087b644fdb8f8603acd1bad4.png\" alt=\"Siga-nos no Google News\" width=\"176\" height=\"64\"\/>&#13;<br \/>\n                <\/a><\/p>\n","protected":false},"excerpt":{"rendered":"Bonnie Cash \/ EPA Donald Trump, presidente dos EUA, assina acordo que p\u00f5e fim \u00e0 paralisa\u00e7\u00e3o do Governo&hellip;\n","protected":false},"author":2,"featured_media":152068,"comment_status":"","ping_status":"","sticky":false,"template":"","format":"standard","meta":{"footnotes":""},"categories":[50],"tags":[27,28,92,413,13129,15,16,14,25,26,21,22,62,12,13,19,20,4007,23,24,17,18,29,30,31,63,64,65],"class_list":{"0":"post-152067","1":"post","2":"type-post","3":"status-publish","4":"format-standard","5":"has-post-thumbnail","7":"category-mundo","8":"tag-breaking-news","9":"tag-breakingnews","10":"tag-donald-trump","11":"tag-eua","12":"tag-fake-news","13":"tag-featured-news","14":"tag-featurednews","15":"tag-headlines","16":"tag-latest-news","17":"tag-latestnews","18":"tag-main-news","19":"tag-mainnews","20":"tag-mundo","21":"tag-news","22":"tag-noticias","23":"tag-noticias-principais","24":"tag-noticiasprincipais","25":"tag-politica-internacional","26":"tag-principais-noticias","27":"tag-principaisnoticias","28":"tag-top-stories","29":"tag-topstories","30":"tag-ultimas","31":"tag-ultimas-noticias","32":"tag-ultimasnoticias","33":"tag-world","34":"tag-world-news","35":"tag-worldnews"},"share_on_mastodon":{"url":"https:\/\/pubeurope.com\/@pt\/115549892197374716","error":""},"_links":{"self":[{"href":"https:\/\/www.europesays.com\/pt\/wp-json\/wp\/v2\/posts\/152067","targetHints":{"allow":["GET"]}}],"collection":[{"href":"https:\/\/www.europesays.com\/pt\/wp-json\/wp\/v2\/posts"}],"about":[{"href":"https:\/\/www.europesays.com\/pt\/wp-json\/wp\/v2\/types\/post"}],"author":[{"embeddable":true,"href":"https:\/\/www.europesays.com\/pt\/wp-json\/wp\/v2\/users\/2"}],"replies":[{"embeddable":true,"href":"https:\/\/www.europesays.com\/pt\/wp-json\/wp\/v2\/comments?post=152067"}],"version-history":[{"count":0,"href":"https:\/\/www.europesays.com\/pt\/wp-json\/wp\/v2\/posts\/152067\/revisions"}],"wp:featuredmedia":[{"embeddable":true,"href":"https:\/\/www.europesays.com\/pt\/wp-json\/wp\/v2\/media\/152068"}],"wp:attachment":[{"href":"https:\/\/www.europesays.com\/pt\/wp-json\/wp\/v2\/media?parent=152067"}],"wp:term":[{"taxonomy":"category","embeddable":true,"href":"https:\/\/www.europesays.com\/pt\/wp-json\/wp\/v2\/categories?post=152067"},{"taxonomy":"post_tag","embeddable":true,"href":"https:\/\/www.europesays.com\/pt\/wp-json\/wp\/v2\/tags?post=152067"}],"curies":[{"name":"wp","href":"https:\/\/api.w.org\/{rel}","templated":true}]}}