{"id":152081,"date":"2025-11-14T20:28:09","date_gmt":"2025-11-14T20:28:09","guid":{"rendered":"https:\/\/www.europesays.com\/pt\/152081\/"},"modified":"2025-11-14T20:28:09","modified_gmt":"2025-11-14T20:28:09","slug":"setores-profissoes-que-ganharam-mais-poder-de-compra-em-2025","status":"publish","type":"post","link":"https:\/\/www.europesays.com\/pt\/152081\/","title":{"rendered":"Setores\/Profiss\u00f5es que ganharam mais poder de compra em 2025"},"content":{"rendered":"<p>Nos \u00faltimos meses reduziu-se a diferen\u00e7a de remunera\u00e7\u00f5es m\u00e9dias entre v\u00e1rios setores de atividade econ\u00f3mica. Podemos constatar essa realidade na base em dados recolhidos pelo INE junto da Seguran\u00e7a Social, relativos \u00e0 <strong><a href=\"https:\/\/www.ine.pt\/xportal\/xmain?xpid=INE&amp;xpgid=ine_destaques&amp;DESTAQUESdest_boui=707276121&amp;DESTAQUESmodo=2\" target=\"_blank\" rel=\"noopener nofollow\">Remunera\u00e7\u00e3o bruta mensal m\u00e9dia por trabalhador (dados de setembro de 2025)<\/a><\/strong><a href=\"https:\/\/www.ine.pt\/xportal\/xmain?xpid=INE&amp;xpgid=ine_destaques&amp;DESTAQUESdest_boui=707276121&amp;DESTAQUESmodo=2\" target=\"_blank\" rel=\"noopener nofollow\">.<\/a><\/p>\n<p>Alguns dos setores mais mal remunerados surgem neste outro TOP (ver tamb\u00e9m: \u201c<strong><a href=\"https:\/\/economiafinancas.com\/2025\/top-20-das-remuneracoes-medias-mensais-por-setor-de-atividade-em-portugal-2025\/\" target=\"_blank\" rel=\"bookmark noopener nofollow\">TOP 20 das remunera\u00e7\u00f5es m\u00e9dias mensais por setor de atividade em Portugal \u2013 2025<\/a><\/strong>\u201c) como os que t\u00eam registado os maiores aumentos de remunera\u00e7\u00f5es.<\/p>\n<p>O setor da Agricultura, produ\u00e7\u00e3o animal, ca\u00e7a, floresta e pesca que continua a perder trabalhadores a um ritmo acelerado e a ocupar o fundo da tabela em termos de remunera\u00e7\u00e3o, de facto, est\u00e1 a registar crescimentos reais de remunera\u00e7\u00e3o acima dos 10%. Uma rea\u00e7\u00e3o muito provavelmente alinhada com a necessidade de mais m\u00e3o de obra num setor que t\u00eam registado elevados n\u00edveis de investimento nos \u00faltimo anos.<\/p>\n<p>A Constru\u00e7\u00e3o que tamb\u00e9m \u00e9 dos setores com as remunera\u00e7\u00f5es m\u00e9dias mais baixas tem vindo a conseguir captar novos quadros (cerca de 22 mil num ano) e surge nesta lista em 2\u00ba lugar em termos de maiores crescimentos reais de remunera\u00e7\u00f5es. Mais uma vez estamos perante um setor com elevados n\u00edveis de investimento e maiores carteiras de encomendas.<\/p>\n<p>A Administra\u00e7\u00e3o P\u00fablica recuperou poder de compra entre 2024 e 2025 e surge na 3\u00ba posi\u00e7\u00e3o quanto ao maior crescimento real das remunera\u00e7\u00f5es m\u00e9dias em empate com o setor do Alojamento, restaura\u00e7\u00e3o e similares.<\/p>\n<p>18 dos 20 setores registaram uma recupera\u00e7\u00e3o do poder de compra<\/p>\n<p>18 dos 20 setores registaram uma recupera\u00e7\u00e3o do poder de compra no ano fechado em setembro de 2025. As exce\u00e7\u00f5es s\u00e3o o setor com as remunera\u00e7\u00f5es mais altas (Eletricidade, g\u00e1s, vapor, \u00e1gua quente e fria e ar frio com uma queda de 0,8%) e o sector das Atividades dos organismos internacionais e outras institui\u00e7\u00f5es extra-territoriais (-1,8%).<\/p>\n<p>Apesar destes \u00faltimos 12 meses terem trazido uma redu\u00e7\u00e3o das diferen\u00e7as m\u00e9dias entre os setores, seriam precisos muitos anos como este para que essa aproxima\u00e7\u00e3o fosse significativa.<\/p>\n<tr>\n<td rowspan=\"3\" width=\"372\">Portugal<\/td>\n<td colspan=\"4\" width=\"404\">Varia\u00e7\u00e3o hom\u00f3loga<\/td>\n<\/tr>\n<tr>\n<td width=\"101\">N\u00famero de trabalhadores<\/td>\n<td width=\"101\">Remunera\u00e7\u00e3o bruta total<\/td>\n<td width=\"101\">Remunera\u00e7\u00e3o bruta regular<\/td>\n<td width=\"101\">Remunera\u00e7\u00e3o bruta base<\/td>\n<\/tr>\n<tr>\n<td colspan=\"4\" width=\"404\">%<\/td>\n<\/tr>\n<tr>\n<td>Total<\/td>\n<td>\u00a01,8<\/td>\n<td>\u00a02,6<\/td>\n<td>\u00a02,7<\/td>\n<td>\u00a02,7<\/td>\n<\/tr>\n<tr>\n<td width=\"372\">A \u2013 Agricultura, produ\u00e7\u00e3o animal, ca\u00e7a, floresta e pesca<\/td>\n<td>\u2013 11,1<\/td>\n<td>\u00a010,2<\/td>\n<td>\u00a09,4<\/td>\n<td>\u00a09,2<\/td>\n<\/tr>\n<tr>\n<td width=\"372\">F \u2013 Constru\u00e7\u00e3o<\/td>\n<td>\u00a05,8<\/td>\n<td>\u00a03,9<\/td>\n<td>\u00a03,8<\/td>\n<td>\u00a03,5<\/td>\n<\/tr>\n<tr>\n<td width=\"372\">O \u2013 Administra\u00e7\u00e3o P\u00fablica e Defesa; Seguran\u00e7a Social Obrigat\u00f3ria<\/td>\n<td>\u00a02,4<\/td>\n<td>\u00a03,8<\/td>\n<td>\u00a03,8<\/td>\n<td>\u00a02,6<\/td>\n<\/tr>\n<tr>\n<td width=\"372\">I \u2013 Alojamento, restaura\u00e7\u00e3o e similares<\/td>\n<td>\u00a00,9<\/td>\n<td>\u00a03,8<\/td>\n<td>\u00a03,4<\/td>\n<td>\u00a03,4<\/td>\n<\/tr>\n<tr>\n<td width=\"372\">L \u2013 Atividades imobili\u00e1rias<\/td>\n<td>\u00a05,8<\/td>\n<td>\u00a03,2<\/td>\n<td>\u00a03,3<\/td>\n<td>\u00a03,1<\/td>\n<\/tr>\n<tr>\n<td width=\"372\">P \u2013 Educa\u00e7\u00e3o<\/td>\n<td>\u00a00,4<\/td>\n<td>\u00a02,9<\/td>\n<td>\u00a03,4<\/td>\n<td>\u00a03,4<\/td>\n<\/tr>\n<tr>\n<td width=\"372\">N \u2013 Atividades administrativas e dos servi\u00e7os de apoio<\/td>\n<td>\u00a03,9<\/td>\n<td>\u00a02,9<\/td>\n<td>\u00a02,9<\/td>\n<td>\u00a03,0<\/td>\n<\/tr>\n<tr>\n<td width=\"372\">G \u2013 Com\u00e9rcio por grosso e a retalho; repara\u00e7\u00e3o de ve\u00edculos autom\u00f3veis e motociclos<\/td>\n<td>\u00a00,8<\/td>\n<td>\u00a02,7<\/td>\n<td>\u00a02,2<\/td>\n<td>\u00a01,8<\/td>\n<\/tr>\n<tr>\n<td width=\"372\">J \u2013 Atividades de informa\u00e7\u00e3o e de comunica\u00e7\u00e3o<\/td>\n<td>\u00a06,3<\/td>\n<td>\u00a02,2<\/td>\n<td>\u00a02,8<\/td>\n<td>\u00a02,8<\/td>\n<\/tr>\n<tr>\n<td width=\"372\">C \u2013 Ind\u00fastrias transformadoras<\/td>\n<td>\u2013 1,1<\/td>\n<td>\u00a02,2<\/td>\n<td>\u00a02,5<\/td>\n<td>\u00a02,3<\/td>\n<\/tr>\n<tr>\n<td width=\"372\">S \u2013 Outras atividades de servi\u00e7os<\/td>\n<td>\u00a02,2<\/td>\n<td>\u00a02,2<\/td>\n<td>\u00a02,2<\/td>\n<td>\u00a01,9<\/td>\n<\/tr>\n<tr>\n<td width=\"372\">H \u2013 Transportes e armazenagem<\/td>\n<td>\u00a01,7<\/td>\n<td>\u00a01,8<\/td>\n<td>\u00a01,6<\/td>\n<td>\u00a02,1<\/td>\n<\/tr>\n<tr>\n<td width=\"372\">B \u2013 Ind\u00fastrias extrativas<\/td>\n<td>\u00a03,0<\/td>\n<td>\u00a01,6<\/td>\n<td>\u00a01,6<\/td>\n<td>\u00a01,1<\/td>\n<\/tr>\n<tr>\n<td width=\"372\">M \u2013 Atividades de consultoria, cient\u00edfica, t\u00e9cnicas e similares<\/td>\n<td>\u00a03,5<\/td>\n<td>\u00a01,3<\/td>\n<td>\u00a01,8<\/td>\n<td>\u00a01,6<\/td>\n<\/tr>\n<tr>\n<td width=\"372\">E \u2013 Capta\u00e7\u00e3o, tratamento e distribui\u00e7\u00e3o de \u00e1gua; saneamento, gest\u00e3o de res\u00edduos e despolui\u00e7\u00e3o<\/td>\n<td>\u00a05,0<\/td>\n<td>\u00a01,2<\/td>\n<td>\u00a01,4<\/td>\n<td>\u00a01,7<\/td>\n<\/tr>\n<tr>\n<td width=\"372\">R \u2013 Atividades art\u00edsticas, de espect\u00e1culos, desportivas e recreativas<\/td>\n<td>\u00a07,0<\/td>\n<td>\u00a00,7<\/td>\n<td>\u00a00,3<\/td>\n<td>\u00a00,1<\/td>\n<\/tr>\n<tr>\n<td width=\"372\">Q \u2013 Atividades de sa\u00fade humana e apoio social<\/td>\n<td>\u00a03,9<\/td>\n<td>\u00a00,6<\/td>\n<td>\u00a01,4<\/td>\n<td>\u00a03,2<\/td>\n<\/tr>\n<tr>\n<td width=\"372\">K \u2013 Atividades financeiras e de seguros<\/td>\n<td>\u00a02,1<\/td>\n<td>\u00a00,3<\/td>\n<td>\u00a00,0<\/td>\n<td>\u00a00,3<\/td>\n<\/tr>\n<tr>\n<td width=\"372\">D \u2013 Eletricidade, g\u00e1s, vapor, \u00e1gua quente e fria e ar frio<\/td>\n<td>\u2013 1,4<\/td>\n<td>\u2013 0,8<\/td>\n<td>\u2013 0,1<\/td>\n<td>\u2013 0,1<\/td>\n<\/tr>\n<tr>\n<td width=\"372\">U \u2013 Atividades dos organismos internacionais e outras institui\u00e7\u00f5es extra-territoriais<\/td>\n<td>\u2013 0,7<\/td>\n<td>\u2013 1,8<\/td>\n<td>\u2013 1,3<\/td>\n<td>\u2013 1,4<\/td>\n<\/tr>\n<p>\u00a0<\/p>\n<p>O que \u00e9 a remunera\u00e7\u00e3o bruta mensal m\u00e9dia por trabalhador?<\/p>\n<p>Segundo o INE:<\/p>\n<blockquote>\n<p>A remunera\u00e7\u00e3o bruta mensal m\u00e9dia por trabalhador corresponde ao r\u00e1cio entre o somat\u00f3rio do volume de remunera\u00e7\u00f5es pago pelas empresas e o total de trabalhadores nessas empresas. Por essa raz\u00e3o, a sua evolu\u00e7\u00e3o reflete varia\u00e7\u00f5es no volume das remunera\u00e7\u00f5es pagas (como, por exemplo, o pagamento de b\u00f3nus, de subs\u00eddio de f\u00e9rias ou de trabalho suplementar), mas tamb\u00e9m no n\u00famero de trabalhadores e na sua composi\u00e7\u00e3o, sobretudo em termos de caracter\u00edsticas n\u00e3o observadas nesta base de dados (a tempo parcial vs. a tempo completo; n\u00edvel de escolaridade; profiss\u00e3o; anos de experi\u00eancia; horas trabalhadas; entre outras).<\/p>\n<\/blockquote>\n<p>Note-se que o subs\u00eddio de refei\u00e7\u00e3o at\u00e9 aos \u20ac6%\/dia ou pago em cart\u00e3o ficam de fora destas contas:<\/p>\n<blockquote>\n<p>A remunera\u00e7\u00e3o bruta mensal m\u00e9dia total, regular e base constantes do presente Destaque apenas consideram as remunera\u00e7\u00f5es sujeitas a tributa\u00e7\u00e3o, ou seja, sujeitas a reten\u00e7\u00e3o de IRS na fonte e de desconto para a SS ou para a CGA. Deste modo, est\u00e3o exclu\u00eddos montantes como, por exemplo, o subs\u00eddio de refei\u00e7\u00e3o at\u00e9 ao valor de 6,00 Euros (ou de 10,20 Euros, se pago em dinheiro ou cart\u00e3o de refei\u00e7\u00e3o) desde janeiro de 2025.<\/p>\n<\/blockquote>\n","protected":false},"excerpt":{"rendered":"Nos \u00faltimos meses reduziu-se a diferen\u00e7a de remunera\u00e7\u00f5es m\u00e9dias entre v\u00e1rios setores de atividade econ\u00f3mica. Podemos constatar essa&hellip;\n","protected":false},"author":2,"featured_media":152082,"comment_status":"","ping_status":"","sticky":false,"template":"","format":"standard","meta":{"footnotes":""},"categories":[83],"tags":[88,89,618,90,32,33,32934,18529,6248],"class_list":{"0":"post-152081","1":"post","2":"type-post","3":"status-publish","4":"format-standard","5":"has-post-thumbnail","7":"category-empresas","8":"tag-business","9":"tag-economy","10":"tag-emprego","11":"tag-empresas","12":"tag-portugal","13":"tag-pt","14":"tag-remuneracao-media-mensal","15":"tag-remuneracoes","16":"tag-salarios"},"share_on_mastodon":{"url":"https:\/\/pubeurope.com\/@pt\/115549942769981209","error":""},"_links":{"self":[{"href":"https:\/\/www.europesays.com\/pt\/wp-json\/wp\/v2\/posts\/152081","targetHints":{"allow":["GET"]}}],"collection":[{"href":"https:\/\/www.europesays.com\/pt\/wp-json\/wp\/v2\/posts"}],"about":[{"href":"https:\/\/www.europesays.com\/pt\/wp-json\/wp\/v2\/types\/post"}],"author":[{"embeddable":true,"href":"https:\/\/www.europesays.com\/pt\/wp-json\/wp\/v2\/users\/2"}],"replies":[{"embeddable":true,"href":"https:\/\/www.europesays.com\/pt\/wp-json\/wp\/v2\/comments?post=152081"}],"version-history":[{"count":0,"href":"https:\/\/www.europesays.com\/pt\/wp-json\/wp\/v2\/posts\/152081\/revisions"}],"wp:featuredmedia":[{"embeddable":true,"href":"https:\/\/www.europesays.com\/pt\/wp-json\/wp\/v2\/media\/152082"}],"wp:attachment":[{"href":"https:\/\/www.europesays.com\/pt\/wp-json\/wp\/v2\/media?parent=152081"}],"wp:term":[{"taxonomy":"category","embeddable":true,"href":"https:\/\/www.europesays.com\/pt\/wp-json\/wp\/v2\/categories?post=152081"},{"taxonomy":"post_tag","embeddable":true,"href":"https:\/\/www.europesays.com\/pt\/wp-json\/wp\/v2\/tags?post=152081"}],"curies":[{"name":"wp","href":"https:\/\/api.w.org\/{rel}","templated":true}]}}