{"id":152089,"date":"2025-11-14T20:39:08","date_gmt":"2025-11-14T20:39:08","guid":{"rendered":"https:\/\/www.europesays.com\/pt\/152089\/"},"modified":"2025-11-14T20:39:08","modified_gmt":"2025-11-14T20:39:08","slug":"fogo-e-cinzas-ganha-novas-fotos-com-jake-sully-e-quaritch","status":"publish","type":"post","link":"https:\/\/www.europesays.com\/pt\/152089\/","title":{"rendered":"Fogo e Cinzas ganha novas fotos com Jake Sully e Quaritch"},"content":{"rendered":"<p><strong>Avatar: Fogo e Cinzas<\/strong>,\u00a0terceiro cap\u00edtulo da franquia de\u00a0<strong>James Cameron<\/strong>, ganhou novas fotos com Jake Sully (<strong>Sam Worthington<\/strong>) e Quaritch (<strong>Stephen Lang<\/strong>) em destaque. Vale lembrar que o novo trailer <a href=\"https:\/\/www.omelete.com.br\/filmes\/avatar-3-fogo-e-cinzas-trailer-na-segunda-veja-teaser\/\" rel=\"noopener nofollow\" target=\"_blank\">do filme j\u00e1 ganhou data de lan\u00e7amento<\/a>. Confira abaixo!\u00a0(via Empire)<\/p>\n<p>            Continua depois da Publicidade<\/p>\n<p>    <strong>Tudo sobre\u00a0Avatar: Fogo e Cinzas<\/strong><\/p>\n<p>Ainda n\u00e3o h\u00e1 muitos detalhes sobre a hist\u00f3ria do filme, mas teremos uma nova aventura em Pandora que, assim como\u00a0O Caminho da \u00c1gua, apresentar\u00e1 novas tribos de Na&#8217;vi.<\/p>\n<p>A principal tribo que conheceremos em\u00a0Avatar: Fogo e Cinzas\u00a0\u00e9\u00a0O Povo das Cinzas, descrito como um grupo vulc\u00e2nico e agressivo, em contraste com os pac\u00edficos Metkayina, cl\u00e3 dos mares apresentado em\u00a0Avatar: O Caminho da \u00c1gua.\u00a0Oona Chaplin, neta de Charles Chaplin e atriz de\u00a0Game of Thrones, viver\u00e1 Varang, a l\u00edder do Povo das Cinzas.<\/p>\n<p>Avatar: Fogo e Cinzas\u00a0tamb\u00e9m trocar\u00e1 de narrador, deixando o Jake Sully de Sam Worthington de lado em favor do Lo&#8217;ak de Britain Dalton.\u00a0Este \u00e9 o terceiro de cinco filmes de\u00a0Avatar.<\/p>\n<p>            Continua depois da Publicidade<\/p>\n<p>Avatar: Fogo e Cinzas\u00a0estreia em\u00a019 de dezembro de 2025. Um hiato de quatro anos vai separ\u00e1-lo de\u00a0Avatar 4, que chega aos cinemas em 21 de dezembro de 2029. \u00daltimo filme da saga previsto,\u00a0Avatar 5\u00a0tem data de lan\u00e7amento prevista para 19 de dezembro de 2031.<\/p>\n<p>Com isso, o \u00faltimo\u00a0Avatar\u00a0sair\u00e1 22 anos depois do original em 2009, isso se as datas forem mantidas.<\/p>\n<p>\u00daltimo lan\u00e7amento da franquia,\u00a0Avatar: O Caminho da \u00c1gua\u00a0retomou a hist\u00f3ria de Jake Sully (Sam Worthington) e sua amada Neytiri (Zo\u00eb Salda\u00f1a) no planeta de Pandora. Muitos anos depois dos eventos do primeiro filme, os dois formaram uma fam\u00edlia e se veem na posi\u00e7\u00e3o de defender o planeta de uma nova invas\u00e3o humana.<\/p>\n<p>            Continua depois da Publicidade<\/p>\n","protected":false},"excerpt":{"rendered":"Avatar: Fogo e Cinzas,\u00a0terceiro cap\u00edtulo da franquia de\u00a0James Cameron, ganhou novas fotos com Jake Sully (Sam Worthington) e&hellip;\n","protected":false},"author":2,"featured_media":152090,"comment_status":"","ping_status":"","sticky":false,"template":"","format":"standard","meta":{"footnotes":""},"categories":[140],"tags":[114,115,147,148,146,32,33],"class_list":{"0":"post-152089","1":"post","2":"type-post","3":"status-publish","4":"format-standard","5":"has-post-thumbnail","7":"category-filmes","8":"tag-entertainment","9":"tag-entretenimento","10":"tag-film","11":"tag-filmes","12":"tag-movies","13":"tag-portugal","14":"tag-pt"},"share_on_mastodon":{"url":"https:\/\/pubeurope.com\/@pt\/115549986127250949","error":""},"_links":{"self":[{"href":"https:\/\/www.europesays.com\/pt\/wp-json\/wp\/v2\/posts\/152089","targetHints":{"allow":["GET"]}}],"collection":[{"href":"https:\/\/www.europesays.com\/pt\/wp-json\/wp\/v2\/posts"}],"about":[{"href":"https:\/\/www.europesays.com\/pt\/wp-json\/wp\/v2\/types\/post"}],"author":[{"embeddable":true,"href":"https:\/\/www.europesays.com\/pt\/wp-json\/wp\/v2\/users\/2"}],"replies":[{"embeddable":true,"href":"https:\/\/www.europesays.com\/pt\/wp-json\/wp\/v2\/comments?post=152089"}],"version-history":[{"count":0,"href":"https:\/\/www.europesays.com\/pt\/wp-json\/wp\/v2\/posts\/152089\/revisions"}],"wp:featuredmedia":[{"embeddable":true,"href":"https:\/\/www.europesays.com\/pt\/wp-json\/wp\/v2\/media\/152090"}],"wp:attachment":[{"href":"https:\/\/www.europesays.com\/pt\/wp-json\/wp\/v2\/media?parent=152089"}],"wp:term":[{"taxonomy":"category","embeddable":true,"href":"https:\/\/www.europesays.com\/pt\/wp-json\/wp\/v2\/categories?post=152089"},{"taxonomy":"post_tag","embeddable":true,"href":"https:\/\/www.europesays.com\/pt\/wp-json\/wp\/v2\/tags?post=152089"}],"curies":[{"name":"wp","href":"https:\/\/api.w.org\/{rel}","templated":true}]}}