{"id":15209,"date":"2025-08-04T08:30:03","date_gmt":"2025-08-04T08:30:03","guid":{"rendered":"https:\/\/www.europesays.com\/pt\/15209\/"},"modified":"2025-08-04T08:30:03","modified_gmt":"2025-08-04T08:30:03","slug":"redmi-note-15-pro-4g-surge-em-certificacao-e-deve-ser-lancado-em-breve-tudocelular-com","status":"publish","type":"post","link":"https:\/\/www.europesays.com\/pt\/15209\/","title":{"rendered":"Redmi Note 15 Pro 4G surge em certifica\u00e7\u00e3o e deve ser lan\u00e7ado em breve &#8211; TudoCelular.com"},"content":{"rendered":"<ol>\n<li><a href=\"https:\/\/news.google.com\/rss\/articles\/CBMiqwFBVV95cUxOcVZfZXdScVU2aE1nNmJzTVRmeEdyeW1hamRXN3VrX25KaDJmejhUUUVyeTRlUzcweHZkS2U1QXpKWF83YWlVQ1FGRkl5clhneXAzWV9aTUJZdXdIcUNkNzR2UDQxdnVMUGh1ZG9nLW0zYVpEOHRVemF6bGUxdFNWNDJwbHQwd19XSlNDOFljQllxYnhiQWppOXJfUVFvbTQycnhSSjlXMnlsdFU?oc=5\" target=\"_blank\" rel=\"nofollow noopener\">Redmi Note 15 Pro 4G surge em certifica\u00e7\u00e3o e deve ser lan\u00e7ado em breve<\/a>&nbsp;&nbsp;TudoCelular.com<\/li>\n<li><a href=\"https:\/\/news.google.com\/rss\/articles\/CBMi3wFBVV95cUxPSUNOdTN2ZmJNdUF5RGNYckZ4aVNwRnlaMVVMUDZra0R6U01ZZVZXMThBYmpQR0I3b2gzNGlIUGwxalF3aGJfMmp3eXFtU3ZFTGVQZVJFc3dvSmk4RGhGbm9JOGRielJaMGxYckx5TGJKdF9iQXBhWDVQSWFLdFNZdnpYdXZLR2pSUVp5SXhGbVByaWVzZXJ4djgtZ1VVd2RmZ2JnX1hXZUpUdExUVkE5QjRXTHpvQ3FOY3RkNTRMUGx1WldLS3E5T0RxTGs3d2J2aXc2VjByX000VkFaaWNR?oc=5\" target=\"_blank\" rel=\"nofollow noopener\">Xiaomi d\u00e1 passo ousado e anuncia Redmi Note 15 Pro+, 1\u00ba intermedi\u00e1rio capaz de enviar mensagens via sat\u00e9lite<\/a>&nbsp;&nbsp;CPG Click Petr\u00f3leo e G\u00e1s<\/li>\n<li><a href=\"https:\/\/news.google.com\/rss\/articles\/CBMimwFBVV95cUxOOHpiZDRoSzg3VllZdHhNeDEyOEFJSzBoSU5sejdNRi1ockd6Mk9oc0NqdW1fNzBaYkNEcWtwUk5kckIwTmVHSDNuZFIyN0RfbmZuRVRkYTZaOVV2NG5URktVLVBqLU1JQlNVak1ZbzBqODJ3TlJCUEl5eEplb1BVTktKV3RRRC16LVJrcUhVY3p4VDNvZlRGNWVnbw?oc=5\" target=\"_blank\" rel=\"nofollow noopener\">Novo celular com bateria enorme ser\u00e1 vendido por R$ 1.054,00<\/a>&nbsp;&nbsp;Di\u00e1rio do Com\u00e9rcio<\/li>\n<li><a href=\"https:\/\/news.google.com\/rss\/articles\/CBMikwFBVV95cUxNM3NUQjBNNFlwcFRYWURVWlV3RzdQSF9lcl9UdFR1cVcxWTBPbHl4VFBVdEE0RjNCMW1MeDRpckZPczc3R0FXOU5NR2JjN2UteWtyZkozUm8xVzBLZGtRaUFrNnFLSWNxUzU5RDBwNUNUOUhZREpzd25yTjBnOXA0MDZHRWNYNjgyOHZ5N2llMXRTaVk?oc=5\" target=\"_blank\" rel=\"nofollow noopener\">Xiaomi Redmi 15 5G chega com bateria hist\u00f3rica e um pre\u00e7o bem pequeno<\/a>&nbsp;&nbsp;4gnews<\/li>\n<li><a href=\"https:\/\/news.google.com\/rss\/articles\/CBMilwFBVV95cUxPQTVfTXRZT0NTWkFROWxPZGpJWWF0dEZEcFYzU3VZelgtZGszU2ZzTk51c1U0bDloaVRCanNZNlNhLTFuRGhENXdfQUVpczVCQlNBM0NheW5kbm5DVnJsRGszTzlSU2RuZ1hOd2ptSG5RSm95RzB4eUlJMW9oT1BPMEJHYVVQVE45a2lGbTFvTktnNjNOQkNv?oc=5\" target=\"_blank\" rel=\"nofollow noopener\">Xiaomi inova e lan\u00e7a Redmi Note 15 com mensagens via sat\u00e9lite<\/a>&nbsp;&nbsp;fdr.com.br<\/li>\n<\/ol>\n","protected":false},"excerpt":{"rendered":"Redmi Note 15 Pro 4G surge em certifica\u00e7\u00e3o e deve ser lan\u00e7ado em breve&nbsp;&nbsp;TudoCelular.com Xiaomi d\u00e1 passo ousado&hellip;\n","protected":false},"author":2,"featured_media":15210,"comment_status":"","ping_status":"","sticky":false,"template":"","format":"standard","meta":{"footnotes":""},"categories":[84],"tags":[109,107,108,32,33,105,103,104,106,110],"class_list":{"0":"post-15209","1":"post","2":"type-post","3":"status-publish","4":"format-standard","5":"has-post-thumbnail","7":"category-ciencia-e-tecnologia","8":"tag-ciencia","9":"tag-ciencia-e-tecnologia","10":"tag-cienciaetecnologia","11":"tag-portugal","12":"tag-pt","13":"tag-science","14":"tag-science-and-technology","15":"tag-scienceandtechnology","16":"tag-technology","17":"tag-tecnologia"},"share_on_mastodon":{"url":"","error":""},"_links":{"self":[{"href":"https:\/\/www.europesays.com\/pt\/wp-json\/wp\/v2\/posts\/15209","targetHints":{"allow":["GET"]}}],"collection":[{"href":"https:\/\/www.europesays.com\/pt\/wp-json\/wp\/v2\/posts"}],"about":[{"href":"https:\/\/www.europesays.com\/pt\/wp-json\/wp\/v2\/types\/post"}],"author":[{"embeddable":true,"href":"https:\/\/www.europesays.com\/pt\/wp-json\/wp\/v2\/users\/2"}],"replies":[{"embeddable":true,"href":"https:\/\/www.europesays.com\/pt\/wp-json\/wp\/v2\/comments?post=15209"}],"version-history":[{"count":0,"href":"https:\/\/www.europesays.com\/pt\/wp-json\/wp\/v2\/posts\/15209\/revisions"}],"wp:featuredmedia":[{"embeddable":true,"href":"https:\/\/www.europesays.com\/pt\/wp-json\/wp\/v2\/media\/15210"}],"wp:attachment":[{"href":"https:\/\/www.europesays.com\/pt\/wp-json\/wp\/v2\/media?parent=15209"}],"wp:term":[{"taxonomy":"category","embeddable":true,"href":"https:\/\/www.europesays.com\/pt\/wp-json\/wp\/v2\/categories?post=15209"},{"taxonomy":"post_tag","embeddable":true,"href":"https:\/\/www.europesays.com\/pt\/wp-json\/wp\/v2\/tags?post=15209"}],"curies":[{"name":"wp","href":"https:\/\/api.w.org\/{rel}","templated":true}]}}