{"id":152093,"date":"2025-11-14T20:42:16","date_gmt":"2025-11-14T20:42:16","guid":{"rendered":"https:\/\/www.europesays.com\/pt\/152093\/"},"modified":"2025-11-14T20:42:16","modified_gmt":"2025-11-14T20:42:16","slug":"tragicomedia-de-um-jornal-observador","status":"publish","type":"post","link":"https:\/\/www.europesays.com\/pt\/152093\/","title":{"rendered":"tragicom\u00e9dia de um jornal \u2013 Observador"},"content":{"rendered":"<p>Nunca vi o The Office\u00a0americano. Pronto, j\u00e1 disse, est\u00e1 dito. Pode come\u00e7ar o apedrejamento virtual \u00e0 vontade. O apedrejamento real dispenso, ainda para mais uso \u00f3culos e as lentes progressivas s\u00e3o car\u00edssimas. \u00c9 um facto, s\u00f3 conhe\u00e7o o Michael Scott, o Dwight, o Jim e a Pam dos memes. \u00c9 o que \u00e9, sou um ser humano falho. Julgavam-me perfeita? Tomem um antipir\u00e9tico, que isso deve ser virose. Na persist\u00eancia dos sintomas, consultem um m\u00e9dico ou farmac\u00eautico.<\/p>\n<p>O que sucede \u00e9 o seguinte: o The Office\u00a0ingl\u00eas, o original,\u00a0 foi uma tal lambadona na minha moleirinha que me parecia no m\u00ednimo uma perda de tempo, no m\u00e1ximo uma heresia, fazer uma vers\u00e3o de uma obra perfeita. Poder\u00e3o dizer que \u00e9 exagero, pose, a p\u2026 da mania, mas pouqu\u00edssimas coisas me abalaram a estrutura como o visionamento das duas temporadas de David Brent e os seus subordinados. Para mim, Ricky Gervais podia n\u00e3o ter feito mais nadinha depois do The Office (felizmente fez: Extras, Derek, After Life) que j\u00e1 merecia um lugar no meu pante\u00e3o pessoal. De maneiras que, apesar de ter uma crush pelo Steve Carrel, fingi-me de morta e n\u00e3o vi nadinha. Numa onda mais recente da Officemania U.S.A., estive quase a ceder, j\u00e1 parcialmente convencida de que estava s\u00f3 armada em parva. Coisas que a idade traz. Eis que me dei conta que s\u00e3o 188 epis\u00f3dios, pelo que arrumei a vers\u00e3o americana naquela prateleira do \u201cum dia, quando eu tiver vagar\u201d. Diga-se que est\u00e1 muit\u00edssimo bem acompanhada com coisas como o Mad Men, Em busca do tempo perdido\u00a0e arrumar a minha gaveta de vernizes.<\/p>\n<p>Vai da\u00ed surge-me este spin-off The Paper e, na loucura, decidi atirar-me a ele sem ver o The Office\u00a0que o pariu. Vai totalmente contra o meu car\u00e1cter obsessivo, mas vamos s\u00f3 assumir que isto \u00e9 um glitch no meu sistema de valores. Na verdade, \u00e9 a segunda vez que isto acontece. Esta que vos escreve \u00e9, com grande probabilidade, a \u00fanica pessoa no planeta Terra que n\u00e3o viu mais que um epis\u00f3dio de The Walking Dead e acompanhou umas boas 3 temporadas de Fear the Walking Dead. Eu sei, dava direito a junta m\u00e9dica, mas consideremos s\u00f3 uma excentricidade, at\u00e9 porque nem eu sei propriamente explicar o fen\u00f3meno. Pode ter sido qualquer coisa que comi e me caiu mal.<\/p>\n<p><strong>[trailer de \u201cThe Paper\u201d:]<\/strong><\/p>\n<p>\u201cEm 2005, uma equipa de document\u00e1rio come\u00e7ou a filmar numa companhia de papel em Scranton, Pensilv\u00e2nia. Seguiram os trabalhadores num escrit\u00f3rio normal, a lidar com as novas regras de comportamento no espa\u00e7o de trabalho e os altos e baixos das suas vidas pessoais. 20 anos depois, eles voltaram.\u201d Este \u00e9 o ponto pr\u00e9vio de The Paper. Vai da\u00ed a equipa de documentaristas bate com o nariz na porta da sede da dita companhia, a Dunder Mifflin Paper Company, porque foi vendida a uma empresa chamada Enervate e deslocada para Toledo, Ohio. Mais propriamente, para o edif\u00edcio que em tempos idos albergou o jornal Toledo Truth Teller, com 900 trabalhadores. Jornal esse que agora se resume a meia d\u00fazia de secret\u00e1rias num open space, ocupado na sua maioria pela Softees, a marca de papel higi\u00e9nico da Enervate.<\/p>\n<p>N\u00e3o vou dizer que o subtexto de toda a s\u00e9rie \u00e9 que a imprensa escrita est\u00e1 t\u00e3o na merda que o papel higi\u00e9nico lhe ganhou terreno, porque seria deselegante. Mas posso citar Ken (Tim Key), o estratega\u00a0 financeiro (uma esp\u00e9cie de David Brent, que come\u00e7ou por me irritar por isso mesmo, mas acabou por me convencer): \u201cTens de te lembrar que o nosso cliente-alvo s\u00e3o pessoas na sanita\u201d.<\/p>\n","protected":false},"excerpt":{"rendered":"Nunca vi o The Office\u00a0americano. Pronto, j\u00e1 disse, est\u00e1 dito. Pode come\u00e7ar o apedrejamento virtual \u00e0 vontade. O&hellip;\n","protected":false},"author":2,"featured_media":152094,"comment_status":"","ping_status":"","sticky":false,"template":"","format":"standard","meta":{"footnotes":""},"categories":[85],"tags":[315,114,115,32,33,1749],"class_list":{"0":"post-152093","1":"post","2":"type-post","3":"status-publish","4":"format-standard","5":"has-post-thumbnail","7":"category-entretenimento","8":"tag-cultura","9":"tag-entertainment","10":"tag-entretenimento","11":"tag-portugal","12":"tag-pt","13":"tag-su00e9ries"},"share_on_mastodon":{"url":"https:\/\/pubeurope.com\/@pt\/115549997858547505","error":""},"_links":{"self":[{"href":"https:\/\/www.europesays.com\/pt\/wp-json\/wp\/v2\/posts\/152093","targetHints":{"allow":["GET"]}}],"collection":[{"href":"https:\/\/www.europesays.com\/pt\/wp-json\/wp\/v2\/posts"}],"about":[{"href":"https:\/\/www.europesays.com\/pt\/wp-json\/wp\/v2\/types\/post"}],"author":[{"embeddable":true,"href":"https:\/\/www.europesays.com\/pt\/wp-json\/wp\/v2\/users\/2"}],"replies":[{"embeddable":true,"href":"https:\/\/www.europesays.com\/pt\/wp-json\/wp\/v2\/comments?post=152093"}],"version-history":[{"count":0,"href":"https:\/\/www.europesays.com\/pt\/wp-json\/wp\/v2\/posts\/152093\/revisions"}],"wp:featuredmedia":[{"embeddable":true,"href":"https:\/\/www.europesays.com\/pt\/wp-json\/wp\/v2\/media\/152094"}],"wp:attachment":[{"href":"https:\/\/www.europesays.com\/pt\/wp-json\/wp\/v2\/media?parent=152093"}],"wp:term":[{"taxonomy":"category","embeddable":true,"href":"https:\/\/www.europesays.com\/pt\/wp-json\/wp\/v2\/categories?post=152093"},{"taxonomy":"post_tag","embeddable":true,"href":"https:\/\/www.europesays.com\/pt\/wp-json\/wp\/v2\/tags?post=152093"}],"curies":[{"name":"wp","href":"https:\/\/api.w.org\/{rel}","templated":true}]}}