{"id":152095,"date":"2025-11-14T20:45:02","date_gmt":"2025-11-14T20:45:02","guid":{"rendered":"https:\/\/www.europesays.com\/pt\/152095\/"},"modified":"2025-11-14T20:45:02","modified_gmt":"2025-11-14T20:45:02","slug":"bazar-atemporal-em-coimbra-concretiza-sonho-de-casal-de-emigrantes-noticias-de-coimbra","status":"publish","type":"post","link":"https:\/\/www.europesays.com\/pt\/152095\/","title":{"rendered":"Bazar Atemporal em Coimbra concretiza sonho de casal de emigrantes \u2013 Not\u00edcias de Coimbra"},"content":{"rendered":"<p><strong>Joana Marques e R\u00faben Coimbra regressam a Coimbra depois de um bom tempo a viverem na Su\u00ed\u00e7a. Os anos de trabalho, aprendizagem e crescimento pessoal refor\u00e7aram o desejo de regressar a Portugal em 2025. \u201cA nossa cidade do cora\u00e7\u00e3o foi a escolha natural para recome\u00e7ar, iniciar um novo projeto e criar os nossos filhos\u201d, conta R\u00faben. A inaugura\u00e7\u00e3o do Bazar Atemporal est\u00e1 marcada para o dia 15 de novembro, das 9:00 \u00e0s 13:00.<\/strong><\/p>\n<p>A roupa em segunda m\u00e3o j\u00e1 n\u00e3o deve ser um estigma social e faz sentido num mundo em que quase tudo parece cada vez mais descart\u00e1vel \u2014 reutilizar, renovar e reciclar s\u00e3o pequenas, mas importantes, formas de contribuir para o futuro. \u201cEncaramos este projeto como algo vivo, em constante evolu\u00e7\u00e3o, que se vai adaptando \u00e0s necessidades e sugest\u00f5es de quem nos visita\u201d, sublinha.<\/p>\n<p>Com um conceito simples e ambicioso, os empreendedores pretendem oferecer a maior variedade poss\u00edvel de pe\u00e7as de qualidade, a pre\u00e7os justos e acess\u00edveis a todos. \u201cApostamos num modelo de alta rotatividade de stock, o que garante novidades constantes nas prateleiras. Trabalhamos com margens reduzidas, priorizando o volume de vendas e a satisfa\u00e7\u00e3o dos clientes.\u201d<\/p>\n<p>O nome \u2018Bazar\u2019 evoca diversidade; \u2018Atemporal\u2019 reflete a vis\u00e3o de uma moda que n\u00e3o se submete a tend\u00eancias passageiras. \u201cQueremos que cada pessoa encontre algo que combine com o seu estilo, independentemente da idade ou da esta\u00e7\u00e3o do ano\u201d, afirmam os fundadores.<\/p>\n<p>A ideia, ainda persistente, de que h\u00e1 poucas pessoas interessadas na sustentabilidade \u2014 palavra que resume uma atitude vigilante e consciente face ao consumo \u2014 tem vindo a dar origem a neg\u00f3cios que aliam a a\u00e7\u00e3o \u00e0 reutiliza\u00e7\u00e3o de roupas, muitas vezes destinadas ao lixo. O Bazar Atemporal nasce precisamente da vontade de conciliar o gosto pela moda com uma consci\u00eancia de consumo respons\u00e1vel e acess\u00edvel.<\/p>\n<p>Para Joana e R\u00faben o feedback dos clientes ser\u00e1 o term\u00f3metro do neg\u00f3cio. \u201cAcreditamos que eles s\u00e3o, no fundo, os nossos patr\u00f5es e que se sintam parte deste percurso. A moda \u00e9 algo profundamente pessoal e intemporal, n\u00e3o deve seguir regras r\u00edgidas, e sim permitir express\u00e3o e autenticidade. Essa \u00e9 a filosofia que queremos que o Bazar Atemporal reflita.\u201d<\/p>\n<p>O Bazar Atemporal quer ser lembrado como um espa\u00e7o de partilha, sustentabilidade e reencontro, entre o passado e o presente, o estilo e a consci\u00eancia, o regresso \u00e0s origens e a vontade de criar algo novo em Coimbra.<\/p>\n<p>Bazar Atemporal est\u00e1 localizado na Rua dos Alcorredores n.\u00ba 115, Torre de Vilela em Coimbra. Hor\u00e1rio de funcionamento: segunda-feira das 14:00 \u00e0s 18:00; ter\u00e7a-feira a sexta-feira das 9:30 \u00e0s 18:00; s\u00e1bado das 9:00 \u00e0s 13:00. Contactos: 937 380\u00a0901 <a href=\"https:\/\/www.noticiasdecoimbra.pt\/bazar-atemporal-em-coimbra-concretiza-sonho-de-casal-de-emigrantes\/mailto:info.bazaratemporal@gmail.com\" rel=\"nofollow noopener\" target=\"_blank\">info.bazaratemporal@gmail.com<\/a> Instagram: @bazr_atemporal<\/p>\n<p>Clique para ver a fotogaleria: <\/p>\n<p><img fetchpriority=\"high\" decoding=\"async\" width=\"1024\" height=\"768\" data-attachment-id=\"614172\" data-permalink=\"https:\/\/www.noticiasdecoimbra.pt\/bazar-atemporal-em-coimbra-concretiza-sonho-de-casal-de-emigrantes\/bazar-atemporal-1\/\" data-orig-file=\"https:\/\/www.noticiasdecoimbra.pt\/wp-content\/uploads\/2025\/11\/BAZAR-ATEMPORAL-1.jpeg\" data-orig-size=\"1200,900\" data-comments-opened=\"0\" data-image-meta=\"{&quot;aperture&quot;:&quot;0&quot;,&quot;credit&quot;:&quot;&quot;,&quot;camera&quot;:&quot;&quot;,&quot;caption&quot;:&quot;&quot;,&quot;created_timestamp&quot;:&quot;0&quot;,&quot;copyright&quot;:&quot;&quot;,&quot;focal_length&quot;:&quot;0&quot;,&quot;iso&quot;:&quot;0&quot;,&quot;shutter_speed&quot;:&quot;0&quot;,&quot;title&quot;:&quot;&quot;,&quot;orientation&quot;:&quot;0&quot;}\" data-image-title=\"BAZAR ATEMPORAL (1)\" data-image-description=\"\" data-image-caption=\"\" data-medium-file=\"https:\/\/www.noticiasdecoimbra.pt\/wp-content\/uploads\/2025\/11\/BAZAR-ATEMPORAL-1-300x225.jpeg\" data-large-file=\"https:\/\/www.europesays.com\/pt\/wp-content\/uploads\/2025\/11\/BAZAR-ATEMPORAL-1-1024x768.jpeg\" data-id=\"614172\" src=\"https:\/\/www.europesays.com\/pt\/wp-content\/uploads\/2025\/11\/BAZAR-ATEMPORAL-1-1024x768.jpeg\" alt=\"\" class=\"wp-image-614172\"  \/><\/p>\n<p><img loading=\"lazy\" decoding=\"async\" width=\"1024\" height=\"768\" data-attachment-id=\"614173\" data-permalink=\"https:\/\/www.noticiasdecoimbra.pt\/bazar-atemporal-em-coimbra-concretiza-sonho-de-casal-de-emigrantes\/bazar-atemporal-2\/\" data-orig-file=\"https:\/\/www.noticiasdecoimbra.pt\/wp-content\/uploads\/2025\/11\/BAZAR-ATEMPORAL-2.jpeg\" data-orig-size=\"1200,900\" data-comments-opened=\"0\" data-image-meta=\"{&quot;aperture&quot;:&quot;0&quot;,&quot;credit&quot;:&quot;&quot;,&quot;camera&quot;:&quot;&quot;,&quot;caption&quot;:&quot;&quot;,&quot;created_timestamp&quot;:&quot;0&quot;,&quot;copyright&quot;:&quot;&quot;,&quot;focal_length&quot;:&quot;0&quot;,&quot;iso&quot;:&quot;0&quot;,&quot;shutter_speed&quot;:&quot;0&quot;,&quot;title&quot;:&quot;&quot;,&quot;orientation&quot;:&quot;0&quot;}\" data-image-title=\"BAZAR ATEMPORAL (2)\" data-image-description=\"\" data-image-caption=\"\" data-medium-file=\"https:\/\/www.noticiasdecoimbra.pt\/wp-content\/uploads\/2025\/11\/BAZAR-ATEMPORAL-2-300x225.jpeg\" data-large-file=\"https:\/\/www.europesays.com\/pt\/wp-content\/uploads\/2025\/11\/BAZAR-ATEMPORAL-2-1024x768.jpeg\" data-id=\"614173\" src=\"https:\/\/www.europesays.com\/pt\/wp-content\/uploads\/2025\/11\/BAZAR-ATEMPORAL-2-1024x768.jpeg\" alt=\"\" class=\"wp-image-614173\"  \/><\/p>\n<p><img loading=\"lazy\" decoding=\"async\" width=\"1024\" height=\"576\" data-attachment-id=\"614174\" data-permalink=\"https:\/\/www.noticiasdecoimbra.pt\/bazar-atemporal-em-coimbra-concretiza-sonho-de-casal-de-emigrantes\/bazar-atemporal-3\/\" data-orig-file=\"https:\/\/www.noticiasdecoimbra.pt\/wp-content\/uploads\/2025\/11\/BAZAR-ATEMPORAL-3.jpeg\" data-orig-size=\"1200,675\" data-comments-opened=\"0\" data-image-meta=\"{&quot;aperture&quot;:&quot;0&quot;,&quot;credit&quot;:&quot;&quot;,&quot;camera&quot;:&quot;&quot;,&quot;caption&quot;:&quot;&quot;,&quot;created_timestamp&quot;:&quot;0&quot;,&quot;copyright&quot;:&quot;&quot;,&quot;focal_length&quot;:&quot;0&quot;,&quot;iso&quot;:&quot;0&quot;,&quot;shutter_speed&quot;:&quot;0&quot;,&quot;title&quot;:&quot;&quot;,&quot;orientation&quot;:&quot;0&quot;}\" data-image-title=\"BAZAR ATEMPORAL (3)\" data-image-description=\"\" data-image-caption=\"\" data-medium-file=\"https:\/\/www.noticiasdecoimbra.pt\/wp-content\/uploads\/2025\/11\/BAZAR-ATEMPORAL-3-300x169.jpeg\" data-large-file=\"https:\/\/www.europesays.com\/pt\/wp-content\/uploads\/2025\/11\/BAZAR-ATEMPORAL-3-1024x576.jpeg\" data-id=\"614174\" src=\"https:\/\/www.europesays.com\/pt\/wp-content\/uploads\/2025\/11\/BAZAR-ATEMPORAL-3-1024x576.jpeg\" alt=\"\" class=\"wp-image-614174\"  \/><\/p>\n<p><img loading=\"lazy\" decoding=\"async\" width=\"1024\" height=\"768\" data-attachment-id=\"614175\" data-permalink=\"https:\/\/www.noticiasdecoimbra.pt\/bazar-atemporal-em-coimbra-concretiza-sonho-de-casal-de-emigrantes\/bazar-atemporal-4\/\" data-orig-file=\"https:\/\/www.noticiasdecoimbra.pt\/wp-content\/uploads\/2025\/11\/BAZAR-ATEMPORAL-4.jpeg\" data-orig-size=\"1200,900\" data-comments-opened=\"0\" data-image-meta=\"{&quot;aperture&quot;:&quot;0&quot;,&quot;credit&quot;:&quot;&quot;,&quot;camera&quot;:&quot;&quot;,&quot;caption&quot;:&quot;&quot;,&quot;created_timestamp&quot;:&quot;0&quot;,&quot;copyright&quot;:&quot;&quot;,&quot;focal_length&quot;:&quot;0&quot;,&quot;iso&quot;:&quot;0&quot;,&quot;shutter_speed&quot;:&quot;0&quot;,&quot;title&quot;:&quot;&quot;,&quot;orientation&quot;:&quot;0&quot;}\" data-image-title=\"BAZAR ATEMPORAL (4)\" data-image-description=\"\" data-image-caption=\"\" data-medium-file=\"https:\/\/www.noticiasdecoimbra.pt\/wp-content\/uploads\/2025\/11\/BAZAR-ATEMPORAL-4-300x225.jpeg\" data-large-file=\"https:\/\/www.europesays.com\/pt\/wp-content\/uploads\/2025\/11\/BAZAR-ATEMPORAL-4-1024x768.jpeg\" data-id=\"614175\" src=\"https:\/\/www.europesays.com\/pt\/wp-content\/uploads\/2025\/11\/BAZAR-ATEMPORAL-4-1024x768.jpeg\" alt=\"\" class=\"wp-image-614175\"  \/><\/p>\n<p><img loading=\"lazy\" decoding=\"async\" width=\"1024\" height=\"768\" data-attachment-id=\"614176\" data-permalink=\"https:\/\/www.noticiasdecoimbra.pt\/bazar-atemporal-em-coimbra-concretiza-sonho-de-casal-de-emigrantes\/bazar-atemporal-5\/\" data-orig-file=\"https:\/\/www.noticiasdecoimbra.pt\/wp-content\/uploads\/2025\/11\/BAZAR-ATEMPORAL-5.jpeg\" data-orig-size=\"1200,900\" data-comments-opened=\"0\" data-image-meta=\"{&quot;aperture&quot;:&quot;0&quot;,&quot;credit&quot;:&quot;&quot;,&quot;camera&quot;:&quot;&quot;,&quot;caption&quot;:&quot;&quot;,&quot;created_timestamp&quot;:&quot;0&quot;,&quot;copyright&quot;:&quot;&quot;,&quot;focal_length&quot;:&quot;0&quot;,&quot;iso&quot;:&quot;0&quot;,&quot;shutter_speed&quot;:&quot;0&quot;,&quot;title&quot;:&quot;&quot;,&quot;orientation&quot;:&quot;0&quot;}\" data-image-title=\"BAZAR ATEMPORAL (5)\" data-image-description=\"\" data-image-caption=\"\" data-medium-file=\"https:\/\/www.noticiasdecoimbra.pt\/wp-content\/uploads\/2025\/11\/BAZAR-ATEMPORAL-5-300x225.jpeg\" data-large-file=\"https:\/\/www.europesays.com\/pt\/wp-content\/uploads\/2025\/11\/BAZAR-ATEMPORAL-5-1024x768.jpeg\" data-id=\"614176\" src=\"https:\/\/www.europesays.com\/pt\/wp-content\/uploads\/2025\/11\/BAZAR-ATEMPORAL-5-1024x768.jpeg\" alt=\"\" class=\"wp-image-614176\"  \/><\/p>\n<p><img loading=\"lazy\" decoding=\"async\" width=\"1024\" height=\"576\" data-attachment-id=\"614177\" data-permalink=\"https:\/\/www.noticiasdecoimbra.pt\/bazar-atemporal-em-coimbra-concretiza-sonho-de-casal-de-emigrantes\/bazar-atemporal-6\/\" data-orig-file=\"https:\/\/www.noticiasdecoimbra.pt\/wp-content\/uploads\/2025\/11\/BAZAR-ATEMPORAL-6.jpeg\" data-orig-size=\"1200,675\" data-comments-opened=\"0\" data-image-meta=\"{&quot;aperture&quot;:&quot;0&quot;,&quot;credit&quot;:&quot;&quot;,&quot;camera&quot;:&quot;&quot;,&quot;caption&quot;:&quot;&quot;,&quot;created_timestamp&quot;:&quot;0&quot;,&quot;copyright&quot;:&quot;&quot;,&quot;focal_length&quot;:&quot;0&quot;,&quot;iso&quot;:&quot;0&quot;,&quot;shutter_speed&quot;:&quot;0&quot;,&quot;title&quot;:&quot;&quot;,&quot;orientation&quot;:&quot;0&quot;}\" data-image-title=\"BAZAR ATEMPORAL (6)\" data-image-description=\"\" data-image-caption=\"\" data-medium-file=\"https:\/\/www.noticiasdecoimbra.pt\/wp-content\/uploads\/2025\/11\/BAZAR-ATEMPORAL-6-300x169.jpeg\" data-large-file=\"https:\/\/www.europesays.com\/pt\/wp-content\/uploads\/2025\/11\/BAZAR-ATEMPORAL-6-1024x576.jpeg\" data-id=\"614177\" src=\"https:\/\/www.europesays.com\/pt\/wp-content\/uploads\/2025\/11\/BAZAR-ATEMPORAL-6-1024x576.jpeg\" alt=\"\" class=\"wp-image-614177\"  \/><\/p>\n<p><img loading=\"lazy\" decoding=\"async\" width=\"1024\" height=\"905\" data-attachment-id=\"614178\" data-permalink=\"https:\/\/www.noticiasdecoimbra.pt\/bazar-atemporal-em-coimbra-concretiza-sonho-de-casal-de-emigrantes\/bazar-atemporal-7\/\" data-orig-file=\"https:\/\/www.noticiasdecoimbra.pt\/wp-content\/uploads\/2025\/11\/BAZAR-ATEMPORAL-7.jpeg\" data-orig-size=\"1200,1060\" data-comments-opened=\"0\" data-image-meta=\"{&quot;aperture&quot;:&quot;0&quot;,&quot;credit&quot;:&quot;&quot;,&quot;camera&quot;:&quot;&quot;,&quot;caption&quot;:&quot;&quot;,&quot;created_timestamp&quot;:&quot;0&quot;,&quot;copyright&quot;:&quot;&quot;,&quot;focal_length&quot;:&quot;0&quot;,&quot;iso&quot;:&quot;0&quot;,&quot;shutter_speed&quot;:&quot;0&quot;,&quot;title&quot;:&quot;&quot;,&quot;orientation&quot;:&quot;0&quot;}\" data-image-title=\"BAZAR ATEMPORAL (7)\" data-image-description=\"\" data-image-caption=\"\" data-medium-file=\"https:\/\/www.noticiasdecoimbra.pt\/wp-content\/uploads\/2025\/11\/BAZAR-ATEMPORAL-7-300x265.jpeg\" data-large-file=\"https:\/\/www.europesays.com\/pt\/wp-content\/uploads\/2025\/11\/BAZAR-ATEMPORAL-7-1024x905.jpeg\" data-id=\"614178\" src=\"https:\/\/www.europesays.com\/pt\/wp-content\/uploads\/2025\/11\/BAZAR-ATEMPORAL-7-1024x905.jpeg\" alt=\"\" class=\"wp-image-614178\"  \/><\/p>\n<p><img loading=\"lazy\" decoding=\"async\" width=\"1024\" height=\"768\" data-attachment-id=\"614179\" data-permalink=\"https:\/\/www.noticiasdecoimbra.pt\/bazar-atemporal-em-coimbra-concretiza-sonho-de-casal-de-emigrantes\/bazar-atemporal-8\/\" data-orig-file=\"https:\/\/www.noticiasdecoimbra.pt\/wp-content\/uploads\/2025\/11\/BAZAR-ATEMPORAL-8.jpeg\" data-orig-size=\"1200,900\" data-comments-opened=\"0\" data-image-meta=\"{&quot;aperture&quot;:&quot;0&quot;,&quot;credit&quot;:&quot;&quot;,&quot;camera&quot;:&quot;&quot;,&quot;caption&quot;:&quot;&quot;,&quot;created_timestamp&quot;:&quot;0&quot;,&quot;copyright&quot;:&quot;&quot;,&quot;focal_length&quot;:&quot;0&quot;,&quot;iso&quot;:&quot;0&quot;,&quot;shutter_speed&quot;:&quot;0&quot;,&quot;title&quot;:&quot;&quot;,&quot;orientation&quot;:&quot;0&quot;}\" data-image-title=\"BAZAR ATEMPORAL (8)\" data-image-description=\"\" data-image-caption=\"\" data-medium-file=\"https:\/\/www.noticiasdecoimbra.pt\/wp-content\/uploads\/2025\/11\/BAZAR-ATEMPORAL-8-300x225.jpeg\" data-large-file=\"https:\/\/www.europesays.com\/pt\/wp-content\/uploads\/2025\/11\/BAZAR-ATEMPORAL-8-1024x768.jpeg\" data-id=\"614179\" src=\"https:\/\/www.europesays.com\/pt\/wp-content\/uploads\/2025\/11\/BAZAR-ATEMPORAL-8-1024x768.jpeg\" alt=\"\" class=\"wp-image-614179\"  \/><\/p>\n<p><img loading=\"lazy\" decoding=\"async\" width=\"1024\" height=\"768\" data-attachment-id=\"614180\" data-permalink=\"https:\/\/www.noticiasdecoimbra.pt\/bazar-atemporal-em-coimbra-concretiza-sonho-de-casal-de-emigrantes\/bazar-atemporal-9\/\" data-orig-file=\"https:\/\/www.noticiasdecoimbra.pt\/wp-content\/uploads\/2025\/11\/BAZAR-ATEMPORAL-9.jpeg\" data-orig-size=\"1200,900\" data-comments-opened=\"0\" data-image-meta=\"{&quot;aperture&quot;:&quot;0&quot;,&quot;credit&quot;:&quot;&quot;,&quot;camera&quot;:&quot;&quot;,&quot;caption&quot;:&quot;&quot;,&quot;created_timestamp&quot;:&quot;0&quot;,&quot;copyright&quot;:&quot;&quot;,&quot;focal_length&quot;:&quot;0&quot;,&quot;iso&quot;:&quot;0&quot;,&quot;shutter_speed&quot;:&quot;0&quot;,&quot;title&quot;:&quot;&quot;,&quot;orientation&quot;:&quot;0&quot;}\" data-image-title=\"BAZAR ATEMPORAL (9)\" data-image-description=\"\" data-image-caption=\"\" data-medium-file=\"https:\/\/www.noticiasdecoimbra.pt\/wp-content\/uploads\/2025\/11\/BAZAR-ATEMPORAL-9-300x225.jpeg\" data-large-file=\"https:\/\/www.europesays.com\/pt\/wp-content\/uploads\/2025\/11\/BAZAR-ATEMPORAL-9-1024x768.jpeg\" data-id=\"614180\" src=\"https:\/\/www.europesays.com\/pt\/wp-content\/uploads\/2025\/11\/BAZAR-ATEMPORAL-9-1024x768.jpeg\" alt=\"\" class=\"wp-image-614180\"  \/><\/p>\n<p><img loading=\"lazy\" decoding=\"async\" width=\"1024\" height=\"768\" data-attachment-id=\"614181\" data-permalink=\"https:\/\/www.noticiasdecoimbra.pt\/bazar-atemporal-em-coimbra-concretiza-sonho-de-casal-de-emigrantes\/bazar-atemporal-10\/\" data-orig-file=\"https:\/\/www.noticiasdecoimbra.pt\/wp-content\/uploads\/2025\/11\/BAZAR-ATEMPORAL-10.jpeg\" data-orig-size=\"1200,900\" data-comments-opened=\"0\" data-image-meta=\"{&quot;aperture&quot;:&quot;0&quot;,&quot;credit&quot;:&quot;&quot;,&quot;camera&quot;:&quot;&quot;,&quot;caption&quot;:&quot;&quot;,&quot;created_timestamp&quot;:&quot;0&quot;,&quot;copyright&quot;:&quot;&quot;,&quot;focal_length&quot;:&quot;0&quot;,&quot;iso&quot;:&quot;0&quot;,&quot;shutter_speed&quot;:&quot;0&quot;,&quot;title&quot;:&quot;&quot;,&quot;orientation&quot;:&quot;0&quot;}\" data-image-title=\"BAZAR ATEMPORAL (10)\" data-image-description=\"\" data-image-caption=\"\" data-medium-file=\"https:\/\/www.noticiasdecoimbra.pt\/wp-content\/uploads\/2025\/11\/BAZAR-ATEMPORAL-10-300x225.jpeg\" data-large-file=\"https:\/\/www.europesays.com\/pt\/wp-content\/uploads\/2025\/11\/BAZAR-ATEMPORAL-10-1024x768.jpeg\" data-id=\"614181\" src=\"https:\/\/www.europesays.com\/pt\/wp-content\/uploads\/2025\/11\/BAZAR-ATEMPORAL-10-1024x768.jpeg\" alt=\"\" class=\"wp-image-614181\"  \/><\/p>\n<p><img loading=\"lazy\" decoding=\"async\" width=\"1024\" height=\"768\" data-attachment-id=\"614182\" data-permalink=\"https:\/\/www.noticiasdecoimbra.pt\/bazar-atemporal-em-coimbra-concretiza-sonho-de-casal-de-emigrantes\/bazar-atemporal-11\/\" data-orig-file=\"https:\/\/www.noticiasdecoimbra.pt\/wp-content\/uploads\/2025\/11\/BAZAR-ATEMPORAL-11.jpeg\" data-orig-size=\"1200,900\" data-comments-opened=\"0\" data-image-meta=\"{&quot;aperture&quot;:&quot;0&quot;,&quot;credit&quot;:&quot;&quot;,&quot;camera&quot;:&quot;&quot;,&quot;caption&quot;:&quot;&quot;,&quot;created_timestamp&quot;:&quot;0&quot;,&quot;copyright&quot;:&quot;&quot;,&quot;focal_length&quot;:&quot;0&quot;,&quot;iso&quot;:&quot;0&quot;,&quot;shutter_speed&quot;:&quot;0&quot;,&quot;title&quot;:&quot;&quot;,&quot;orientation&quot;:&quot;0&quot;}\" data-image-title=\"BAZAR ATEMPORAL (11)\" data-image-description=\"\" data-image-caption=\"\" data-medium-file=\"https:\/\/www.noticiasdecoimbra.pt\/wp-content\/uploads\/2025\/11\/BAZAR-ATEMPORAL-11-300x225.jpeg\" data-large-file=\"https:\/\/www.europesays.com\/pt\/wp-content\/uploads\/2025\/11\/BAZAR-ATEMPORAL-11-1024x768.jpeg\" data-id=\"614182\" src=\"https:\/\/www.europesays.com\/pt\/wp-content\/uploads\/2025\/11\/BAZAR-ATEMPORAL-11-1024x768.jpeg\" alt=\"\" class=\"wp-image-614182\"  \/><\/p>\n<p><img loading=\"lazy\" decoding=\"async\" width=\"1024\" height=\"768\" data-attachment-id=\"614183\" data-permalink=\"https:\/\/www.noticiasdecoimbra.pt\/bazar-atemporal-em-coimbra-concretiza-sonho-de-casal-de-emigrantes\/bazar-atemporal-12\/\" data-orig-file=\"https:\/\/www.noticiasdecoimbra.pt\/wp-content\/uploads\/2025\/11\/BAZAR-ATEMPORAL-12.jpeg\" data-orig-size=\"1200,900\" data-comments-opened=\"0\" data-image-meta=\"{&quot;aperture&quot;:&quot;0&quot;,&quot;credit&quot;:&quot;&quot;,&quot;camera&quot;:&quot;&quot;,&quot;caption&quot;:&quot;&quot;,&quot;created_timestamp&quot;:&quot;0&quot;,&quot;copyright&quot;:&quot;&quot;,&quot;focal_length&quot;:&quot;0&quot;,&quot;iso&quot;:&quot;0&quot;,&quot;shutter_speed&quot;:&quot;0&quot;,&quot;title&quot;:&quot;&quot;,&quot;orientation&quot;:&quot;0&quot;}\" data-image-title=\"BAZAR ATEMPORAL (12)\" data-image-description=\"\" data-image-caption=\"\" data-medium-file=\"https:\/\/www.noticiasdecoimbra.pt\/wp-content\/uploads\/2025\/11\/BAZAR-ATEMPORAL-12-300x225.jpeg\" data-large-file=\"https:\/\/www.europesays.com\/pt\/wp-content\/uploads\/2025\/11\/BAZAR-ATEMPORAL-12-1024x768.jpeg\" data-id=\"614183\" src=\"https:\/\/www.europesays.com\/pt\/wp-content\/uploads\/2025\/11\/BAZAR-ATEMPORAL-12-1024x768.jpeg\" alt=\"\" class=\"wp-image-614183\"  \/><\/p>\n<p><img loading=\"lazy\" decoding=\"async\" width=\"1024\" height=\"576\" data-attachment-id=\"614184\" data-permalink=\"https:\/\/www.noticiasdecoimbra.pt\/bazar-atemporal-em-coimbra-concretiza-sonho-de-casal-de-emigrantes\/bazar-atemporal-13\/\" data-orig-file=\"https:\/\/www.noticiasdecoimbra.pt\/wp-content\/uploads\/2025\/11\/BAZAR-ATEMPORAL-13.jpeg\" data-orig-size=\"1200,675\" data-comments-opened=\"0\" data-image-meta=\"{&quot;aperture&quot;:&quot;0&quot;,&quot;credit&quot;:&quot;&quot;,&quot;camera&quot;:&quot;&quot;,&quot;caption&quot;:&quot;&quot;,&quot;created_timestamp&quot;:&quot;0&quot;,&quot;copyright&quot;:&quot;&quot;,&quot;focal_length&quot;:&quot;0&quot;,&quot;iso&quot;:&quot;0&quot;,&quot;shutter_speed&quot;:&quot;0&quot;,&quot;title&quot;:&quot;&quot;,&quot;orientation&quot;:&quot;0&quot;}\" data-image-title=\"BAZAR ATEMPORAL (13)\" data-image-description=\"\" data-image-caption=\"\" data-medium-file=\"https:\/\/www.noticiasdecoimbra.pt\/wp-content\/uploads\/2025\/11\/BAZAR-ATEMPORAL-13-300x169.jpeg\" data-large-file=\"https:\/\/www.europesays.com\/pt\/wp-content\/uploads\/2025\/11\/BAZAR-ATEMPORAL-13-1024x576.jpeg\" data-id=\"614184\" src=\"https:\/\/www.europesays.com\/pt\/wp-content\/uploads\/2025\/11\/BAZAR-ATEMPORAL-13-1024x576.jpeg\" alt=\"\" class=\"wp-image-614184\"  \/><\/p>\n<p><img loading=\"lazy\" decoding=\"async\" width=\"1024\" height=\"768\" data-attachment-id=\"614185\" data-permalink=\"https:\/\/www.noticiasdecoimbra.pt\/bazar-atemporal-em-coimbra-concretiza-sonho-de-casal-de-emigrantes\/bazar-atemporal-14\/\" data-orig-file=\"https:\/\/www.noticiasdecoimbra.pt\/wp-content\/uploads\/2025\/11\/BAZAR-ATEMPORAL-14.jpeg\" data-orig-size=\"1200,900\" data-comments-opened=\"0\" data-image-meta=\"{&quot;aperture&quot;:&quot;0&quot;,&quot;credit&quot;:&quot;&quot;,&quot;camera&quot;:&quot;&quot;,&quot;caption&quot;:&quot;&quot;,&quot;created_timestamp&quot;:&quot;0&quot;,&quot;copyright&quot;:&quot;&quot;,&quot;focal_length&quot;:&quot;0&quot;,&quot;iso&quot;:&quot;0&quot;,&quot;shutter_speed&quot;:&quot;0&quot;,&quot;title&quot;:&quot;&quot;,&quot;orientation&quot;:&quot;0&quot;}\" data-image-title=\"BAZAR ATEMPORAL (14)\" data-image-description=\"\" data-image-caption=\"\" data-medium-file=\"https:\/\/www.noticiasdecoimbra.pt\/wp-content\/uploads\/2025\/11\/BAZAR-ATEMPORAL-14-300x225.jpeg\" data-large-file=\"https:\/\/www.europesays.com\/pt\/wp-content\/uploads\/2025\/11\/BAZAR-ATEMPORAL-14-1024x768.jpeg\" data-id=\"614185\" src=\"https:\/\/www.europesays.com\/pt\/wp-content\/uploads\/2025\/11\/BAZAR-ATEMPORAL-14-1024x768.jpeg\" alt=\"\" class=\"wp-image-614185\"  \/>\t\t\t\t\t\t\t\t\t\t<\/p>\n<p>PUBLICIDADE<\/p>\n<p>\t\t\t<a class=\"publicidade-imagem d-flex justify-content-center\" href=\"https:\/\/cm-lousa.pt\/eventos\/34-a-feira-do-mel-e-da-castanha-da-lousa\/\" rel=\"nofollow noopener\" target=\"_blank\"><br \/>\n\t\t\t  <img loading=\"lazy\" decoding=\"async\" width=\"300\" height=\"600\" src=\"https:\/\/www.europesays.com\/pt\/wp-content\/uploads\/2025\/11\/LOUSA-2025.jpg\" alt=\"publicidade\" class=\"img-fluid\"\/><br \/>\n\t\t\t<\/a><\/p>\n","protected":false},"excerpt":{"rendered":"Joana Marques e R\u00faben Coimbra regressam a Coimbra depois de um bom tempo a viverem na Su\u00ed\u00e7a. Os&hellip;\n","protected":false},"author":2,"featured_media":152096,"comment_status":"","ping_status":"","sticky":false,"template":"","format":"standard","meta":{"footnotes":""},"categories":[83],"tags":[88,89,90,32,33],"class_list":{"0":"post-152095","1":"post","2":"type-post","3":"status-publish","4":"format-standard","5":"has-post-thumbnail","7":"category-empresas","8":"tag-business","9":"tag-economy","10":"tag-empresas","11":"tag-portugal","12":"tag-pt"},"share_on_mastodon":{"url":"https:\/\/pubeurope.com\/@pt\/115550010155291116","error":""},"_links":{"self":[{"href":"https:\/\/www.europesays.com\/pt\/wp-json\/wp\/v2\/posts\/152095","targetHints":{"allow":["GET"]}}],"collection":[{"href":"https:\/\/www.europesays.com\/pt\/wp-json\/wp\/v2\/posts"}],"about":[{"href":"https:\/\/www.europesays.com\/pt\/wp-json\/wp\/v2\/types\/post"}],"author":[{"embeddable":true,"href":"https:\/\/www.europesays.com\/pt\/wp-json\/wp\/v2\/users\/2"}],"replies":[{"embeddable":true,"href":"https:\/\/www.europesays.com\/pt\/wp-json\/wp\/v2\/comments?post=152095"}],"version-history":[{"count":0,"href":"https:\/\/www.europesays.com\/pt\/wp-json\/wp\/v2\/posts\/152095\/revisions"}],"wp:featuredmedia":[{"embeddable":true,"href":"https:\/\/www.europesays.com\/pt\/wp-json\/wp\/v2\/media\/152096"}],"wp:attachment":[{"href":"https:\/\/www.europesays.com\/pt\/wp-json\/wp\/v2\/media?parent=152095"}],"wp:term":[{"taxonomy":"category","embeddable":true,"href":"https:\/\/www.europesays.com\/pt\/wp-json\/wp\/v2\/categories?post=152095"},{"taxonomy":"post_tag","embeddable":true,"href":"https:\/\/www.europesays.com\/pt\/wp-json\/wp\/v2\/tags?post=152095"}],"curies":[{"name":"wp","href":"https:\/\/api.w.org\/{rel}","templated":true}]}}