{"id":1521,"date":"2025-07-25T20:27:33","date_gmt":"2025-07-25T20:27:33","guid":{"rendered":"https:\/\/www.europesays.com\/pt\/1521\/"},"modified":"2025-07-25T20:27:33","modified_gmt":"2025-07-25T20:27:33","slug":"deslocado-dos-napa-nomeada-para-globo-de-ouro-de-melhor-cancao","status":"publish","type":"post","link":"https:\/\/www.europesays.com\/pt\/1521\/","title":{"rendered":"\u2018Deslocado\u2019 dos NAPA nomeada para Globo de Ouro de Melhor Can\u00e7\u00e3o"},"content":{"rendered":"\n<p class=\"p_0\">J\u00e1 s\u00e3o conhecidos os nomeados para a 29.\u00aa edi\u00e7\u00e3o da Gala dos Globos de Ouro, promovida pela SIC, e entre os 80 finalistas das v\u00e1rias categorias, est\u00e3o os madeirenses NAPA, nomeados na categoria de Melhor Can\u00e7\u00e3o, com o tema \u2018Deslocado\u2019, que representou Portugal na Eurovis\u00e3o e que tem feito sucesso em todo o mundo.<\/p>\n<p class=\"p_1\">A revela\u00e7\u00e3o dos nomeados foi feita durante a tarde desta ter\u00e7a-feira, sendo que a cerim\u00f3nia se realiza no pr\u00f3ximo dia 28 de setembro. Este ano, os pr\u00e9mios voltam a distinguir talentos nas \u00e1reas de Cinema, Fic\u00e7\u00e3o, Teatro, M\u00fasica, Humor, Moda e Entretenimento.<\/p>\n<p class=\"p_2\">Na categoria de Melhor Can\u00e7\u00e3o, os NAPA concorrem ao lado de nomes consagrados como Samuel \u00daria (\u20182000 A.D.\u2019), A Garota N\u00e3o (\u2018Diga 33\u2019), Gisela Jo\u00e3o (\u2018E Depois do Adeus\u2019) e Nuno Ribeiro (\u2018Essa Mulher\u2019).<\/p>\n<p class=\"p_3\">A cerim\u00f3nia ser\u00e1 novamente conduzida pela jornalista Clara de Sousa, que regressa como anfitri\u00e3 pelo quinto ano consecutivo.<\/p>\n","protected":false},"excerpt":{"rendered":"J\u00e1 s\u00e3o conhecidos os nomeados para a 29.\u00aa edi\u00e7\u00e3o da Gala dos Globos de Ouro, promovida pela SIC,&hellip;\n","protected":false},"author":2,"featured_media":1522,"comment_status":"","ping_status":"","sticky":false,"template":"","format":"standard","meta":{"footnotes":""},"categories":[141],"tags":[1171,114,115,149,150,32,33],"class_list":{"0":"post-1521","1":"post","2":"type-post","3":"status-publish","4":"format-standard","5":"has-post-thumbnail","7":"category-musica","8":"tag-catarina-gouveia","9":"tag-entertainment","10":"tag-entretenimento","11":"tag-music","12":"tag-musica","13":"tag-portugal","14":"tag-pt"},"share_on_mastodon":{"url":"","error":""},"_links":{"self":[{"href":"https:\/\/www.europesays.com\/pt\/wp-json\/wp\/v2\/posts\/1521","targetHints":{"allow":["GET"]}}],"collection":[{"href":"https:\/\/www.europesays.com\/pt\/wp-json\/wp\/v2\/posts"}],"about":[{"href":"https:\/\/www.europesays.com\/pt\/wp-json\/wp\/v2\/types\/post"}],"author":[{"embeddable":true,"href":"https:\/\/www.europesays.com\/pt\/wp-json\/wp\/v2\/users\/2"}],"replies":[{"embeddable":true,"href":"https:\/\/www.europesays.com\/pt\/wp-json\/wp\/v2\/comments?post=1521"}],"version-history":[{"count":0,"href":"https:\/\/www.europesays.com\/pt\/wp-json\/wp\/v2\/posts\/1521\/revisions"}],"wp:featuredmedia":[{"embeddable":true,"href":"https:\/\/www.europesays.com\/pt\/wp-json\/wp\/v2\/media\/1522"}],"wp:attachment":[{"href":"https:\/\/www.europesays.com\/pt\/wp-json\/wp\/v2\/media?parent=1521"}],"wp:term":[{"taxonomy":"category","embeddable":true,"href":"https:\/\/www.europesays.com\/pt\/wp-json\/wp\/v2\/categories?post=1521"},{"taxonomy":"post_tag","embeddable":true,"href":"https:\/\/www.europesays.com\/pt\/wp-json\/wp\/v2\/tags?post=1521"}],"curies":[{"name":"wp","href":"https:\/\/api.w.org\/{rel}","templated":true}]}}