{"id":152100,"date":"2025-11-14T20:53:09","date_gmt":"2025-11-14T20:53:09","guid":{"rendered":"https:\/\/www.europesays.com\/pt\/152100\/"},"modified":"2025-11-14T20:53:09","modified_gmt":"2025-11-14T20:53:09","slug":"viviane-araujo-abre-o-jogo-sobre-trabalhar-com-belo-em-tres-graca","status":"publish","type":"post","link":"https:\/\/www.europesays.com\/pt\/152100\/","title":{"rendered":"Viviane Ara\u00fajo abre o jogo sobre trabalhar com Belo em Tr\u00eas Gra\u00e7a"},"content":{"rendered":"<p>A atriz <a href=\"https:\/\/www.otempo.com.br\/entretenimento\/2025\/11\/14\/desesperada-globo-chama-viviane-araujo-para-salvar-tres-gracas\" rel=\"nofollow noopener\" target=\"_blank\"><strong>Viviane Ara\u00fajo<\/strong><\/a>, de 50 anos, revelou que conversou com o marido, <strong>Guilherme Milit\u00e3<\/strong>o, antes de aceitar o trabalho na novela <a href=\"https:\/\/www.otempo.com.br\/entretenimento\/2025\/11\/12\/grupo-de-discussao-definira-rumo-de-viviane-araujo-em-tres-gracas\" rel=\"nofollow noopener\" target=\"_blank\"><strong>&#8220;Tr\u00eas Gra\u00e7as&#8221;<\/strong><\/a>, da <strong>TV Globo.\u00a0<\/strong><\/p>\n<p>Na trama escrita por <strong>Aguinaldo Silva<\/strong>, a rainha de bateria da Salgueiro ir\u00e1 interpretar Consuelo \u2014 antigo amor de Misael, personagem de Belo, com quem foi casada na vida real de 1998 a 2007.<\/p>\n<p>Em entrevista ao Jornal Extra, Viviane Ara\u00fajo disse que teve uma conversa com o marido, Guilherme Milit\u00e3o, antes de encarar o desafio de contracenar com o ex-marido na fic\u00e7\u00e3o. \u201cConversei com o Guilherme antes, claro. Meu marido est\u00e1 sempre do meu lado, me apoiando\u201d, entregou a artista.<\/p>\n<p>A previs\u00e3o \u00e9 que Consuelo comece a aparecer a partir do cap\u00edtulo 100 em <strong>&#8220;Tr\u00eas Gra\u00e7as&#8221;.<\/strong> Viviane Ara\u00fajo estreou nas telinhas em 2014, ap\u00f3s ser convidada pelo pr\u00f3prio Aguinaldo Silva a integrar o elenco de <strong>&#8220;Imp\u00e9rio&#8221;.<\/strong><\/p>\n<p>\u00a0<\/p>\n<blockquote class=\"instagram-media\" style=\"background: #FFF; border: 0; border-radius: 3px; box-shadow: 0 0 1px 0 rgba(0,0,0,0.5),0 1px 10px 0 rgba(0,0,0,0.15); margin: 1px; max-width: 540px; min-width: 326px; padding: 0; width: calc(100% - 2px);\" data-instgrm-captioned=\"\" data-instgrm-permalink=\"https:\/\/www.instagram.com\/reel\/DRAhTOPEYpF\/?utm_source=ig_embed&amp;utm_campaign=loading\" data-instgrm-version=\"14\"><p>&#13;<br \/>\n&#13;\n<\/p><\/blockquote>\n<p>            <script async src=\"\/\/www.instagram.com\/embed.js\"><\/script><\/p>\n","protected":false},"excerpt":{"rendered":"A atriz Viviane Ara\u00fajo, de 50 anos, revelou que conversou com o marido, Guilherme Milit\u00e3o, antes de aceitar&hellip;\n","protected":false},"author":2,"featured_media":152101,"comment_status":"","ping_status":"","sticky":false,"template":"","format":"standard","meta":{"footnotes":""},"categories":[142],"tags":[4385,114,115,32,33,4376,151,32597],"class_list":{"0":"post-152100","1":"post","2":"type-post","3":"status-publish","4":"format-standard","5":"has-post-thumbnail","7":"category-tv","8":"tag-belo","9":"tag-entertainment","10":"tag-entretenimento","11":"tag-portugal","12":"tag-pt","13":"tag-tres-gracas","14":"tag-tv","15":"tag-viviane-araujo"},"share_on_mastodon":{"url":"https:\/\/pubeurope.com\/@pt\/115550041098421669","error":""},"_links":{"self":[{"href":"https:\/\/www.europesays.com\/pt\/wp-json\/wp\/v2\/posts\/152100","targetHints":{"allow":["GET"]}}],"collection":[{"href":"https:\/\/www.europesays.com\/pt\/wp-json\/wp\/v2\/posts"}],"about":[{"href":"https:\/\/www.europesays.com\/pt\/wp-json\/wp\/v2\/types\/post"}],"author":[{"embeddable":true,"href":"https:\/\/www.europesays.com\/pt\/wp-json\/wp\/v2\/users\/2"}],"replies":[{"embeddable":true,"href":"https:\/\/www.europesays.com\/pt\/wp-json\/wp\/v2\/comments?post=152100"}],"version-history":[{"count":0,"href":"https:\/\/www.europesays.com\/pt\/wp-json\/wp\/v2\/posts\/152100\/revisions"}],"wp:featuredmedia":[{"embeddable":true,"href":"https:\/\/www.europesays.com\/pt\/wp-json\/wp\/v2\/media\/152101"}],"wp:attachment":[{"href":"https:\/\/www.europesays.com\/pt\/wp-json\/wp\/v2\/media?parent=152100"}],"wp:term":[{"taxonomy":"category","embeddable":true,"href":"https:\/\/www.europesays.com\/pt\/wp-json\/wp\/v2\/categories?post=152100"},{"taxonomy":"post_tag","embeddable":true,"href":"https:\/\/www.europesays.com\/pt\/wp-json\/wp\/v2\/tags?post=152100"}],"curies":[{"name":"wp","href":"https:\/\/api.w.org\/{rel}","templated":true}]}}