{"id":152110,"date":"2025-11-14T21:09:19","date_gmt":"2025-11-14T21:09:19","guid":{"rendered":"https:\/\/www.europesays.com\/pt\/152110\/"},"modified":"2025-11-14T21:09:19","modified_gmt":"2025-11-14T21:09:19","slug":"cristina-ferreira-faz-anuncio-comeca-hoje-uma-nova-historia-de-amor","status":"publish","type":"post","link":"https:\/\/www.europesays.com\/pt\/152110\/","title":{"rendered":"Cristina Ferreira faz an\u00fancio: &#8220;Come\u00e7a hoje uma nova hist\u00f3ria de amor&#8221;"},"content":{"rendered":"<p>Nos \u00faltimos tempos, <a href=\"https:\/\/selfie.iol.pt\/famosos\/bruno-savate\/apos-criticas-de-cristina-ferreira-bruno-savate-vai-a-tvi-e-nada-fica-por-dizer\/20251111\/691329d7d34e2bd5c6d3dfb0\" target=\"_blank\" rel=\"nofollow noopener\">Cristina Ferreira<\/a> prometeu uma surpresa para esta sexta-feira, dia 14, relacionada com o projeto Gira.<\/p>\n<p>Escassas horas antes de o an\u00fancio ser feito, a apresentadora do matutino &#8220;<a href=\"https:\/\/tvi.iol.pt\/doisas10\/\" target=\"_blank\" rel=\"nofollow noopener\">Dois \u00e0s 10<\/a>&#8221; e da nona edi\u00e7\u00e3o do reality show &#8220;<a href=\"https:\/\/tvi.iol.pt\/secretstory\/\" target=\"_blank\" rel=\"nofollow noopener\">Secret Story<\/a> &#8211; Casa dos Segredos&#8221; recorreu ao Instagram para partilhar com os seguidores uma fotografia nos preparativos do evento.<\/p>\n<p>&#8220;Come\u00e7a hoje uma nova hist\u00f3ria de amor&#8221;, escreveu <a href=\"https:\/\/selfie.iol.pt\/famosos\/claudio-ramos\/em-direto-cristina-ferreira-envia-mensagem-especial-a-claudio-ramos-e-muito-raro-acontecer-isto\/20251111\/691356acd34e3caad84b2a29\" target=\"_blank\" rel=\"nofollow noopener\">Cristina Ferreira<\/a>, agu\u00e7ando ainda mais a curiosidade dos f\u00e3s.<\/p>\n<p>Veja, agora, nas galerias que prepar\u00e1mos para si, as melhores imagens da Diretora de Entretenimento e Fic\u00e7\u00e3o da <a href=\"https:\/\/tvi.iol.pt\/\" target=\"_blank\" rel=\"nofollow noopener\">TVI<\/a>.<\/p>\n<p style=\"text-align:center\"><img loading=\"lazy\" decoding=\"async\" alt=\"\" height=\"889\" src=\"https:\/\/www.europesays.com\/pt\/wp-content\/uploads\/2025\/11\/69176587d34e2bd5c6d404f7.webp\" width=\"500\"\/><\/p>\n<p>\u00a0<\/p>\n","protected":false},"excerpt":{"rendered":"Nos \u00faltimos tempos, Cristina Ferreira prometeu uma surpresa para esta sexta-feira, dia 14, relacionada com o projeto Gira.&hellip;\n","protected":false},"author":2,"featured_media":152111,"comment_status":"","ping_status":"","sticky":false,"template":"","format":"standard","meta":{"footnotes":""},"categories":[145],"tags":[3539,2632,13471,211,210,166,11829,801,114,115,980,32935,1015,619,32,33,1014,1315,6985,16687,16686,1012,6986,16688,162],"class_list":{"0":"post-152110","1":"post","2":"type-post","3":"status-publish","4":"format-standard","5":"has-post-thumbnail","7":"category-celebridades","8":"tag-apresentadora","9":"tag-casa-dos-segredos","10":"tag-casa-dos-segredos-9","11":"tag-celebridades","12":"tag-celebrities","13":"tag-cristina-ferreira","14":"tag-diretora-de-entretenimento-e-ficcao-da-tvi","15":"tag-dois-as-10","16":"tag-entertainment","17":"tag-entretenimento","18":"tag-famosos","19":"tag-gira","20":"tag-instagram","21":"tag-nacional","22":"tag-portugal","23":"tag-pt","24":"tag-reality-show","25":"tag-secret-story","26":"tag-secret-story-casa-dos-segredos","27":"tag-secret-story-casa-dos-segredos-9","28":"tag-secret-story-9","29":"tag-selfie","30":"tag-ss","31":"tag-ss9","32":"tag-tvi"},"share_on_mastodon":{"url":"https:\/\/pubeurope.com\/@pt\/115550104147962315","error":""},"_links":{"self":[{"href":"https:\/\/www.europesays.com\/pt\/wp-json\/wp\/v2\/posts\/152110","targetHints":{"allow":["GET"]}}],"collection":[{"href":"https:\/\/www.europesays.com\/pt\/wp-json\/wp\/v2\/posts"}],"about":[{"href":"https:\/\/www.europesays.com\/pt\/wp-json\/wp\/v2\/types\/post"}],"author":[{"embeddable":true,"href":"https:\/\/www.europesays.com\/pt\/wp-json\/wp\/v2\/users\/2"}],"replies":[{"embeddable":true,"href":"https:\/\/www.europesays.com\/pt\/wp-json\/wp\/v2\/comments?post=152110"}],"version-history":[{"count":0,"href":"https:\/\/www.europesays.com\/pt\/wp-json\/wp\/v2\/posts\/152110\/revisions"}],"wp:featuredmedia":[{"embeddable":true,"href":"https:\/\/www.europesays.com\/pt\/wp-json\/wp\/v2\/media\/152111"}],"wp:attachment":[{"href":"https:\/\/www.europesays.com\/pt\/wp-json\/wp\/v2\/media?parent=152110"}],"wp:term":[{"taxonomy":"category","embeddable":true,"href":"https:\/\/www.europesays.com\/pt\/wp-json\/wp\/v2\/categories?post=152110"},{"taxonomy":"post_tag","embeddable":true,"href":"https:\/\/www.europesays.com\/pt\/wp-json\/wp\/v2\/tags?post=152110"}],"curies":[{"name":"wp","href":"https:\/\/api.w.org\/{rel}","templated":true}]}}