{"id":152112,"date":"2025-11-14T21:12:11","date_gmt":"2025-11-14T21:12:11","guid":{"rendered":"https:\/\/www.europesays.com\/pt\/152112\/"},"modified":"2025-11-14T21:12:11","modified_gmt":"2025-11-14T21:12:11","slug":"bruno-savate-nao-perdoa-concorrente-de-secret-story-ja-podias-ir-a-tua-vidinha","status":"publish","type":"post","link":"https:\/\/www.europesays.com\/pt\/152112\/","title":{"rendered":"Bruno Savate n\u00e3o perdoa concorrente de &#8220;Secret Story&#8221;: &#8220;J\u00e1 podias ir \u00e0 tua vidinha&#8221;"},"content":{"rendered":"<p>Bruno Savate continua atento ao que acontece na nona edi\u00e7\u00e3o de &#8220;<a href=\"https:\/\/tvi.iol.pt\/secretstory\/\" target=\"_blank\" rel=\"nofollow noopener\">Secret Story<\/a> &#8211; Casa dos Segredos&#8221; e, esta quinta-feira, dia 13, usou o Instagram para criticar duramente um concorrente do reality show da <a href=\"https:\/\/tvi.iol.pt\/\" target=\"_blank\" rel=\"nofollow noopener\">TVI<\/a>.<\/p>\n<p>O veterano dos programas do mesmo g\u00e9nero televisivo partilhou uma imagem de <a href=\"https:\/\/selfie.iol.pt\/famosos\/casa-dos-segredos-9\/momento-alto-em-secret-story-ines-acerta-no-segredo-de-dylan-e-esta-foi-a-reacao-dos-concorrentes\/20251113\/691621dad34e3caad84b4198\" target=\"_blank\" rel=\"nofollow noopener\">Dylan Fonte<\/a> captada no &#8220;Especial&#8221;, com uma cruz sobre o rosto do mesmo. &#8220;J\u00e1 podias ir \u00e0 tua vidinha&#8221;, atirou Bruno Savate, mostrando-se contra o morador da casa mais vigiada do Pa\u00eds.<\/p>\n<p>Al\u00e9m de <a href=\"https:\/\/selfie.iol.pt\/famosos\/casa-dos-segredos-9\/milhares-investidos-em-votos-fora-de-secret-story-familia-de-dylan-faz-esclarecimento-definitivo\/20251112\/6914bbcfd34e3caad84b3659\" target=\"_blank\" rel=\"nofollow noopener\">Dylan Fonte<\/a>, o leque de nomeados desta semana em &#8220;Secret Story &#8211; Casa dos Segredos&#8221; \u00e9 composto por Ana Batista, Ana Cristina Ferreira, Leandro Martins e Pedro Jorge.<\/p>\n<p>Veja, agora, os v\u00eddeos de Bruno Savate na recente ida ao matutino &#8220;<a href=\"https:\/\/tvi.iol.pt\/doisas10\/\" target=\"_blank\" rel=\"nofollow noopener\">Dois \u00e0s 10<\/a>&#8220;.<\/p>\n<p style=\"text-align:center\"><img loading=\"lazy\" decoding=\"async\" alt=\"\" height=\"889\" src=\"https:\/\/www.europesays.com\/pt\/wp-content\/uploads\/2025\/11\/69176723d34e3caad84b4db5.webp\" width=\"500\"\/><\/p>\n<p>\u00a0<\/p>\n","protected":false},"excerpt":{"rendered":"Bruno Savate continua atento ao que acontece na nona edi\u00e7\u00e3o de &#8220;Secret Story &#8211; Casa dos Segredos&#8221; e,&hellip;\n","protected":false},"author":2,"featured_media":152113,"comment_status":"","ping_status":"","sticky":false,"template":"","format":"standard","meta":{"footnotes":""},"categories":[142],"tags":[6340,26382,19725,31505,1253,2632,13471,6338,19105,21040,114,115,13147,6309,980,1015,12397,26373,619,14646,21416,32,33,1014,1315,6985,16687,16686,1012,6986,16688,151,162],"class_list":{"0":"post-152112","1":"post","2":"type-post","3":"status-publish","4":"format-standard","5":"has-post-thumbnail","7":"category-tv","8":"tag-ana","9":"tag-ana-batista","10":"tag-ana-cristina","11":"tag-ana-cristina-ferreira","12":"tag-bruno-savate","13":"tag-casa-dos-segredos","14":"tag-casa-dos-segredos-9","15":"tag-concorrente","16":"tag-dylan","17":"tag-dylan-fonte","18":"tag-entertainment","19":"tag-entretenimento","20":"tag-especial","21":"tag-ex-concorrente","22":"tag-famosos","23":"tag-instagram","24":"tag-leandro","25":"tag-leandro-martins","26":"tag-nacional","27":"tag-pedro","28":"tag-pedro-jorge","29":"tag-portugal","30":"tag-pt","31":"tag-reality-show","32":"tag-secret-story","33":"tag-secret-story-casa-dos-segredos","34":"tag-secret-story-casa-dos-segredos-9","35":"tag-secret-story-9","36":"tag-selfie","37":"tag-ss","38":"tag-ss9","39":"tag-tv","40":"tag-tvi"},"share_on_mastodon":{"url":"","error":"Validation failed: Text character limit of 500 exceeded"},"_links":{"self":[{"href":"https:\/\/www.europesays.com\/pt\/wp-json\/wp\/v2\/posts\/152112","targetHints":{"allow":["GET"]}}],"collection":[{"href":"https:\/\/www.europesays.com\/pt\/wp-json\/wp\/v2\/posts"}],"about":[{"href":"https:\/\/www.europesays.com\/pt\/wp-json\/wp\/v2\/types\/post"}],"author":[{"embeddable":true,"href":"https:\/\/www.europesays.com\/pt\/wp-json\/wp\/v2\/users\/2"}],"replies":[{"embeddable":true,"href":"https:\/\/www.europesays.com\/pt\/wp-json\/wp\/v2\/comments?post=152112"}],"version-history":[{"count":0,"href":"https:\/\/www.europesays.com\/pt\/wp-json\/wp\/v2\/posts\/152112\/revisions"}],"wp:featuredmedia":[{"embeddable":true,"href":"https:\/\/www.europesays.com\/pt\/wp-json\/wp\/v2\/media\/152113"}],"wp:attachment":[{"href":"https:\/\/www.europesays.com\/pt\/wp-json\/wp\/v2\/media?parent=152112"}],"wp:term":[{"taxonomy":"category","embeddable":true,"href":"https:\/\/www.europesays.com\/pt\/wp-json\/wp\/v2\/categories?post=152112"},{"taxonomy":"post_tag","embeddable":true,"href":"https:\/\/www.europesays.com\/pt\/wp-json\/wp\/v2\/tags?post=152112"}],"curies":[{"name":"wp","href":"https:\/\/api.w.org\/{rel}","templated":true}]}}