{"id":152118,"date":"2025-11-14T21:15:09","date_gmt":"2025-11-14T21:15:09","guid":{"rendered":"https:\/\/www.europesays.com\/pt\/152118\/"},"modified":"2025-11-14T21:15:09","modified_gmt":"2025-11-14T21:15:09","slug":"direcao-tecnica-de-arbitragem-valida-decisao-do-var-relativa-ao-benfica-x-casa-pia","status":"publish","type":"post","link":"https:\/\/www.europesays.com\/pt\/152118\/","title":{"rendered":"Dire\u00e7\u00e3o T\u00e9cnica de Arbitragem valida decis\u00e3o do VAR relativa ao Benfica x Casa Pia"},"content":{"rendered":"<p>&#8211; Advertisement &#8211;<\/p>\n<p>A Dire\u00e7\u00e3o T\u00e9cnica de Arbitragem, organismo liderado por Duarte Gomes, validou a decis\u00e3o do VAR em n\u00e3o intervir no lance de Ant\u00f3nio Silva, garante o jornal Record. Durante o Benfica x Casa Pia, o \u00e1rbitro Gustavo Correia assinalou grande penalidade por m\u00e3o na bola do defesa-central.<\/p>\n<p>De acordo com a mesma fonte, a Dire\u00e7\u00e3o T\u00e9cnica de Arbitragem acredita que Jo\u00e3o Bento (VAR) n\u00e3o tinha obriga\u00e7\u00e3o de intervir. O lance foi contestado pelo Benfica, inclusive por Jos\u00e9 Mourinho (treinador) e Rui Costa  (presidente) no final da partida.<\/p>\n<p>Al\u00e9m disso, a<a href=\"https:\/\/bolanarede.pt\/especial-bola-na-rede\/atualidade\/apaf-faz-participacao-contra-antonio-silva-depois-do-benfica-x-casa-pia\/\" target=\"_blank\" rel=\"noreferrer noopener nofollow\"> APAF fez participa\u00e7\u00e3o contra Ant\u00f3nio Silva<\/a>, depois das <a href=\"https:\/\/bolanarede.pt\/especial-bola-na-rede\/atualidade\/antonio-silva-furioso-este-fim-de-semana-ficou-claro-em-relacao-ao-que-se-passa-no-nosso-futebol\/\" target=\"_blank\" rel=\"noreferrer noopener nofollow\">declara\u00e7\u00f5es no final do jogo<\/a>. O Benfica empatou 2-2 com o Casa Pia e segue em 3.\u00ba lugar da Primeira Liga. Neste momento, vive-se a pausa internacional.<\/p>\n","protected":false},"excerpt":{"rendered":"&#8211; Advertisement &#8211; A Dire\u00e7\u00e3o T\u00e9cnica de Arbitragem, organismo liderado por Duarte Gomes, validou a decis\u00e3o do VAR&hellip;\n","protected":false},"author":2,"featured_media":152119,"comment_status":"","ping_status":"","sticky":false,"template":"","format":"standard","meta":{"footnotes":""},"categories":[87],"tags":[4574,260,51,1529,135,478,32,479,33,134],"class_list":{"0":"post-152118","1":"post","2":"type-post","3":"status-publish","4":"format-standard","5":"has-post-thumbnail","7":"category-desporto","8":"tag-antonio-silva","9":"tag-atualidade","10":"tag-benfica","11":"tag-casa-pia","12":"tag-desporto","13":"tag-destaques-bnr","14":"tag-portugal","15":"tag-primeira-liga","16":"tag-pt","17":"tag-sports"},"share_on_mastodon":{"url":"","error":""},"_links":{"self":[{"href":"https:\/\/www.europesays.com\/pt\/wp-json\/wp\/v2\/posts\/152118","targetHints":{"allow":["GET"]}}],"collection":[{"href":"https:\/\/www.europesays.com\/pt\/wp-json\/wp\/v2\/posts"}],"about":[{"href":"https:\/\/www.europesays.com\/pt\/wp-json\/wp\/v2\/types\/post"}],"author":[{"embeddable":true,"href":"https:\/\/www.europesays.com\/pt\/wp-json\/wp\/v2\/users\/2"}],"replies":[{"embeddable":true,"href":"https:\/\/www.europesays.com\/pt\/wp-json\/wp\/v2\/comments?post=152118"}],"version-history":[{"count":0,"href":"https:\/\/www.europesays.com\/pt\/wp-json\/wp\/v2\/posts\/152118\/revisions"}],"wp:featuredmedia":[{"embeddable":true,"href":"https:\/\/www.europesays.com\/pt\/wp-json\/wp\/v2\/media\/152119"}],"wp:attachment":[{"href":"https:\/\/www.europesays.com\/pt\/wp-json\/wp\/v2\/media?parent=152118"}],"wp:term":[{"taxonomy":"category","embeddable":true,"href":"https:\/\/www.europesays.com\/pt\/wp-json\/wp\/v2\/categories?post=152118"},{"taxonomy":"post_tag","embeddable":true,"href":"https:\/\/www.europesays.com\/pt\/wp-json\/wp\/v2\/tags?post=152118"}],"curies":[{"name":"wp","href":"https:\/\/api.w.org\/{rel}","templated":true}]}}