{"id":152130,"date":"2025-11-14T21:29:10","date_gmt":"2025-11-14T21:29:10","guid":{"rendered":"https:\/\/www.europesays.com\/pt\/152130\/"},"modified":"2025-11-14T21:29:10","modified_gmt":"2025-11-14T21:29:10","slug":"five-nights-at-freddys-2-2","status":"publish","type":"post","link":"https:\/\/www.europesays.com\/pt\/152130\/","title":{"rendered":"Five Nights at Freddy&#8217;s 2"},"content":{"rendered":"<p>A revela\u00e7\u00e3o do <a href=\"https:\/\/www.omelete.com.br\/filmes\/five-nights-at-freddys-2-ganha-balde-de-pipoca-tematico\" rel=\"nofollow noopener\" target=\"_blank\">inusitado balde de pipoca<\/a> de\u00a0<strong>Five Nights at Freddy&#8217;s 2\u00a0<\/strong>deixou a internet confusa e, agora, o produto ganhou um v\u00eddeo demonstrando como se utilizar. Veja a seguir.<\/p>\n<p>            Continua depois da Publicidade<\/p>\n<p>O produto \u00e9 feito tanto para portar a pipoca da sua sess\u00e3o, quanto para ser um item decorativo. A imagem, entretanto, n\u00e3o deixa claro que a pipoca ficar\u00e1 armazenada na parte traseira do produto, logo atr\u00e1s do palco. O produto deve ser comercializado exclusivamente nos EUA.<\/p>\n<p>    <strong>Tudo sobre\u00a0Five Nights at Freddy&#8217;s 2<\/strong><\/p>\n<p>Adapta\u00e7\u00e3o da bem-sucedida s\u00e9rie de videogames de mesmo nome, o primeiro\u00a0Five Nights At Freddy&#8217;s &#8211; O Pesadelo Sem Fim\u00a0nos apresentou a Mike Schmidt (<strong>Josh Hutcherson<\/strong>), que arranja emprego como seguran\u00e7a noturno de uma pizzaria local. Ele logo descobre, no entanto, que o local guarda segredos sinistros, encarnados principalmente em uma turma de animatr\u00f4nicos com instintos assassinos.<\/p>\n<p>Al\u00e9m do astro de\u00a0Jogos Vorazes, o filme contou com\u00a0<strong>Elizabeth Lail\u00a0<\/strong>(Voc\u00ea) e\u00a0<strong>Matthew Lillard\u00a0<\/strong>(Scooby-Doo) no elenco. Dirigido por\u00a0<strong>Emma Tammi\u00a0<\/strong>(Terra Assombrada),\u00a0Five Nights\u00a0foi um triunfo de bilheteria, arrecadando quase US$ 300 milh\u00f5es ao redor do mundo.<\/p>\n<p>Tammi, Hutcherson, Lail e Lillard est\u00e3o confirmados para retornar na sequ\u00eancia, que ainda adiciona\u00a0<strong>McKenna Grace\u00a0<\/strong>(Ghostbusters: Mais Al\u00e9m) ao elenco. O roteiro \u00e9 mais uma vez de\u00a0<strong>Scott Cawthon<\/strong>, criador da s\u00e9rie de videogames que originou os filmes.<\/p>\n<p>            Continua depois da Publicidade<\/p>\n<p data-gtm-vis-first-on-screen67967661_30=\"976705\" data-gtm-vis-has-fired67967661_30=\"1\" data-gtm-vis-recent-on-screen67967661_30=\"976705\" data-gtm-vis-total-visible-time67967661_30=\"100\"><strong>Five Nights at Freddy&#8217;s 2\u00a0<\/strong>estreia em\u00a0<strong>5 de dezembro\u00a0<\/strong>nos cinemas brasileiros<\/p>\n<p>\u00a0<\/p>\n","protected":false},"excerpt":{"rendered":"A revela\u00e7\u00e3o do inusitado balde de pipoca de\u00a0Five Nights at Freddy&#8217;s 2\u00a0deixou a internet confusa e, agora, o&hellip;\n","protected":false},"author":2,"featured_media":152131,"comment_status":"","ping_status":"","sticky":false,"template":"","format":"standard","meta":{"footnotes":""},"categories":[140],"tags":[114,115,147,148,146,32,33],"class_list":{"0":"post-152130","1":"post","2":"type-post","3":"status-publish","4":"format-standard","5":"has-post-thumbnail","7":"category-filmes","8":"tag-entertainment","9":"tag-entretenimento","10":"tag-film","11":"tag-filmes","12":"tag-movies","13":"tag-portugal","14":"tag-pt"},"share_on_mastodon":{"url":"https:\/\/pubeurope.com\/@pt\/115550182716671791","error":""},"_links":{"self":[{"href":"https:\/\/www.europesays.com\/pt\/wp-json\/wp\/v2\/posts\/152130","targetHints":{"allow":["GET"]}}],"collection":[{"href":"https:\/\/www.europesays.com\/pt\/wp-json\/wp\/v2\/posts"}],"about":[{"href":"https:\/\/www.europesays.com\/pt\/wp-json\/wp\/v2\/types\/post"}],"author":[{"embeddable":true,"href":"https:\/\/www.europesays.com\/pt\/wp-json\/wp\/v2\/users\/2"}],"replies":[{"embeddable":true,"href":"https:\/\/www.europesays.com\/pt\/wp-json\/wp\/v2\/comments?post=152130"}],"version-history":[{"count":0,"href":"https:\/\/www.europesays.com\/pt\/wp-json\/wp\/v2\/posts\/152130\/revisions"}],"wp:featuredmedia":[{"embeddable":true,"href":"https:\/\/www.europesays.com\/pt\/wp-json\/wp\/v2\/media\/152131"}],"wp:attachment":[{"href":"https:\/\/www.europesays.com\/pt\/wp-json\/wp\/v2\/media?parent=152130"}],"wp:term":[{"taxonomy":"category","embeddable":true,"href":"https:\/\/www.europesays.com\/pt\/wp-json\/wp\/v2\/categories?post=152130"},{"taxonomy":"post_tag","embeddable":true,"href":"https:\/\/www.europesays.com\/pt\/wp-json\/wp\/v2\/tags?post=152130"}],"curies":[{"name":"wp","href":"https:\/\/api.w.org\/{rel}","templated":true}]}}