{"id":152143,"date":"2025-11-14T21:43:22","date_gmt":"2025-11-14T21:43:22","guid":{"rendered":"https:\/\/www.europesays.com\/pt\/152143\/"},"modified":"2025-11-14T21:43:22","modified_gmt":"2025-11-14T21:43:22","slug":"os-melhores-filmes-do-ano-para-o-jornal-the-economist","status":"publish","type":"post","link":"https:\/\/www.europesays.com\/pt\/152143\/","title":{"rendered":"os melhores filmes do ano para o jornal the Economist"},"content":{"rendered":"<p>Os melhores filmes de 2025 do The Economist juntam padres, revolucion\u00e1rios e vampiros com a vitalidade do cinema brasileiro.<\/p>\n<p>&#8220;Ainda Estou Aqui&#8221;, de Walter Salles e com Fernanda Montenegro, o mais recente vencedor do \u00d3scar do Melhor Filme Internacional, e &#8220;O Agente Secreto&#8221;, de Kleber Mendon\u00e7a Filho e com Wagner Moura, na lista de muitos analistas para estar presente em for\u00e7a nas pr\u00f3ximas nomea\u00e7\u00f5es para as estatuetas douradas, surgem na <a href=\"https:\/\/www.economist.com\/culture\/2025\/11\/13\/the-best-films-of-2025\" target=\"_blank\" rel=\"noopener nofollow\">lista de 14 t\u00edtulos do jornal brit\u00e2nico<\/a> (acesso pago) divulgada na sexta-feira.<\/p>\n<p>\t\t<img decoding=\"async\" src=\"https:\/\/www.europesays.com\/pt\/wp-content\/uploads\/2025\/11\/1763156602_3_thumbs.web.sapo.io\"  loading=\"true\"\/><\/p>\n<p>      &#8220;O Agente Secreto&#8221;<br \/>\n      Cr\u00e9ditos: Divulga\u00e7\u00e3o<\/p>\n<p>A partir das estreias comerciais nos cinemas da Am\u00e9rica do Norte ou Gr\u00e3-Bretanha, o Top por ordem alfab\u00e9tica inclui outros filmes apontados como favoritos para uma presen\u00e7a forte na temporada de pr\u00e9mios, como &#8220;Batalha Atr\u00e1s de Batalha&#8221;, de Paul Thomas Anderson, &#8220;Pecadores&#8221;, de Ryan Coogler, &#8220;Hamnet&#8221;, de Chlo\u00e9 Zhao, &#8220;Sentimental Value&#8221;, de Joachim Trier, &#8220;Foi S\u00f3 um Acidente&#8221;, de Jafar Panahi, e &#8220;Hora do Desaparecimento&#8221;, de Zach Cregger.<\/p>\n<p>Filmes na lista do ano passado, mas lan\u00e7ados na Gr\u00e3-Bretanha em 2025 e j\u00e1 premiados pelos \u00d3scares, s\u00e3o &#8220;O Brutalista&#8221;, de Brady Corbet, e a anima\u00e7\u00e3o &#8220;Flow &#8211; \u00c0 Deriva&#8221;, de Gints Zilbalodis.<\/p>\n<p>&#8220;28 Anos Depois&#8221;, de Danny Boyle, e &#8220;Is This Thing On?&#8221;, de Bradley Cooper, tamb\u00e9m est\u00e3o entre os melhores do ano para o The Economist.<\/p>\n<p>&#8220;Prestes a Explodir&#8221;, de Kathryn Bigelow, e &#8220;Acorda, Defunto: Um Mist\u00e9rio Knives Out&#8221;, de Rian Johnson, ambos da Netflix, s\u00e3o as \u00fanicas presen\u00e7a de uma plataforma de streaming.<\/p>\n","protected":false},"excerpt":{"rendered":"Os melhores filmes de 2025 do The Economist juntam padres, revolucion\u00e1rios e vampiros com a vitalidade do cinema&hellip;\n","protected":false},"author":2,"featured_media":152144,"comment_status":"","ping_status":"","sticky":false,"template":"","format":"standard","meta":{"footnotes":""},"categories":[140],"tags":[114,115,147,148,146,32,33],"class_list":{"0":"post-152143","1":"post","2":"type-post","3":"status-publish","4":"format-standard","5":"has-post-thumbnail","7":"category-filmes","8":"tag-entertainment","9":"tag-entretenimento","10":"tag-film","11":"tag-filmes","12":"tag-movies","13":"tag-portugal","14":"tag-pt"},"share_on_mastodon":{"url":"https:\/\/pubeurope.com\/@pt\/115550238021456762","error":""},"_links":{"self":[{"href":"https:\/\/www.europesays.com\/pt\/wp-json\/wp\/v2\/posts\/152143","targetHints":{"allow":["GET"]}}],"collection":[{"href":"https:\/\/www.europesays.com\/pt\/wp-json\/wp\/v2\/posts"}],"about":[{"href":"https:\/\/www.europesays.com\/pt\/wp-json\/wp\/v2\/types\/post"}],"author":[{"embeddable":true,"href":"https:\/\/www.europesays.com\/pt\/wp-json\/wp\/v2\/users\/2"}],"replies":[{"embeddable":true,"href":"https:\/\/www.europesays.com\/pt\/wp-json\/wp\/v2\/comments?post=152143"}],"version-history":[{"count":0,"href":"https:\/\/www.europesays.com\/pt\/wp-json\/wp\/v2\/posts\/152143\/revisions"}],"wp:featuredmedia":[{"embeddable":true,"href":"https:\/\/www.europesays.com\/pt\/wp-json\/wp\/v2\/media\/152144"}],"wp:attachment":[{"href":"https:\/\/www.europesays.com\/pt\/wp-json\/wp\/v2\/media?parent=152143"}],"wp:term":[{"taxonomy":"category","embeddable":true,"href":"https:\/\/www.europesays.com\/pt\/wp-json\/wp\/v2\/categories?post=152143"},{"taxonomy":"post_tag","embeddable":true,"href":"https:\/\/www.europesays.com\/pt\/wp-json\/wp\/v2\/tags?post=152143"}],"curies":[{"name":"wp","href":"https:\/\/api.w.org\/{rel}","templated":true}]}}