{"id":152163,"date":"2025-11-14T22:12:08","date_gmt":"2025-11-14T22:12:08","guid":{"rendered":"https:\/\/www.europesays.com\/pt\/152163\/"},"modified":"2025-11-14T22:12:08","modified_gmt":"2025-11-14T22:12:08","slug":"vingadores-doomsday-doutor-destino-tera-espada-e-escudo-no-filme","status":"publish","type":"post","link":"https:\/\/www.europesays.com\/pt\/152163\/","title":{"rendered":"Vingadores: Doomsday | Doutor Destino ter\u00e1 espada e escudo no filme"},"content":{"rendered":"<p>O portal ComicBookMovie trouxe informa\u00e7\u00f5es in\u00e9ditas a respeito do figurino de alguns dos personagens principais de\u00a0<strong>Vingadores: Doomsday<\/strong>, novo filme do <strong>MCU<\/strong>.<\/p>\n<p>Uma fonte interna ouvida pela publica\u00e7\u00e3o descobriu que o Doutor Destino (<strong>Robert Downey Jr.<\/strong>) aparecer\u00e1, em algum momento do longa, de espada e escudo em punho &#8211; combina\u00e7\u00e3o que apresentou um resultado &#8220;muito bom&#8221;, na opini\u00e3o do\u00a0insider.<\/p>\n<p>            Continua depois da Publicidade<\/p>\n<p>Outra novidade fica por conta de M\u00edstica (<strong>Rebecca Romijn<\/strong>), que, ao inv\u00e9s de aparecer nua como de costume, vai ganhar seu pr\u00f3prio traje de super-hero\u00edna. O figurino \u00e9 descrito como um vestido branco, com detalhes em azul nos ombros e no centro do peito, al\u00e9m de cal\u00e7as brancas por baixo. Outros acess\u00f3rios, como um cinto com &#8216;x&#8217; gravado e uma tiara de caveira, devem completar o look\u00a0da personagem.<\/p>\n<p>Shang-Chi (<strong>Simu Liu<\/strong>), por sua vez, usar\u00e1 um uniforme muito parecido ao que ostentou em seu filme solo, embora agora mais similar a uma jaqueta de couro, e com tons de vermelho mais escuros.<\/p>\n<p>H\u00e1 tamb\u00e9m informa\u00e7\u00f5es sobre a apar\u00eancia das variantes do Doutor Destino. Uma delas, feminina, vestir\u00e1 capa roxa e m\u00e1scara dourada, enquanto a outra, tamb\u00e9m mulher, ter\u00e1 tanto a capa como a m\u00e1scara douradas. Haver\u00e1 ainda uma terceira variante, usando a capa verde cl\u00e1ssica.<\/p>\n<p>    Tudo sobre\u00a0Vingadores: Doomsday<\/p>\n<p data-gtm-vis-first-on-screen67967661_30=\"1813\" data-gtm-vis-has-fired67967661_30=\"1\" data-gtm-vis-total-visible-time67967661_30=\"100\">A Marvel j\u00e1 confirmou os principais nomes do elenco do novo filme, em uma das maiores reuni\u00f5es de astros do MCU j\u00e1 realizada. Dos filmes anteriores de\u00a0Vingadores,\u00a0retornam:\u00a0Chris Hemsworth\u00a0como Thor, Anthony Mackie como Capit\u00e3o Am\u00e9rica, Sebastian Stan como Soldado Invernal, Paul Rudd como Homem-Formiga, Winston Duke como M&#8217;Baku e Letitia Wright.<\/p>\n<p>            Continua depois da Publicidade<\/p>\n<p>De personagens apresentados p\u00f3s-Vingadores: Ultimato\u00a0&#8211; nas fases 4 e 5 do MCU &#8211;\u00a0temos\u00a0Simu Liu\u00a0como Shang-Chi,\u00a0Danny Ramirez\u00a0como Falc\u00e3o, todo o novo\u00a0Quarteto Fant\u00e1stico\u00a0(Pedro Pascal\u00a0como Sr. Fant\u00e1stico,\u00a0Vanessa Kirby\u00a0como Mulher Invis\u00edvel,\u00a0Joseph Quinn\u00a0como Tocha Humana e\u00a0Ebon Moss-Bachrach\u00a0como o Coisa) e quase todo o elenco de\u00a0Thunderbolts* (Florence Pugh\u00a0como Yelena,\u00a0Wyatt Russell\u00a0como Agente Americano,\u00a0David Harbour\u00a0como Guardi\u00e3o Vermelho,\u00a0Hanah John-Kamen\u00a0como Fantasma e\u00a0Lewis Pullman\u00a0como Bob, o Sentinela).<\/p>\n<p>Em uma live de an\u00fancio do elenco, houve tamb\u00e9m a grande surpresa do filme at\u00e9 aqui: o retorno dos X-Men cl\u00e1ssicos dos filmes da antiga Fox, incluindo Patrick Stewart\u00a0como Professor X,\u00a0Ian McKellen\u00a0como Magneto,\u00a0James Marsden\u00a0como Ciclope,\u00a0Alan Cumming\u00a0como Noturno,\u00a0Kelsey Grammer\u00a0como Fera,\u00a0Rebecca Romijn\u00a0como M\u00edstica e, apresentado em\u00a0Deadpool &amp; Wolverine, Channing Tatum como Gambit.<\/p>\n<p data-gtm-vis-first-on-screen67967661_30=\"55338\" data-gtm-vis-has-fired67967661_30=\"1\" data-gtm-vis-recent-on-screen67967661_30=\"55338\" data-gtm-vis-total-visible-time67967661_30=\"100\">O vil\u00e3o da hist\u00f3ria, enquanto isso, ser\u00e1 o Doutor Destino de Robert Downey Jr.\u00a0Vingadores: Doomsday\u00a0contar\u00e1 com dire\u00e7\u00e3o dos irm\u00e3os Anthony e Joe Russo (Ultimato), e roteiro de Michael Waldron (Loki) e\u00a0Stephen McFreely (Ultimato).<\/p>\n<p>            Continua depois da Publicidade<\/p>\n<p data-gtm-vis-first-on-screen67967661_30=\"55338\" data-gtm-vis-has-fired67967661_30=\"1\" data-gtm-vis-total-visible-time67967661_30=\"100\">A estreia de\u00a0Vingadores: Doomsday\u00a0ficou para 18 de dezembro de 2026 no Brasil, preparando o terreno para\u00a0Vingadores: Guerras Secretas\u00a0em 2027.<\/p>\n","protected":false},"excerpt":{"rendered":"O portal ComicBookMovie trouxe informa\u00e7\u00f5es in\u00e9ditas a respeito do figurino de alguns dos personagens principais de\u00a0Vingadores: Doomsday, novo&hellip;\n","protected":false},"author":2,"featured_media":152164,"comment_status":"","ping_status":"","sticky":false,"template":"","format":"standard","meta":{"footnotes":""},"categories":[140],"tags":[114,115,147,148,146,32,33],"class_list":{"0":"post-152163","1":"post","2":"type-post","3":"status-publish","4":"format-standard","5":"has-post-thumbnail","7":"category-filmes","8":"tag-entertainment","9":"tag-entretenimento","10":"tag-film","11":"tag-filmes","12":"tag-movies","13":"tag-portugal","14":"tag-pt"},"share_on_mastodon":{"url":"https:\/\/pubeurope.com\/@pt\/115550351901546355","error":""},"_links":{"self":[{"href":"https:\/\/www.europesays.com\/pt\/wp-json\/wp\/v2\/posts\/152163","targetHints":{"allow":["GET"]}}],"collection":[{"href":"https:\/\/www.europesays.com\/pt\/wp-json\/wp\/v2\/posts"}],"about":[{"href":"https:\/\/www.europesays.com\/pt\/wp-json\/wp\/v2\/types\/post"}],"author":[{"embeddable":true,"href":"https:\/\/www.europesays.com\/pt\/wp-json\/wp\/v2\/users\/2"}],"replies":[{"embeddable":true,"href":"https:\/\/www.europesays.com\/pt\/wp-json\/wp\/v2\/comments?post=152163"}],"version-history":[{"count":0,"href":"https:\/\/www.europesays.com\/pt\/wp-json\/wp\/v2\/posts\/152163\/revisions"}],"wp:featuredmedia":[{"embeddable":true,"href":"https:\/\/www.europesays.com\/pt\/wp-json\/wp\/v2\/media\/152164"}],"wp:attachment":[{"href":"https:\/\/www.europesays.com\/pt\/wp-json\/wp\/v2\/media?parent=152163"}],"wp:term":[{"taxonomy":"category","embeddable":true,"href":"https:\/\/www.europesays.com\/pt\/wp-json\/wp\/v2\/categories?post=152163"},{"taxonomy":"post_tag","embeddable":true,"href":"https:\/\/www.europesays.com\/pt\/wp-json\/wp\/v2\/tags?post=152163"}],"curies":[{"name":"wp","href":"https:\/\/api.w.org\/{rel}","templated":true}]}}