{"id":152205,"date":"2025-11-14T22:53:25","date_gmt":"2025-11-14T22:53:25","guid":{"rendered":"https:\/\/www.europesays.com\/pt\/152205\/"},"modified":"2025-11-14T22:53:25","modified_gmt":"2025-11-14T22:53:25","slug":"surpreendente-mae-de-leandro-faz-revelacao-sobre-o-concorrente-de-secret-story","status":"publish","type":"post","link":"https:\/\/www.europesays.com\/pt\/152205\/","title":{"rendered":"Surpreendente! M\u00e3e de Leandro faz revela\u00e7\u00e3o sobre o concorrente de &#8220;Secret Story&#8221;"},"content":{"rendered":"<p>Cristina Ferreira recebeu, esta sexta-feira, dia 14, no programa &#8220;<a href=\"https:\/\/tvi.iol.pt\/doisas10\/\" target=\"_blank\" rel=\"nofollow noopener\">Dois \u00e0s 10<\/a>&#8220;, familiares dos cinco nomeados desta semana na nona edi\u00e7\u00e3o de &#8220;Secret Story &#8211; Casa dos Segredos&#8221;. Em representa\u00e7\u00e3o de Leandro Martins, esteve a m\u00e3e deste,\u00a0Luzia Pereira.<\/p>\n<p>&#8220;J\u00e1 esteve a fazer-me queixas. Est\u00e1 a tomar conta dos animais todos, isto e aquilo&#8230; E ele l\u00e1 dentro, dentro da casa&#8221;, brincou a apresentadora, logo no in\u00edcio da conversa.<\/p>\n<p>A progenitora de <a href=\"https:\/\/selfie.iol.pt\/famosos\/casa-dos-segredos-9\/leandro-perdeu-varios-quilos-no-ultimo-ano-veja-como-era-o-concorrente-de-secret-story\/20251112\/6915041ed34e2bd5c6d3f0d9\" target=\"_blank\" rel=\"nofollow noopener\">Leandro Martins<\/a> disse, ent\u00e3o, que o filho tem\u00a0&#8220;bastantes&#8221; animais.\u00a0&#8220;Galinhas, s\u00e3o, para a\u00ed, 50. Depois, tenho os porcos, que tiveram leit\u00f5es. Tamb\u00e9m j\u00e1 nasceram dois Yorkshires. Depois, tem patos, perus, gansos, coelhos, codornizes&#8230;&#8221;, detalhou, deixando Cristina Ferreira espantada com a revela\u00e7\u00e3o.<\/p>\n<p>&#8220;Ai, voc\u00ea tem de nos deixar ir l\u00e1 ver a quinta&#8221;, sugeriu a tamb\u00e9m Diretora de Entretenimento e Fic\u00e7\u00e3o da <a href=\"https:\/\/tvi.iol.pt\/\" target=\"_blank\" rel=\"nofollow noopener\">TVI<\/a>. &#8220;Quando quiser&#8221;, respondeu Luzia Pereira.<\/p>\n<p>Al\u00e9m de <a href=\"https:\/\/selfie.iol.pt\/famosos\/casa-dos-segredos-9\/revelacao-sombria-em-secret-story-leandro-ja-comprou-campa-onde-vai-ser-enterrado\/20251112\/6914a9a4d34e2bd5c6d3ece6\" target=\"_blank\" rel=\"nofollow noopener\">Leandro Martins<\/a>, lutam pela perman\u00eancia no\u00a0reality show da esta\u00e7\u00e3o de Queluz de Baixo Ana Batista, Ana Cristina Ferreira, Dylan Fonte e Pedro Jorge.<\/p>\n<p>Veja, agora, o v\u00eddeo do referido momento protagonizado pela m\u00e3e do concorrente de &#8220;<a href=\"https:\/\/tvi.iol.pt\/secretstory\/\" target=\"_blank\" rel=\"nofollow noopener\">Secret Story<\/a> &#8211; Casa dos Segredos&#8221;.<\/p>\n","protected":false},"excerpt":{"rendered":"Cristina Ferreira recebeu, esta sexta-feira, dia 14, no programa &#8220;Dois \u00e0s 10&#8220;, familiares dos cinco nomeados desta semana&hellip;\n","protected":false},"author":2,"featured_media":116078,"comment_status":"","ping_status":"","sticky":false,"template":"","format":"standard","meta":{"footnotes":""},"categories":[142],"tags":[6340,26382,19725,31505,2632,13471,6338,328,166,801,19105,21040,114,115,980,12397,26373,32944,8204,619,13845,7092,3448,14646,21416,32,33,1014,1315,6985,16687,16686,1012,6986,16688,151,162],"class_list":{"0":"post-152205","1":"post","2":"type-post","3":"status-publish","4":"format-standard","5":"has-post-thumbnail","7":"category-tv","8":"tag-ana","9":"tag-ana-batista","10":"tag-ana-cristina","11":"tag-ana-cristina-ferreira","12":"tag-casa-dos-segredos","13":"tag-casa-dos-segredos-9","14":"tag-concorrente","15":"tag-concorrentes","16":"tag-cristina-ferreira","17":"tag-dois-as-10","18":"tag-dylan","19":"tag-dylan-fonte","20":"tag-entertainment","21":"tag-entretenimento","22":"tag-famosos","23":"tag-leandro","24":"tag-leandro-martins","25":"tag-luzia-pereira","26":"tag-mae","27":"tag-nacional","28":"tag-nomeacoes","29":"tag-nomeado","30":"tag-nomeados","31":"tag-pedro","32":"tag-pedro-jorge","33":"tag-portugal","34":"tag-pt","35":"tag-reality-show","36":"tag-secret-story","37":"tag-secret-story-casa-dos-segredos","38":"tag-secret-story-casa-dos-segredos-9","39":"tag-secret-story-9","40":"tag-selfie","41":"tag-ss","42":"tag-ss9","43":"tag-tv","44":"tag-tvi"},"share_on_mastodon":{"url":"","error":"Validation failed: Text character limit of 500 exceeded"},"_links":{"self":[{"href":"https:\/\/www.europesays.com\/pt\/wp-json\/wp\/v2\/posts\/152205","targetHints":{"allow":["GET"]}}],"collection":[{"href":"https:\/\/www.europesays.com\/pt\/wp-json\/wp\/v2\/posts"}],"about":[{"href":"https:\/\/www.europesays.com\/pt\/wp-json\/wp\/v2\/types\/post"}],"author":[{"embeddable":true,"href":"https:\/\/www.europesays.com\/pt\/wp-json\/wp\/v2\/users\/2"}],"replies":[{"embeddable":true,"href":"https:\/\/www.europesays.com\/pt\/wp-json\/wp\/v2\/comments?post=152205"}],"version-history":[{"count":0,"href":"https:\/\/www.europesays.com\/pt\/wp-json\/wp\/v2\/posts\/152205\/revisions"}],"wp:featuredmedia":[{"embeddable":true,"href":"https:\/\/www.europesays.com\/pt\/wp-json\/wp\/v2\/media\/116078"}],"wp:attachment":[{"href":"https:\/\/www.europesays.com\/pt\/wp-json\/wp\/v2\/media?parent=152205"}],"wp:term":[{"taxonomy":"category","embeddable":true,"href":"https:\/\/www.europesays.com\/pt\/wp-json\/wp\/v2\/categories?post=152205"},{"taxonomy":"post_tag","embeddable":true,"href":"https:\/\/www.europesays.com\/pt\/wp-json\/wp\/v2\/tags?post=152205"}],"curies":[{"name":"wp","href":"https:\/\/api.w.org\/{rel}","templated":true}]}}