{"id":152208,"date":"2025-11-14T22:56:18","date_gmt":"2025-11-14T22:56:18","guid":{"rendered":"https:\/\/www.europesays.com\/pt\/152208\/"},"modified":"2025-11-14T22:56:18","modified_gmt":"2025-11-14T22:56:18","slug":"o-pedido-de-carlo-ancelotti-a-cristiano-ronaldo-depois-dos-1000-golos-seguramente-vai-alcancar","status":"publish","type":"post","link":"https:\/\/www.europesays.com\/pt\/152208\/","title":{"rendered":"O pedido de Carlo Ancelotti a Cristiano Ronaldo depois dos 1000 golos: \u00abSeguramente vai alcan\u00e7ar\u00bb"},"content":{"rendered":"<p>&#8211; Advertisement &#8211;<\/p>\n<p><strong>Carlo Ancelotti acredita que Cristiano Ronaldo chegar\u00e1 aos 1000 golos na carreira. Ex-treinador do Real Madrid fez ainda pedido ao portugu\u00eas.<\/strong><\/p>\n<p>Carlos Ancelotti deu uma entrevista ao di\u00e1rio espanhol AS, onde falou sobre v\u00e1rios temas. Um deles foi a possibilidade de Cristiano Ronaldo chegar aos 1000 golos na carreira, cen\u00e1rio esse que n\u00e3o traz d\u00favidas ao atual selecionador do Brasil:<\/p>\n<p>\u00abVai consegui-lo, seguramente. N\u00e3o tenho d\u00favidas de que vai conseguir (\u2026) O Cristiano seguramente vai alcan\u00e7ar os 1000 golos, mas que quando chegue que n\u00e3o se esque\u00e7a de me convidar para a celebra\u00e7\u00e3o desse recorde incr\u00edvel\u00bb, referiu Carlo Ancelotti, que trabalhou com Cristiano Ronaldo no Real Madrid entre 2013 e 2015.<\/p>\n<p>\u00abEm It\u00e1lia perguntaram-me sobre\u00a0Modric\u00a0e os seus 40 anos e disse que claro que ele ia jogar bem no\u00a0Milan. O Luka e o Cristiano s\u00e3o profissionais que amam este desporto. Conseguiram sempre o que queriam\u00bb, disse ainda Carlo Ancelotti.<\/p>\n<p>Quando questionado sobre o \u00abnovo rei do futebol\u00bb, Carlo Ancelotti teve dificuldades em escolher e disse que \u00abh\u00e1 poucos eleitos com um n\u00edvel superior\u00bb:<\/p>\n<p>\u00abO\u00a0Real Madrid\u00a0tem o\u00a0Mbapp\u00e9, o\u00a0Bellingham. O\u00a0Yamal\u00a0est\u00e1 a fazer coisas muito boas. O\u00a0Raphinha\u00a0est\u00e1 lesionado, mas \u00e9 muito bom como demonstrou no ano passado. E o\u00a0Haaland\u00a0marca muitos golos no\u00a0City\u00bb.<\/p>\n<p><a href=\"https:\/\/bolanarede.pt\/etiqueta\/carlo-ancelotti\/\" target=\"_blank\" rel=\"noreferrer noopener nofollow\">Carlo Ancelotti <\/a>recordou o dia da despedida do Real Madrid:<\/p>\n<p>\u00abFoi um dia muito emocional, bonito e bem preparado pelo clube. Sabia que isto podia acontecer. Pensei muito. Foi um dia inesquec\u00edvel. Foi o melhor dia para sair do\u00a0Real Madrid. N\u00e3o posso esquec\u00ea-lo\u00bb.<\/p>\n<p>Carlo Ancelotti defendeu ainda Xabi Alonso, atual treinador do Real Madrid:<\/p>\n<p>\u00abVejo quase todos os jogos porque quero ver como est\u00e3o os brasileiros e a equipa est\u00e1 muito bem, ganham quase todos os jogos. Infelizmente n\u00e3o se pode ganhar sempre, \u00e0s vezes empata-se. No Real aprendi que um empate \u00e9 a antec\u00e2mara de uma crise\u00bb.<\/p>\n<p><img fetchpriority=\"high\" decoding=\"async\" width=\"1024\" height=\"577\" src=\"data:image\/svg+xml,%3Csvg%20xmlns=\" http:=\"\" alt=\"Carlo Ancelotti Brasil\" class=\"wp-image-442755 ewww_webp_lazy_load\" data-lazy- data-lazy- data-lazy-src=\"https:\/\/www.europesays.com\/pt\/wp-content\/uploads\/2025\/11\/Carlo-Ancelotti-Brasil-1024x577.jpg\" data-lazy-src-webp=\"https:\/\/www.europesays.com\/pt\/wp-content\/uploads\/2025\/11\/Carlo-Ancelotti-Brasil-1024x577.jpg.webp\" data-lazy-srcset-webp=\"https:\/\/www.europesays.com\/pt\/wp-content\/uploads\/2025\/11\/Carlo-Ancelotti-Brasil-1024x577.jpg.webp 1024w, https:\/\/binny-bolanarede.b-cdn.net\/wp-content\/uploads\/2025\/10\/Carlo-Ancelotti-Brasil-300x169.jpg.webp 300w, https:\/\/binny-bolanarede.b-cdn.net\/wp-content\/uploads\/2025\/10\/Carlo-Ancelotti-Brasil-768x432.jpg.webp 768w, https:\/\/binny-bolanarede.b-cdn.net\/wp-content\/uploads\/2025\/10\/Carlo-Ancelotti-Brasil-1536x865.jpg.webp 1536w, https:\/\/binny-bolanarede.b-cdn.net\/wp-content\/uploads\/2025\/10\/Carlo-Ancelotti-Brasil-150x84.jpg.webp 150w, https:\/\/binny-bolanarede.b-cdn.net\/wp-content\/uploads\/2025\/10\/Carlo-Ancelotti-Brasil-696x392.jpg.webp 696w, https:\/\/binny-bolanarede.b-cdn.net\/wp-content\/uploads\/2025\/10\/Carlo-Ancelotti-Brasil-1068x601.jpg.webp 1068w, https:\/\/binny-bolanarede.b-cdn.net\/wp-content\/uploads\/2025\/10\/Carlo-Ancelotti-Brasil.jpg.webp 1920w\"\/>Fonte: CBF<\/p>\n","protected":false},"excerpt":{"rendered":"&#8211; Advertisement &#8211; Carlo Ancelotti acredita que Cristiano Ronaldo chegar\u00e1 aos 1000 golos na carreira. Ex-treinador do Real&hellip;\n","protected":false},"author":2,"featured_media":94986,"comment_status":"","ping_status":"","sticky":false,"template":"","format":"standard","meta":{"footnotes":""},"categories":[87],"tags":[260,25440,667,135,32,33,2007,134],"class_list":{"0":"post-152208","1":"post","2":"type-post","3":"status-publish","4":"format-standard","5":"has-post-thumbnail","7":"category-desporto","8":"tag-atualidade","9":"tag-carlo-ancelotti","10":"tag-cristiano-ronaldo","11":"tag-desporto","12":"tag-portugal","13":"tag-pt","14":"tag-real-madrid","15":"tag-sports"},"share_on_mastodon":{"url":"https:\/\/pubeurope.com\/@pt\/115550524786875971","error":""},"_links":{"self":[{"href":"https:\/\/www.europesays.com\/pt\/wp-json\/wp\/v2\/posts\/152208","targetHints":{"allow":["GET"]}}],"collection":[{"href":"https:\/\/www.europesays.com\/pt\/wp-json\/wp\/v2\/posts"}],"about":[{"href":"https:\/\/www.europesays.com\/pt\/wp-json\/wp\/v2\/types\/post"}],"author":[{"embeddable":true,"href":"https:\/\/www.europesays.com\/pt\/wp-json\/wp\/v2\/users\/2"}],"replies":[{"embeddable":true,"href":"https:\/\/www.europesays.com\/pt\/wp-json\/wp\/v2\/comments?post=152208"}],"version-history":[{"count":0,"href":"https:\/\/www.europesays.com\/pt\/wp-json\/wp\/v2\/posts\/152208\/revisions"}],"wp:featuredmedia":[{"embeddable":true,"href":"https:\/\/www.europesays.com\/pt\/wp-json\/wp\/v2\/media\/94986"}],"wp:attachment":[{"href":"https:\/\/www.europesays.com\/pt\/wp-json\/wp\/v2\/media?parent=152208"}],"wp:term":[{"taxonomy":"category","embeddable":true,"href":"https:\/\/www.europesays.com\/pt\/wp-json\/wp\/v2\/categories?post=152208"},{"taxonomy":"post_tag","embeddable":true,"href":"https:\/\/www.europesays.com\/pt\/wp-json\/wp\/v2\/tags?post=152208"}],"curies":[{"name":"wp","href":"https:\/\/api.w.org\/{rel}","templated":true}]}}