{"id":152209,"date":"2025-11-14T22:58:08","date_gmt":"2025-11-14T22:58:08","guid":{"rendered":"https:\/\/www.europesays.com\/pt\/152209\/"},"modified":"2025-11-14T22:58:08","modified_gmt":"2025-11-14T22:58:08","slug":"o-que-fazer-neste-fim-de-semana-passear-entre-livros-miscaros-e-doces-conventuais-lazer","status":"publish","type":"post","link":"https:\/\/www.europesays.com\/pt\/152209\/","title":{"rendered":"O que fazer neste fim-de-semana? Passear entre livros, m\u00edscaros e doces conventuais | Lazer"},"content":{"rendered":"<p>Joep Beving<\/p>\n<p dir=\"ltr\"><strong>PORTO Casa da M\u00fasica. Dia 15\/11, \u00e0s 22h30. M\/6. 20\u20ac a 40\u20ac<\/strong><\/p>\n<p dir=\"ltr\">O pianista e compositor holand\u00eas (n.1976) volta a Portugal a convite do Misty Fest. Anda na estrada a celebrar o d\u00e9cimo anivers\u00e1rio de Solipsism (2015), o seu \u00e1lbum de estreia, pondo a beleza minimalista do trabalho em destaque com concertos especiais, de formato \u201c\u00edntimo e imersivo\u201d, onde tamb\u00e9m entram outras composi\u00e7\u00f5es do seu rico repert\u00f3rio.<\/p>\n<p dir=\"ltr\">A estas notas de m\u00fasica neocl\u00e1ssica contempor\u00e2nea \u2013 com passagem tamb\u00e9m pelo Teatro S\u00e3o Luiz, em Lisboa, neste domingo \u2013 juntam-se, na Sala 2 da casa portuense, Dan\u00e7as Ocultas. Com a gram\u00e1tica do acorde\u00e3o diat\u00f3nico (tamb\u00e9m conhecido como concertina) a fazer as honras do grupo, desvendam Inspirar, o d\u00e9cimo \u00e1lbum, lan\u00e7ado em Maio passado e apresentado como \u201cum cruzamento entre heran\u00e7a popular, minimalismo, universo cl\u00e1ssico e improvisa\u00e7\u00e3o\u201d. O encontro est\u00e1 marcado para as 21h; os bilhetes custam 25\u20ac.<\/p>\n<p>        &#13;<\/p>\n<p>&#13;<br \/>\n                &#13;\n            <\/p>\n<p>&#13;<\/p>\n<p>Festival Utopia<\/p>\n<p dir=\"ltr\"><strong>BRAGA Espa\u00e7o Vita e outros locais. De 14\/11 a 23\/11. Gr\u00e1tis, excepto jantares, cursos e Ponto de Fuga<\/strong><\/p>\n<p dir=\"ltr\">Dez dias e mais de 600 horas de programa\u00e7\u00e3o a refor\u00e7arem o lema \u201ctoda a literatura \u00e9 um espa\u00e7o de sonho, reflex\u00e3o e encontro\u201d fazem a terceira edi\u00e7\u00e3o do certame promovido pela The Book Company, em parceria com a autarquia.<\/p>\n<p dir=\"ltr\">No <a href=\"https:\/\/festival-utopia.pt\/#programa\" target=\"_blank\" rel=\"nofollow noopener\">programa<\/a> est\u00e3o conversas, debates, oficinas, podcasts ao vivo, exposi\u00e7\u00f5es, lan\u00e7amentos, espect\u00e1culos, jantares liter\u00e1rios v\u00ednicos e convidados como o Nobel da Literatura Abdulrazak Gurnah, Alice Kellen, Dino D&#8217;Santiago, Frederico Louren\u00e7o, Karla Su\u00e1rez, K\u00e1tia Guerreiro, Mia Couto, On\u00e9simo Teot\u00f3nio Almeida, Ricardo Ara\u00fajo Pereira, Martim Sousa Tavares, Jo\u00e3o Barradas, Rita Redshoes ou Afonso Cruz.<\/p>\n<p>        &#13;<\/p>\n<p>&#13;<br \/>\n                &#13;\n            <\/p>\n<p>&#13;<\/p>\n<p>M\u00edscaros &#8211; Festival do Cogumelo<\/p>\n<p dir=\"ltr\"><strong>FUND\u00c3O Alcaide. De 12\/11 a 16\/11.<\/strong><\/p>\n<p dir=\"ltr\">Em terra f\u00e9rtil para a celebra\u00e7\u00e3o do patrim\u00f3nio f\u00fangico, juntam-se apreciadores, colectores e curiosos para uma jornada que \u00e9 acima de tudo uma festa popular, com tasquinhas e anima\u00e7\u00e3o di\u00e1ria a condizer, mas onde se aprende tamb\u00e9m a colher, cozinhar e comer os m\u00edscaros, com a ajuda de chefs de renome. Para refor\u00e7ar a experi\u00eancia, entram em cena caminhadas e passeios micol\u00f3gicos, de cesta na m\u00e3o, pelas encostas da Serra da Gardunha, mas tamb\u00e9m palestras, oficinas, cantares e outros conv\u00edvios comunit\u00e1rios. Mais informa\u00e7\u00f5es em <a href=\"http:\/\/www.festivalmiscaros.pt\" target=\"_blank\" rel=\"nofollow noopener\">www.festivalmiscaros.pt<\/a>.<\/p>\n<p>        &#13;<\/p>\n<p>&#13;<br \/>\n                &#13;\n            <\/p>\n<p>&#13;<\/p>\n<p>Somos Todas Baba Yaga<\/p>\n<p dir=\"ltr\"><strong>LISBOA Teatro Armando Cortez. Dias 14\/11 e 15\/11. Sexta e s\u00e1bado, \u00e0s 21h. M\/14. 10\u20ac<\/strong><\/p>\n<p dir=\"ltr\">A primeira cria\u00e7\u00e3o original da Sociedade das Primas vai beber \u00e0 figura m\u00edtica da tradi\u00e7\u00e3o eslava Baba Yaga, s\u00edmbolo da mulher livre e resistente, e nasce da reescrita de uma hist\u00f3ria. A de \u201cuma mulher do meio rural que sonhou ser actriz, mas viu os seus sonhos abafados pela sociedade patriarcal da sua \u00e9poca\u201d, assim dita a sinopse.<\/p>\n<p dir=\"ltr\">Quem a escreve \u00e9 a sua neta, Beatriz Teod\u00f3sio (que tamb\u00e9m encena), seis d\u00e9cadas volvidas, para dar voz \u00e0s hist\u00f3rias que \u201catravessam gera\u00e7\u00f5es em sil\u00eancio\u201d. Um encontro entre a mem\u00f3ria e o mito, feito a partir de di\u00e1rios, fotografias de fam\u00edlia e testemunhos de mulheres da Casa do Artista, para celebrar a persist\u00eancia feminina e \u201ca coragem de quem cria mesmo quando o mundo tenta calar.\u201d<\/p>\n<p>One-to-One Festival<\/p>\n<p dir=\"ltr\"><strong>OEIRAS F\u00e1brica da P\u00f3lvora de Barcarena. Dias 15\/11 e 16\/11, das 15h \u00e0s 20h. Entrada livre<\/strong><\/p>\n<p dir=\"ltr\">Segunda edi\u00e7\u00e3o do festival organizado pela companhia Gato Escaldado e parte do projeto One-to-One Art, apoiado pelo programa Europa Criativa da Uni\u00e3o Europeia. Alinha nove performances pensadas para serem vividas de um para um (tal como refere o nome do evento), tornando cada momento art\u00edstico numa experi\u00eancia \u00fanica entre espectador e artista.<\/p>\n<p dir=\"ltr\">Com anfitri\u00f5es de Portugal, Cro\u00e1cia, Eslov\u00e9nia, Espanha, Finl\u00e2ndia, It\u00e1lia e Ucr\u00e2nia, o programa d\u00e1 espa\u00e7o, por exemplo, \u00e0 instala\u00e7\u00e3o imersiva baseada no desenho de In\u00eas Magalh\u00e3es, \u00e0s Sonic Migrations de Giulia Galina, \u00e0 composi\u00e7\u00e3o de g\u00e9meos digitais de Jaakko Autio, \u00e0s hist\u00f3rias de amor de Eva Holts e \u00e0 obra criada por Antti Tolvi a partir das m\u00e3os do espectador.<\/p>\n<p>Mostra Internacional de Doces &amp; Licores Conventuais<\/p>\n<p dir=\"ltr\"><strong>ALCOBA\u00c7A Mosteiro de Santa Maria de Alcoba\u00e7a. De 13\/11 a 16\/11. Todos os dias, das 10h \u00e0s 23h (excepto domingo, at\u00e9 \u00e0s 20h). 1\u20ac (dia). Gr\u00e1tis para crian\u00e7as at\u00e9 12 anos<\/strong><\/p>\n<p dir=\"ltr\">Cornuc\u00f3pias, p\u00e3o-de-l\u00f3 e licor de ginja s\u00e3o algumas das iguarias da casa, numa montra que re\u00fane \u201co melhor receitu\u00e1rio conventual\u201d. Com a primazia dada \u00e0 heran\u00e7a, com mais de oito s\u00e9culos, dos monges e monjas de Cister, a 27.\u00aa edi\u00e7\u00e3o do certame conta com representantes nacionais e internacionais (Brasil e B\u00e9lgica), tendo como convidadas especiais as Monjas Concepcionistas Franciscanas de Viseu. A completar o card\u00e1pio est\u00e1 o Jardim do Encanto, uma experi\u00eancia imersiva criada pelo ateli\u00ea OCubo para celebrar os 700 anos do nascimento de In\u00eas de Castro.<\/p>\n<p>        &#13;<\/p>\n<p>&#13;<br \/>\n                &#13;\n            <\/p>\n<p>&#13;<\/p>\n<p>        &#13;<\/p>\n<p>&#13;<br \/>\n                &#13;\n            <\/p>\n<p>&#13;<\/p>\n","protected":false},"excerpt":{"rendered":"Joep Beving PORTO Casa da M\u00fasica. Dia 15\/11, \u00e0s 22h30. M\/6. 20\u20ac a 40\u20ac O pianista e compositor&hellip;\n","protected":false},"author":2,"featured_media":152210,"comment_status":"","ping_status":"","sticky":false,"template":"","format":"standard","meta":{"footnotes":""},"categories":[85],"tags":[1632,114,115,287,754,294,170,150,1633,32,33,291,2387],"class_list":{"0":"post-152209","1":"post","2":"type-post","3":"status-publish","4":"format-standard","5":"has-post-thumbnail","7":"category-entretenimento","8":"tag-agenda","9":"tag-entertainment","10":"tag-entretenimento","11":"tag-fugas","12":"tag-gastronomia","13":"tag-lazer","14":"tag-livros","15":"tag-musica","16":"tag-o-que-fazer","17":"tag-portugal","18":"tag-pt","19":"tag-relaxar","20":"tag-teatro"},"share_on_mastodon":{"url":"https:\/\/pubeurope.com\/@pt\/115550532633960808","error":""},"_links":{"self":[{"href":"https:\/\/www.europesays.com\/pt\/wp-json\/wp\/v2\/posts\/152209","targetHints":{"allow":["GET"]}}],"collection":[{"href":"https:\/\/www.europesays.com\/pt\/wp-json\/wp\/v2\/posts"}],"about":[{"href":"https:\/\/www.europesays.com\/pt\/wp-json\/wp\/v2\/types\/post"}],"author":[{"embeddable":true,"href":"https:\/\/www.europesays.com\/pt\/wp-json\/wp\/v2\/users\/2"}],"replies":[{"embeddable":true,"href":"https:\/\/www.europesays.com\/pt\/wp-json\/wp\/v2\/comments?post=152209"}],"version-history":[{"count":0,"href":"https:\/\/www.europesays.com\/pt\/wp-json\/wp\/v2\/posts\/152209\/revisions"}],"wp:featuredmedia":[{"embeddable":true,"href":"https:\/\/www.europesays.com\/pt\/wp-json\/wp\/v2\/media\/152210"}],"wp:attachment":[{"href":"https:\/\/www.europesays.com\/pt\/wp-json\/wp\/v2\/media?parent=152209"}],"wp:term":[{"taxonomy":"category","embeddable":true,"href":"https:\/\/www.europesays.com\/pt\/wp-json\/wp\/v2\/categories?post=152209"},{"taxonomy":"post_tag","embeddable":true,"href":"https:\/\/www.europesays.com\/pt\/wp-json\/wp\/v2\/tags?post=152209"}],"curies":[{"name":"wp","href":"https:\/\/api.w.org\/{rel}","templated":true}]}}