{"id":152213,"date":"2025-11-14T23:02:31","date_gmt":"2025-11-14T23:02:31","guid":{"rendered":"https:\/\/www.europesays.com\/pt\/152213\/"},"modified":"2025-11-14T23:02:31","modified_gmt":"2025-11-14T23:02:31","slug":"apreendidas-na-galiza-60-mil-bolsas-contrafeitas-com-destino-a-portugal","status":"publish","type":"post","link":"https:\/\/www.europesays.com\/pt\/152213\/","title":{"rendered":"Apreendidas na Galiza 60 mil bolsas contrafeitas com destino a Portugal"},"content":{"rendered":"<p data-remotead-prev-elm=\"true\" data-remotead-elm-id=\"inread\">O Servi\u00e7o Fiscal da Guarda Civil da Guardia Civil e a Ag\u00eancia Tribut\u00e1ria dos Servi\u00e7os Aduaneiros detetaram a contrafa\u00e7\u00e3o durante uma a\u00e7\u00e3o de controlo, elevando j\u00e1 para 100 mil as bolsas de mulher contrafeitas apreendidas nos \u00faltimos meses.<\/p>\n<p>Segundo o Comando de Pontevedra da Guardia Civil revelou ao JN, a carga completa dos tr\u00eas contentores tinha como destino uma empresa portuguesa, admitindo-se assim que o produto seria para preferencialmente para vender em Portugal.<\/p>\n<p><img decoding=\"async\" class=\"ngx-body\" guid=\"5710d7bd-ebd9-4d44-abfa-565ea72964fa\" src=\"https:\/\/www.europesays.com\/pt\/wp-content\/uploads\/2025\/11\/1763161351_218_image.jpg\" width=\"100%\"\/><\/p>\n<p data-remotead-prev-elm=\"true\" data-remotead-elm-id=\"centro1\">Muitas das bolsas contrafeitas j\u00e1 tinham colocados log\u00f3tipos de marcas de luxo, enquanto outras ainda n\u00e3o ostentavam qualquer marca, mas tinham nos mesmos contentores d\u00edsticos id\u00eanticos para coloca\u00e7\u00e3o.<\/p>\n<p>A Guardia Civil, que confiscou todo o carregamento na ter\u00e7a-feira, somente divulgou esta sexta-feira a apreens\u00e3o, para n\u00e3o se prejudicarem as investiga\u00e7\u00f5es criminais, tendo notificado as marcas originais, a fim de moverem eventuais processos judiciais.<\/p>\n","protected":false},"excerpt":{"rendered":"O Servi\u00e7o Fiscal da Guarda Civil da Guardia Civil e a Ag\u00eancia Tribut\u00e1ria dos Servi\u00e7os Aduaneiros detetaram a&hellip;\n","protected":false},"author":2,"featured_media":152214,"comment_status":"","ping_status":"","sticky":false,"template":"","format":"standard","meta":{"footnotes":""},"categories":[10],"tags":[27,28,32945,15,16,16201,29100,14,603,25,26,21,22,12,13,19,20,32,23,24,33,17,18,29,30,31],"class_list":{"0":"post-152213","1":"post","2":"type-post","3":"status-publish","4":"format-standard","5":"has-post-thumbnail","7":"category-portugal","8":"tag-breaking-news","9":"tag-breakingnews","10":"tag-contrafacao","11":"tag-featured-news","12":"tag-featurednews","13":"tag-galiza","14":"tag-guardia-civil","15":"tag-headlines","16":"tag-justica","17":"tag-latest-news","18":"tag-latestnews","19":"tag-main-news","20":"tag-mainnews","21":"tag-news","22":"tag-noticias","23":"tag-noticias-principais","24":"tag-noticiasprincipais","25":"tag-portugal","26":"tag-principais-noticias","27":"tag-principaisnoticias","28":"tag-pt","29":"tag-top-stories","30":"tag-topstories","31":"tag-ultimas","32":"tag-ultimas-noticias","33":"tag-ultimasnoticias"},"share_on_mastodon":{"url":"https:\/\/pubeurope.com\/@pt\/115550548758335270","error":""},"_links":{"self":[{"href":"https:\/\/www.europesays.com\/pt\/wp-json\/wp\/v2\/posts\/152213","targetHints":{"allow":["GET"]}}],"collection":[{"href":"https:\/\/www.europesays.com\/pt\/wp-json\/wp\/v2\/posts"}],"about":[{"href":"https:\/\/www.europesays.com\/pt\/wp-json\/wp\/v2\/types\/post"}],"author":[{"embeddable":true,"href":"https:\/\/www.europesays.com\/pt\/wp-json\/wp\/v2\/users\/2"}],"replies":[{"embeddable":true,"href":"https:\/\/www.europesays.com\/pt\/wp-json\/wp\/v2\/comments?post=152213"}],"version-history":[{"count":0,"href":"https:\/\/www.europesays.com\/pt\/wp-json\/wp\/v2\/posts\/152213\/revisions"}],"wp:featuredmedia":[{"embeddable":true,"href":"https:\/\/www.europesays.com\/pt\/wp-json\/wp\/v2\/media\/152214"}],"wp:attachment":[{"href":"https:\/\/www.europesays.com\/pt\/wp-json\/wp\/v2\/media?parent=152213"}],"wp:term":[{"taxonomy":"category","embeddable":true,"href":"https:\/\/www.europesays.com\/pt\/wp-json\/wp\/v2\/categories?post=152213"},{"taxonomy":"post_tag","embeddable":true,"href":"https:\/\/www.europesays.com\/pt\/wp-json\/wp\/v2\/tags?post=152213"}],"curies":[{"name":"wp","href":"https:\/\/api.w.org\/{rel}","templated":true}]}}