{"id":152217,"date":"2025-11-14T23:04:08","date_gmt":"2025-11-14T23:04:08","guid":{"rendered":"https:\/\/www.europesays.com\/pt\/152217\/"},"modified":"2025-11-14T23:04:08","modified_gmt":"2025-11-14T23:04:08","slug":"cardeal-tolentino-comenta-disco-de-rosalia-os-artistas-sao-sensores","status":"publish","type":"post","link":"https:\/\/www.europesays.com\/pt\/152217\/","title":{"rendered":"Cardeal Tolentino comenta disco de Rosal\u00eda: &#8220;Os artistas s\u00e3o sensores&#8221;"},"content":{"rendered":"<p data-remotead-prev-elm=\"true\" data-remotead-elm-id=\"inread\">O cardeal madeirense, prefeito do Dicast\u00e9rio Vaticano para a Cultura e Educa\u00e7\u00e3o, afirmou que os &#8220;artistas s\u00e3o \u00f3timos condutores da linguagem&#8221; e &#8220;aliados na procura que todos fazem pelo significado da vida&#8221;. Um dos exemplos citados por Tolentino de Mendon\u00e7a foi o mais recente disco pop da cantora Rosal\u00eda, da Catalunha, Espanha.<\/p>\n<p>Durante a Confer\u00eancia Internacional sobre L\u00ednguas Portuguesa e Espanhola, na Universidade de Cabo Verde, o cardeal portugu\u00eas salientou que, tendo em conta o mundo fragmentado de hoje, as l\u00ednguas &#8220;s\u00e3o pontes que constroem a humanidade&#8221;, destacando os artistas e dando, como exemplo, nada mais nada menos que Rosal\u00eda.<\/p>\n<p>&#8220;Os artistas s\u00e3o sensores. Quando uma criadora como a Rosal\u00eda fala de espiritualidade, significa que ela capta uma profunda necessidade na cultura contempor\u00e2nea de se aproximar de raz\u00f5es espirituais, de cultivar uma vida interior, de valorizar a experi\u00eancia religiosa como uma experi\u00eancia fundamental, um ingrediente fundamental na constru\u00e7\u00e3o do ser humano&#8221;, disse Tolentino, referindo-se a &#8220;Lux&#8221;, o novo \u00e1lbum da artista espanhola.<\/p>\n<p>E citou Borges, Llosa, M\u00e1rquez e Mia Couto<\/p>\n<p data-remotead-prev-elm=\"true\" data-remotead-elm-id=\"centro1\">No discurso, Tolentino mencionou ainda Miguel de Cervantes, Garcilaso de la Vega, Gabriel Garc\u00eda M\u00e1rquez, Mario Vargas Llosa, Fernando Pessoa, Jorge Lu\u00eds Borges, Federico Garc\u00eda Lorca ou Mia Couto.<\/p>\n<p>&#8220;Eles oferecem aos n\u00e3o falantes a possibilidade de conhecer a l\u00edngua para que a possam cantar ou ler no idioma original&#8221;, refletindo que, ao longo de v\u00e1rios anos, v\u00e1rias pessoas procuraram aprender para poder ler, por exemplo, Miguel de Cervantes. Notou ainda que, no futuro, as pessoas v\u00e3o continuar a aprender a l\u00edngua espanhola ou a l\u00edngua portuguesa para ler &#8220;grandes&#8221; escritores, poetas ou compositores.<\/p>\n<p>O cardeal, que \u00e9 natural de Machico, na Madeira, recordou tamb\u00e9m o Papa Francisco, salientado a sua consci\u00eancia para a &#8220;import\u00e2ncia da cultura&#8221;. Algo que \u00e9 tamb\u00e9m partilhado por Le\u00e3o VXI.<\/p>\n<p data-remotead-prev-elm=\"true\" data-remotead-elm-id=\"centro2\">&#8220;As religi\u00f5es devem dialogar com a cultura. Num mundo pluralista, nas nossas sociedades democr\u00e1ticas, o di\u00e1logo \u00e9 fundamental e o di\u00e1logo entre religi\u00f5es e cultura \u00e9 uma mais-valia, um enriquecimento para todos&#8221;, afirmou, citado pela ag\u00eancia EFE.<\/p>\n<p>Disco tem participa\u00e7\u00e3o de Carminho<\/p>\n<p>O novo \u00e1lbum de Rosal\u00eda, recorde-se, foi editado no in\u00edcio de novembro e cont\u00e9m 15 novas can\u00e7\u00f5es.<\/p>\n<p>A cantora espanhola de 33 anos lan\u00e7ou primeiramente o single &#8220;Berghain&#8221; a 27 de outubro, com a participa\u00e7\u00e3o de Bj\u00f6rk e Yves Tumor.<\/p>\n<p data-remotead-prev-elm=\"true\" data-remotead-elm-id=\"centro3\">O novo disco mostra uma nova Rosal\u00eda, que canta em 13 l\u00ednguas, incluindo portugu\u00eas. Carminho participa com a m\u00fasica &#8220;Mem\u00f3ria&#8221;. No Instagram, a fadista escreveu: &#8220;Obrigada, Rosal\u00eda, por este s\u00edtio que lindo fizeste. O fado ama-te&#8221;.<\/p>\n<p>O <a href=\"https:\/\/www.jn.pt\/cultura\/artigo\/analise-ao-novo-disco-de-rosalia-sou-luz-ou-nao-sou-nada-es-tudo\/18017183\" target=\"_blank\" rel=\"nofollow noopener\">JN j\u00e1 ouviu o disco<\/a> e conclui que &#8220;Lux&#8221; \u00e9 &#8220;mais do que simples pop: \u00e9 ritual, folia, ora\u00e7\u00e3o e rave &#8211; tudo ao mesmo tempo&#8221;.<\/p>\n","protected":false},"excerpt":{"rendered":"O cardeal madeirense, prefeito do Dicast\u00e9rio Vaticano para a Cultura e Educa\u00e7\u00e3o, afirmou que os &#8220;artistas s\u00e3o \u00f3timos&hellip;\n","protected":false},"author":2,"featured_media":152218,"comment_status":"","ping_status":"","sticky":false,"template":"","format":"standard","meta":{"footnotes":""},"categories":[145],"tags":[1753,211,210,114,115,150,32,33,4516,2352,32946],"class_list":{"0":"post-152217","1":"post","2":"type-post","3":"status-publish","4":"format-standard","5":"has-post-thumbnail","7":"category-celebridades","8":"tag-artes","9":"tag-celebridades","10":"tag-celebrities","11":"tag-entertainment","12":"tag-entretenimento","13":"tag-musica","14":"tag-portugal","15":"tag-pt","16":"tag-religiao","17":"tag-rosalia","18":"tag-tolentino-de-mendonca"},"share_on_mastodon":{"url":"https:\/\/pubeurope.com\/@pt\/115550556196450969","error":""},"_links":{"self":[{"href":"https:\/\/www.europesays.com\/pt\/wp-json\/wp\/v2\/posts\/152217","targetHints":{"allow":["GET"]}}],"collection":[{"href":"https:\/\/www.europesays.com\/pt\/wp-json\/wp\/v2\/posts"}],"about":[{"href":"https:\/\/www.europesays.com\/pt\/wp-json\/wp\/v2\/types\/post"}],"author":[{"embeddable":true,"href":"https:\/\/www.europesays.com\/pt\/wp-json\/wp\/v2\/users\/2"}],"replies":[{"embeddable":true,"href":"https:\/\/www.europesays.com\/pt\/wp-json\/wp\/v2\/comments?post=152217"}],"version-history":[{"count":0,"href":"https:\/\/www.europesays.com\/pt\/wp-json\/wp\/v2\/posts\/152217\/revisions"}],"wp:featuredmedia":[{"embeddable":true,"href":"https:\/\/www.europesays.com\/pt\/wp-json\/wp\/v2\/media\/152218"}],"wp:attachment":[{"href":"https:\/\/www.europesays.com\/pt\/wp-json\/wp\/v2\/media?parent=152217"}],"wp:term":[{"taxonomy":"category","embeddable":true,"href":"https:\/\/www.europesays.com\/pt\/wp-json\/wp\/v2\/categories?post=152217"},{"taxonomy":"post_tag","embeddable":true,"href":"https:\/\/www.europesays.com\/pt\/wp-json\/wp\/v2\/tags?post=152217"}],"curies":[{"name":"wp","href":"https:\/\/api.w.org\/{rel}","templated":true}]}}