{"id":152228,"date":"2025-11-14T23:16:08","date_gmt":"2025-11-14T23:16:08","guid":{"rendered":"https:\/\/www.europesays.com\/pt\/152228\/"},"modified":"2025-11-14T23:16:08","modified_gmt":"2025-11-14T23:16:08","slug":"aviao-da-tap-atingido-por-um-raio-obrigado-a-regressar-a-lisboa","status":"publish","type":"post","link":"https:\/\/www.europesays.com\/pt\/152228\/","title":{"rendered":"Avi\u00e3o da TAP atingido por um raio obrigado a regressar a Lisboa"},"content":{"rendered":"<p>\t                Voo fazia a liga\u00e7\u00e3o entre o aeroporto Humberto Delgado e Veneza<\/p>\n<p>Um avi\u00e3o da TAP que partiu esta sexta-feira do aeroporto de Lisboa em dire\u00e7\u00e3o a Veneza foi atingido por um raio, ap\u00f3s a descolagem.\u00a0<\/p>\n<p>Logo depois da descarga el\u00e9trica sobre a aeronave, um fen\u00f3meno comum e regra geral inofensivo para os avi\u00f5es, um dos motores perdeu pot\u00eancia e os computadores da aeronave deram a indica\u00e7\u00e3o aos pilotos de que existia uma falha na propuls\u00e3o da aeronave.\u00a0<\/p>\n<p>O Airbus A320 n\u00e3o p\u00f4de seguir viagem e acabou por regressar a Lisboa, quando sobrevoava a zona de Ponte de Sor.<\/p>\n<p>O voo TP 862 fazia a liga\u00e7\u00e3o entre o aeroporto Humberto Delgado e Veneza. Descolou \u00e0s 13:36, hora em que se registavam aguaceiros e trovoadas, na sequ\u00eancia da depress\u00e3o Cl\u00e1udia.\u00a0<\/p>\n<p>Uma hora depois, aterrou em seguran\u00e7a na pista 20 do Humberto Delgado.\u00a0<\/p>\n<p>Os passageiros foram transferidos para outra aeronave, que chegou a Veneza por volta das 21:00 desta sexta-feira.\u00a0<\/p>\n<p>O avi\u00e3o atingido pelo raio permanece, para j\u00e1, em terra, a fim de ser alvo de manuten\u00e7\u00e3o.<\/p>\n","protected":false},"excerpt":{"rendered":"Voo fazia a liga\u00e7\u00e3o entre o aeroporto Humberto Delgado e Veneza Um avi\u00e3o da TAP que partiu esta&hellip;\n","protected":false},"author":2,"featured_media":152229,"comment_status":"","ping_status":"","sticky":false,"template":"","format":"standard","meta":{"footnotes":""},"categories":[10],"tags":[1308,1811,609,611,32949,27,28,607,608,604,32282,610,539,15,16,14,603,25,26,570,21,22,606,12,13,19,20,602,32,23,24,33,32948,58,1365,605,17,18,29,30,31,232],"class_list":{"0":"post-152228","1":"post","2":"type-post","3":"status-publish","4":"format-standard","5":"has-post-thumbnail","7":"category-portugal","8":"tag-aeronave","9":"tag-aeroporto-de-lisboa","10":"tag-alerta","11":"tag-ao-minuto","12":"tag-aviao-raio","13":"tag-breaking-news","14":"tag-breakingnews","15":"tag-cnn","16":"tag-cnn-portugal","17":"tag-crime","18":"tag-depressao-claudia","19":"tag-direto","20":"tag-educacao","21":"tag-featured-news","22":"tag-featurednews","23":"tag-headlines","24":"tag-justica","25":"tag-latest-news","26":"tag-latestnews","27":"tag-live","28":"tag-main-news","29":"tag-mainnews","30":"tag-meteorologia","31":"tag-news","32":"tag-noticias","33":"tag-noticias-principais","34":"tag-noticiasprincipais","35":"tag-pais","36":"tag-portugal","37":"tag-principais-noticias","38":"tag-principaisnoticias","39":"tag-pt","40":"tag-raio","41":"tag-sociedade","42":"tag-tap","43":"tag-tempo","44":"tag-top-stories","45":"tag-topstories","46":"tag-ultimas","47":"tag-ultimas-noticias","48":"tag-ultimasnoticias","49":"tag-veneza"},"share_on_mastodon":{"url":"","error":"Validation failed: Text character limit of 500 exceeded"},"_links":{"self":[{"href":"https:\/\/www.europesays.com\/pt\/wp-json\/wp\/v2\/posts\/152228","targetHints":{"allow":["GET"]}}],"collection":[{"href":"https:\/\/www.europesays.com\/pt\/wp-json\/wp\/v2\/posts"}],"about":[{"href":"https:\/\/www.europesays.com\/pt\/wp-json\/wp\/v2\/types\/post"}],"author":[{"embeddable":true,"href":"https:\/\/www.europesays.com\/pt\/wp-json\/wp\/v2\/users\/2"}],"replies":[{"embeddable":true,"href":"https:\/\/www.europesays.com\/pt\/wp-json\/wp\/v2\/comments?post=152228"}],"version-history":[{"count":0,"href":"https:\/\/www.europesays.com\/pt\/wp-json\/wp\/v2\/posts\/152228\/revisions"}],"wp:featuredmedia":[{"embeddable":true,"href":"https:\/\/www.europesays.com\/pt\/wp-json\/wp\/v2\/media\/152229"}],"wp:attachment":[{"href":"https:\/\/www.europesays.com\/pt\/wp-json\/wp\/v2\/media?parent=152228"}],"wp:term":[{"taxonomy":"category","embeddable":true,"href":"https:\/\/www.europesays.com\/pt\/wp-json\/wp\/v2\/categories?post=152228"},{"taxonomy":"post_tag","embeddable":true,"href":"https:\/\/www.europesays.com\/pt\/wp-json\/wp\/v2\/tags?post=152228"}],"curies":[{"name":"wp","href":"https:\/\/api.w.org\/{rel}","templated":true}]}}