{"id":152234,"date":"2025-11-14T23:19:07","date_gmt":"2025-11-14T23:19:07","guid":{"rendered":"https:\/\/www.europesays.com\/pt\/152234\/"},"modified":"2025-11-14T23:19:07","modified_gmt":"2025-11-14T23:19:07","slug":"espm-assume-a-escola-panamericana-de-arte","status":"publish","type":"post","link":"https:\/\/www.europesays.com\/pt\/152234\/","title":{"rendered":"ESPM assume a Escola Panamericana de Arte"},"content":{"rendered":"<p>Com mais de 60 anos de uma hist\u00f3ria de sucesso, prest\u00edgio e excel\u00eancia, a famosa e ic\u00f4nica Escola Panamericana de Arte passa a fazer parte da ESPM.<\/p>\n<p>Ao incorporar as opera\u00e7\u00f5es da Panamericana, a ESPM pretende perenizar e expandir uma marca respons\u00e1vel pela forma\u00e7\u00e3o de muitos milhares de artistas, designers e expoentes das ind\u00fastrias criativas. Em todo o Brasil, a Panamericana \u00e9 sin\u00f4nimo de arte, criatividade e eleg\u00e2ncia, que se expressam desde a arquitetura e decora\u00e7\u00e3o de seu campus em Higien\u00f3polis, m\u00e9todos de ensino e pr\u00e1tica e, principalmente, no sucesso de seus estudantes.<\/p>\n<p>A ESPM, institui\u00e7\u00e3o com 74 anos, conhecida e reconhecida em todo o Brasil como uma das melhores faculdades do pa\u00eds e refer\u00eancia em seus setores de atua\u00e7\u00e3o, j\u00e1 nasceu ousadamente com foco nas soft skills (quando esta express\u00e3o nem existia), em particular a criatividade e a inova\u00e7\u00e3o.<\/p>\n<p>Os conhecimentos, os recursos e os talentos disponibilizados pela Panamericana v\u00eam ampliar os esfor\u00e7os da ESPM nas a\u00e7\u00f5es pioneiras que a escola estabeleceu, desde sempre, para o desenvolvimento das soft skills dos estudantes. E que exercem peso fundamental nas jornadas de sucesso e na alt\u00edssima empregabilidade de seus formandos, hoje em 91%.<\/p>\n<p>A partir de janeiro de 2026, depois das f\u00e9rias de final de ano, o bel\u00edssimo campus da Avenida Ang\u00e9lica ser\u00e1 reaberto com o nome de ESPM\/Panamericana. Ser\u00e3o mantidos todos os programas do portf\u00f3lio atual, oferecidos programas de refer\u00eancia da ESPM e criados novos programas que j\u00e1 est\u00e3o sendo desenvolvidos. A incorpora\u00e7\u00e3o tamb\u00e9m abrange uma base de cerca de 80 profissionais e 500 alunos que passam a fazer parte da ESPM.<\/p>\n","protected":false},"excerpt":{"rendered":"Com mais de 60 anos de uma hist\u00f3ria de sucesso, prest\u00edgio e excel\u00eancia, a famosa e ic\u00f4nica Escola&hellip;\n","protected":false},"author":2,"featured_media":152235,"comment_status":"","ping_status":"","sticky":false,"template":"","format":"standard","meta":{"footnotes":""},"categories":[144],"tags":[207,205,206,203,201,202,204,114,115,32,33],"class_list":{"0":"post-152234","1":"post","2":"type-post","3":"status-publish","4":"format-standard","5":"has-post-thumbnail","7":"category-arte-e-design","8":"tag-arte","9":"tag-arte-e-design","10":"tag-artedesign","11":"tag-arts","12":"tag-arts-and-design","13":"tag-artsanddesign","14":"tag-design","15":"tag-entertainment","16":"tag-entretenimento","17":"tag-portugal","18":"tag-pt"},"share_on_mastodon":{"url":"https:\/\/pubeurope.com\/@pt\/115550615156645535","error":""},"_links":{"self":[{"href":"https:\/\/www.europesays.com\/pt\/wp-json\/wp\/v2\/posts\/152234","targetHints":{"allow":["GET"]}}],"collection":[{"href":"https:\/\/www.europesays.com\/pt\/wp-json\/wp\/v2\/posts"}],"about":[{"href":"https:\/\/www.europesays.com\/pt\/wp-json\/wp\/v2\/types\/post"}],"author":[{"embeddable":true,"href":"https:\/\/www.europesays.com\/pt\/wp-json\/wp\/v2\/users\/2"}],"replies":[{"embeddable":true,"href":"https:\/\/www.europesays.com\/pt\/wp-json\/wp\/v2\/comments?post=152234"}],"version-history":[{"count":0,"href":"https:\/\/www.europesays.com\/pt\/wp-json\/wp\/v2\/posts\/152234\/revisions"}],"wp:featuredmedia":[{"embeddable":true,"href":"https:\/\/www.europesays.com\/pt\/wp-json\/wp\/v2\/media\/152235"}],"wp:attachment":[{"href":"https:\/\/www.europesays.com\/pt\/wp-json\/wp\/v2\/media?parent=152234"}],"wp:term":[{"taxonomy":"category","embeddable":true,"href":"https:\/\/www.europesays.com\/pt\/wp-json\/wp\/v2\/categories?post=152234"},{"taxonomy":"post_tag","embeddable":true,"href":"https:\/\/www.europesays.com\/pt\/wp-json\/wp\/v2\/tags?post=152234"}],"curies":[{"name":"wp","href":"https:\/\/api.w.org\/{rel}","templated":true}]}}