{"id":152238,"date":"2025-11-14T23:23:14","date_gmt":"2025-11-14T23:23:14","guid":{"rendered":"https:\/\/www.europesays.com\/pt\/152238\/"},"modified":"2025-11-14T23:23:14","modified_gmt":"2025-11-14T23:23:14","slug":"harry-potter-filho-do-ator-que-interpretou-grampo-e-escalado-para-seriado","status":"publish","type":"post","link":"https:\/\/www.europesays.com\/pt\/152238\/","title":{"rendered":"Harry Potter: Filho do ator que interpretou Grampo \u00e9 escalado para seriado"},"content":{"rendered":"<p>Com produ\u00e7\u00e3o a todo vapor, a in\u00e9dita s\u00e9rie de \u2018<a href=\"https:\/\/recreio.com.br\/tags\/harry-potter\" target=\"_blank\" rel=\"noopener nofollow\">Harry Potter<\/a>\u2018 anuncia mais um ator para viver personagem marcante de \u2018A Pedra Filosofal\u2019. Como uma heran\u00e7a familiar, <strong>Harrison Davis <\/strong>foi escalado para interpretar\u00a0o duende respons\u00e1vel por cuidar do memor\u00e1vel Banco de Gringotes, Grampo, vivido por <strong>Warwick Davis,<\/strong> seu pai, na adapta\u00e7\u00e3o cinematogr\u00e1fica.<\/p>\n<p>Segundo o portal Wizarding World Direct, no X, o <a href=\"https:\/\/www.instagram.com\/harrisonwdavis\/?hl=en\" target=\"_blank\" rel=\"noopener nofollow\">ator<\/a> escolhido para viver a figura rabugenta nas oito temporadas do seriado j\u00e1 esteve caracterizado como o personagem em \u201cHarry Potter e as Rel\u00edquias da Morte \u2013 Parte 2\u201d, como dubl\u00ea do parente.<\/p>\n<blockquote class=\"twitter-tweet\">\n<p dir=\"ltr\" lang=\"en\">Warwick Davis son Harrison has been cast in the HARRY POTTER TV series<\/p>\n<p>He will be the body double for his father and has signed an 8 year contract <a href=\"https:\/\/t.co\/6JIGTi4IqM\" rel=\"nofollow\">pic.twitter.com\/6JIGTi4IqM<\/a><\/p>\n<p>\u2014 Wizarding World Direct (@WW_Direct) <a href=\"https:\/\/twitter.com\/WW_Direct\/status\/1989114435823411507?ref_src=twsrc%5Etfw\" rel=\"nofollow noopener\" target=\"_blank\">November 13, 2025<\/a><\/p>\n<\/blockquote>\n<p>Vale lembrar que \u2018Harry Potter\u2019 est\u00e1 sendo produzida pela <a href=\"https:\/\/www.hbomax.com\/br\/pt\" target=\"_blank\" rel=\"noopener nofollow\">HBO Max<\/a> e estreia no cat\u00e1logo do streaming em 2026.<\/p>\n<p>\t A s\u00e9rie <\/p>\n<p data-mrf-recirculation=\".Corpo do artigo\">Os epis\u00f3dios in\u00e9ditos da primeira temporada da primeira s\u00e9rie de \u2018Harry Potter\u2019 j\u00e1 est\u00e3o sendo gravadas na Gr\u00e3-Bretanha! A produ\u00e7\u00e3o, que promete adaptar fielmente os livros lan\u00e7ados na d\u00e9cada de 90, contar\u00e1 com temporadas que ser\u00e3o desenvolvidas ao longo de dez anos.<\/p>\n<p data-mrf-recirculation=\".Corpo do artigo\">Na nova <a href=\"https:\/\/recreio.com.br\/noticias\/entretenimento\/5-vezes-em-que-harry-potter-se-tornou-referencia-no-cinema.phtml\" target=\"_blank\" rel=\"noopener nofollow\">adapta\u00e7\u00e3o<\/a>,\u00a0<strong>Dominic McLaughlin<\/strong> \u00e9 quem assume o caracter\u00edstico \u00f3culos redondos de Harry Potter, enquanto <strong>Alastair Stout<\/strong>\u00a0e\u00a0<strong>Arabella Stanton<\/strong>\u00a0viver\u00e3o seus melhores amigos, Ron Weasley e Hermione Granger, respectivamente.<\/p>\n<p data-mrf-recirculation=\".Corpo do artigo\">Al\u00e9m deles, tamb\u00e9m est\u00e3o confirmados no elenco\u00a0<strong>John Lithgow<\/strong>\u00a0(Alvo Dumbledore),\u00a0<a href=\"https:\/\/pt.wikipedia.org\/wiki\/Janet_McTeer\" target=\"_blank\" rel=\"noopener nofollow\"><strong>Janet McTeer<\/strong><\/a> (Minerva McGonagall), <strong>Paapa Essiedu<\/strong>\u00a0(Severo Snape),\u00a0<strong>Nick Frost<\/strong>\u00a0(R\u00fabeo Hagrid),\u00a0<strong>Luke Thallon<\/strong>\u00a0(Quirino Quirrell),\u00a0<strong>Paul Whitehouse<\/strong>\u00a0(Argus Filch),\u00a0<strong>Katherine Parkinson<\/strong>\u00a0(Molly Weasley),<strong>\u00a0Lox Pratt<\/strong>\u00a0(Draco Malfoy),\u00a0<strong>Johnny Flynn<\/strong>\u00a0(Lucius Malfoy),<strong>\u00a0Bel Powley<\/strong>\u00a0(Pet\u00fania Dursley),\u00a0<strong>Daniel Rigby<\/strong>\u00a0(Valter Dursley),\u00a0<strong>Leo Earley<\/strong>\u00a0(Simas Finnigan),<strong>\u00a0Alessia Leoni<\/strong>\u00a0(Parvati Patil),\u00a0<strong>Sienna Moosah<\/strong>\u00a0(Lil\u00e1 Brown),<strong>\u00a0Bertie Carvel<\/strong>\u00a0(Corn\u00e9lio Fudge),<strong>\u00a0Rory Wilmot<\/strong>\u00a0(Neville Longbottom),<strong>\u00a0Amos Kitson<\/strong>\u00a0(Duda Dursley),<strong>\u00a0Louise Brealey<\/strong>\u00a0(Madame Rolanda Hooch) e\u00a0<strong>Anton Lesser<\/strong>\u00a0(Garrick Olivaras).<\/p>\n<p>\t                                            <script async src=\"https:\/\/platform.twitter.com\/widgets.js\" charset=\"utf-8\"><\/script><script async src=\"\/\/www.instagram.com\/embed.js\"><\/script><\/p>\n","protected":false},"excerpt":{"rendered":"Com produ\u00e7\u00e3o a todo vapor, a in\u00e9dita s\u00e9rie de \u2018Harry Potter\u2018 anuncia mais um ator para viver personagem&hellip;\n","protected":false},"author":2,"featured_media":152239,"comment_status":"","ping_status":"","sticky":false,"template":"","format":"standard","meta":{"footnotes":""},"categories":[140],"tags":[114,115,147,148,700,13527,170,146,32,33,941],"class_list":{"0":"post-152238","1":"post","2":"type-post","3":"status-publish","4":"format-standard","5":"has-post-thumbnail","7":"category-filmes","8":"tag-entertainment","9":"tag-entretenimento","10":"tag-film","11":"tag-filmes","12":"tag-harry-potter","13":"tag-harry-potter-e-a-pedra-filosofal","14":"tag-livros","15":"tag-movies","16":"tag-portugal","17":"tag-pt","18":"tag-series"},"share_on_mastodon":{"url":"https:\/\/pubeurope.com\/@pt\/115550631329461002","error":""},"_links":{"self":[{"href":"https:\/\/www.europesays.com\/pt\/wp-json\/wp\/v2\/posts\/152238","targetHints":{"allow":["GET"]}}],"collection":[{"href":"https:\/\/www.europesays.com\/pt\/wp-json\/wp\/v2\/posts"}],"about":[{"href":"https:\/\/www.europesays.com\/pt\/wp-json\/wp\/v2\/types\/post"}],"author":[{"embeddable":true,"href":"https:\/\/www.europesays.com\/pt\/wp-json\/wp\/v2\/users\/2"}],"replies":[{"embeddable":true,"href":"https:\/\/www.europesays.com\/pt\/wp-json\/wp\/v2\/comments?post=152238"}],"version-history":[{"count":0,"href":"https:\/\/www.europesays.com\/pt\/wp-json\/wp\/v2\/posts\/152238\/revisions"}],"wp:featuredmedia":[{"embeddable":true,"href":"https:\/\/www.europesays.com\/pt\/wp-json\/wp\/v2\/media\/152239"}],"wp:attachment":[{"href":"https:\/\/www.europesays.com\/pt\/wp-json\/wp\/v2\/media?parent=152238"}],"wp:term":[{"taxonomy":"category","embeddable":true,"href":"https:\/\/www.europesays.com\/pt\/wp-json\/wp\/v2\/categories?post=152238"},{"taxonomy":"post_tag","embeddable":true,"href":"https:\/\/www.europesays.com\/pt\/wp-json\/wp\/v2\/tags?post=152238"}],"curies":[{"name":"wp","href":"https:\/\/api.w.org\/{rel}","templated":true}]}}