{"id":152264,"date":"2025-11-14T23:47:13","date_gmt":"2025-11-14T23:47:13","guid":{"rendered":"https:\/\/www.europesays.com\/pt\/152264\/"},"modified":"2025-11-14T23:47:13","modified_gmt":"2025-11-14T23:47:13","slug":"estrela-de-dawsons-creek-leiloa-objetos-colecionaveis-da-serie-para-tratar-cancer","status":"publish","type":"post","link":"https:\/\/www.europesays.com\/pt\/152264\/","title":{"rendered":"Estrela de \u2018Dawson\u2019s Creek\u2019 leiloa objetos colecion\u00e1veis da s\u00e9rie para tratar c\u00e2ncer"},"content":{"rendered":"<p>O ator americano James Van Der Beek, estrela da s\u00e9rie de 1998 Dawson\u2019s Creek, deve leiloar seus itens de colecionador acumulados durante toda a carreira para <strong>arcar com os custos de seu tratamento contra o c\u00e2ncer<\/strong>. <\/p>\n<p>O astro, de 48 anos, foi diagnosticado com c\u00e2ncer colorretal \u2014 <a href=\"https:\/\/www.infomoney.com.br\/saude\/preta-gil-morre-aos-50-anos-nos-eua-em-luta-contra-o-cancer\/\" target=\"_blank\" rel=\"noreferrer noopener nofollow\">o mesmo de Preta Gil, que faleceu em julho deste ano<\/a> \u2014 em est\u00e1gio 3 no ano passado. Em entrevista \u00e0 revista americana People, o objetivo principal \u00e9 arrecadar fundos para custear as despesas m\u00e9dicas, que podem superar os 60 mil d\u00f3lares.<\/p>\n<p>Beek pretende vender figurinos, adere\u00e7os e pe\u00e7as de cen\u00e1rio, com itens como o colar de baile que Dawson (Van Der Beek) deu de presente para Joey (Katie Holmes) no baile de formatura da s\u00e9rie, bem como as chuteiras e o bon\u00e9 dos West Canaan Coyotes usados \u200b\u200bpelo ator no filme Varsity Blues, de 1999.<\/p>\n<p>\t\t\t\t\t\t\t\t\t\tPlanejamento financeiro\t\t\t\t\t\t\t\t\t<\/p>\n<p>\t\t\t\t\t\t\t\t\t\tBaixe gratuitamente!\n\t\t\t\t\t\t\t\t\t\t\t\t\t\t\t<\/p>\n<p>\t\t\t\t\t\t<img decoding=\"async\" class=\"w-full h-full object-cover\" src=\"https:\/\/www.europesays.com\/pt\/wp-content\/uploads\/2025\/11\/WhatsApp-Image-2025-11-03-at-15.45.16.jpeg\" alt=\"\"\/><\/p>\n<p>Os itens ser\u00e3o leiloados no leil\u00e3o anual de entretenimento de inverno da Propstore, entre os dias 5 e 7 de dezembro. Toda a renda ser\u00e1 destinada aos custos m\u00e9dicos de Van Der Beek.<\/p>\n<p>Valor do tratamento de c\u00e2ncer colorretal nos EUA<\/p>\n<p>De acordo com os Centros de Controle e Preven\u00e7\u00e3o de Doen\u00e7as (CDC), o <a href=\"https:\/\/www.infomoney.com.br\/tudo-sobre\/cancer\" target=\"_blank\" rel=\"noreferrer noopener nofollow\">c\u00e2ncer colorretal, ou do c\u00f3lon, ou do reto<\/a>, \u00e9 uma das principais causas de morte pela doen\u00e7a nos Estados Unidos. <\/p>\n<p>Cerca de 9 em cada 10 casos de c\u00e2ncer colorretal ocorrem em homens e mulheres com 50 anos ou mais.<\/p>\n<p class=\"py-2\">Continua depois da publicidade<\/p>\n<p>Al\u00e9m disso, possui o <a href=\"https:\/\/www.infomoney.com.br\/tudo-sobre\/saude\" target=\"_blank\" rel=\"noreferrer noopener nofollow\">segundo maior custo de tratamento oncol\u00f3gico entre todos os tipos de c\u00e2ncer<\/a>. <strong>Em 2020, mais de US$ 24,3 bilh\u00f5es (R$ 128,3 bilh\u00f5es na cota\u00e7\u00e3o atual) foram gastos nos EUA<\/strong>, representando 11,3% dos custos totais com tratamento de c\u00e2ncer no pa\u00eds.<\/p>\n<p>O custo dos servi\u00e7os m\u00e9dicos foi de 23,7 bilh\u00f5es de d\u00f3lares (R$ 125,1 bilh\u00f5es na cota\u00e7\u00e3o atual do d\u00f3lar) e o dos medicamentos prescritos foi de 600 milh\u00f5es de d\u00f3lares (R$ 3,1 bilh\u00f5es).<\/p>\n<p>Os custos m\u00e9dios por paciente costumam ser mais elevados no \u00faltimo ano de vida, seguidos pela fase inicial de cuidado e pela fase de cuidados continuados, seja nos servi\u00e7os m\u00e9dicos ou medicamentos. <\/p>\n<p><strong>Os valores m\u00e9dios por paciente chegaram a US$ 110.100 (R$ 581,4 mil) em 2020<\/strong> para os servi\u00e7os m\u00e9dicos e US$ 1.400 (R$ 7,3 mil) para os rem\u00e9dios.<\/p>\n","protected":false},"excerpt":{"rendered":"O ator americano James Van Der Beek, estrela da s\u00e9rie de 1998 Dawson\u2019s Creek, deve leiloar seus itens&hellip;\n","protected":false},"author":2,"featured_media":152265,"comment_status":"","ping_status":"","sticky":false,"template":"","format":"standard","meta":{"footnotes":""},"categories":[145],"tags":[1776,2135,211,210,114,115,3646,32,33],"class_list":{"0":"post-152264","1":"post","2":"type-post","3":"status-publish","4":"format-standard","5":"has-post-thumbnail","7":"category-celebridades","8":"tag-cancer","9":"tag-cancer-colorretal","10":"tag-celebridades","11":"tag-celebrities","12":"tag-entertainment","13":"tag-entretenimento","14":"tag-leilao","15":"tag-portugal","16":"tag-pt"},"share_on_mastodon":{"url":"https:\/\/pubeurope.com\/@pt\/115550725524507219","error":""},"_links":{"self":[{"href":"https:\/\/www.europesays.com\/pt\/wp-json\/wp\/v2\/posts\/152264","targetHints":{"allow":["GET"]}}],"collection":[{"href":"https:\/\/www.europesays.com\/pt\/wp-json\/wp\/v2\/posts"}],"about":[{"href":"https:\/\/www.europesays.com\/pt\/wp-json\/wp\/v2\/types\/post"}],"author":[{"embeddable":true,"href":"https:\/\/www.europesays.com\/pt\/wp-json\/wp\/v2\/users\/2"}],"replies":[{"embeddable":true,"href":"https:\/\/www.europesays.com\/pt\/wp-json\/wp\/v2\/comments?post=152264"}],"version-history":[{"count":0,"href":"https:\/\/www.europesays.com\/pt\/wp-json\/wp\/v2\/posts\/152264\/revisions"}],"wp:featuredmedia":[{"embeddable":true,"href":"https:\/\/www.europesays.com\/pt\/wp-json\/wp\/v2\/media\/152265"}],"wp:attachment":[{"href":"https:\/\/www.europesays.com\/pt\/wp-json\/wp\/v2\/media?parent=152264"}],"wp:term":[{"taxonomy":"category","embeddable":true,"href":"https:\/\/www.europesays.com\/pt\/wp-json\/wp\/v2\/categories?post=152264"},{"taxonomy":"post_tag","embeddable":true,"href":"https:\/\/www.europesays.com\/pt\/wp-json\/wp\/v2\/tags?post=152264"}],"curies":[{"name":"wp","href":"https:\/\/api.w.org\/{rel}","templated":true}]}}