{"id":152268,"date":"2025-11-14T23:52:08","date_gmt":"2025-11-14T23:52:08","guid":{"rendered":"https:\/\/www.europesays.com\/pt\/152268\/"},"modified":"2025-11-14T23:52:08","modified_gmt":"2025-11-14T23:52:08","slug":"predador-terras-selvagens-ator-conta-como-aprendeu-lingua-yautja","status":"publish","type":"post","link":"https:\/\/www.europesays.com\/pt\/152268\/","title":{"rendered":"Predador: Terras Selvagens | Ator conta como aprendeu l\u00edngua Yautja"},"content":{"rendered":"<p>Um novo v\u00eddeo de bastidores de <strong>Predador: Terras Selvagens<\/strong> foi divulgado e mostra o ator <strong>Dimitrius Schuster-Koloamatangi<\/strong>, que interpreta o protagonista Dek, falando sobre o processo de aprender a l\u00edngua dos Yautja. O material traz cenas de Dimitrius com o diretor\u00a0<strong>Dan Trachtenberg<\/strong>, compara\u00e7\u00e3o de falas do filme e at\u00e9 a revela\u00e7\u00e3o de que existem palavr\u00f5es na linguagem alien\u00edgena. Confira abaixo!<\/p>\n<p>            Continua depois da Publicidade<\/p>\n<p>    Tudo sobre o novo\u00a0Predador<\/p>\n<p dir=\"ltr\">O filme \u00e9 estrelado por\u00a0<strong>Elle Fanning<\/strong>\u00a0e Dimitrius Schuster-Koloamatangi, e se passa no futuro, em um planeta remoto, onde um jovem Predador, exclu\u00eddo de seu cl\u00e3, encontra uma aliada improv\u00e1vel em Thia (Fanning), uma sint\u00e9tica da Weyland-Yutani (empresa dos filmes de\u00a0<strong>Alien<\/strong>) e embarca em uma jornada trai\u00e7oeira em busca do advers\u00e1rio final.<\/p>\n<p dir=\"ltr\">A obra \u00e9 dirigida por Dan Trachtenberg e produzida por\u00a0John Davis,\u00a0Dan Trachtenberg,\u00a0Marc Toberoff,\u00a0Ben Rosenblatt\u00a0e\u00a0Brent O&#8217;Connor.<\/p>\n<p data-gtm-vis-first-on-screen67967661_30=\"7571\" data-gtm-vis-has-fired67967661_30=\"1\" data-gtm-vis-recent-on-screen67967661_30=\"7571\" data-gtm-vis-total-visible-time67967661_30=\"100\" dir=\"ltr\">Al\u00e9m deste filme, Trachtenberg, que dirigiu uma hist\u00f3ria de \u00e9poca centrada numa nativo-americana lutando contra o Predador em\u00a0Predador: A Ca\u00e7ada em 2022, tamb\u00e9m lan\u00e7ou um filme animado da franquia diretamente no Disney+.<\/p>\n<p>            Continua depois da Publicidade<\/p>\n","protected":false},"excerpt":{"rendered":"Um novo v\u00eddeo de bastidores de Predador: Terras Selvagens foi divulgado e mostra o ator Dimitrius Schuster-Koloamatangi, que&hellip;\n","protected":false},"author":2,"featured_media":152269,"comment_status":"","ping_status":"","sticky":false,"template":"","format":"standard","meta":{"footnotes":""},"categories":[140],"tags":[114,115,147,148,146,32,33],"class_list":{"0":"post-152268","1":"post","2":"type-post","3":"status-publish","4":"format-standard","5":"has-post-thumbnail","7":"category-filmes","8":"tag-entertainment","9":"tag-entretenimento","10":"tag-film","11":"tag-filmes","12":"tag-movies","13":"tag-portugal","14":"tag-pt"},"share_on_mastodon":{"url":"https:\/\/pubeurope.com\/@pt\/115550745128699297","error":""},"_links":{"self":[{"href":"https:\/\/www.europesays.com\/pt\/wp-json\/wp\/v2\/posts\/152268","targetHints":{"allow":["GET"]}}],"collection":[{"href":"https:\/\/www.europesays.com\/pt\/wp-json\/wp\/v2\/posts"}],"about":[{"href":"https:\/\/www.europesays.com\/pt\/wp-json\/wp\/v2\/types\/post"}],"author":[{"embeddable":true,"href":"https:\/\/www.europesays.com\/pt\/wp-json\/wp\/v2\/users\/2"}],"replies":[{"embeddable":true,"href":"https:\/\/www.europesays.com\/pt\/wp-json\/wp\/v2\/comments?post=152268"}],"version-history":[{"count":0,"href":"https:\/\/www.europesays.com\/pt\/wp-json\/wp\/v2\/posts\/152268\/revisions"}],"wp:featuredmedia":[{"embeddable":true,"href":"https:\/\/www.europesays.com\/pt\/wp-json\/wp\/v2\/media\/152269"}],"wp:attachment":[{"href":"https:\/\/www.europesays.com\/pt\/wp-json\/wp\/v2\/media?parent=152268"}],"wp:term":[{"taxonomy":"category","embeddable":true,"href":"https:\/\/www.europesays.com\/pt\/wp-json\/wp\/v2\/categories?post=152268"},{"taxonomy":"post_tag","embeddable":true,"href":"https:\/\/www.europesays.com\/pt\/wp-json\/wp\/v2\/tags?post=152268"}],"curies":[{"name":"wp","href":"https:\/\/api.w.org\/{rel}","templated":true}]}}