{"id":152293,"date":"2025-11-15T00:24:57","date_gmt":"2025-11-15T00:24:57","guid":{"rendered":"https:\/\/www.europesays.com\/pt\/152293\/"},"modified":"2025-11-15T00:24:57","modified_gmt":"2025-11-15T00:24:57","slug":"resumo-de-dona-de-mim-capitulo-de-sabado-15-11-2025","status":"publish","type":"post","link":"https:\/\/www.europesays.com\/pt\/152293\/","title":{"rendered":"Resumo de Dona de Mim: Cap\u00edtulo de s\u00e1bado (15\/11\/2025)"},"content":{"rendered":"<p>                        <img width=\"944\" height=\"531\" src=\"https:\/\/www.europesays.com\/pt\/wp-content\/uploads\/2025\/11\/resumo-do-capitulo-de-sabado-15-de-novembro-de-2025-de-dona-de-mim-944x531.jpg\" class=\"attachment-custom-large size-custom-large article-featured-image\" alt=\"Filipa, Leo e Marlon, personagens da novela Dona de Mim\" fetchpriority=\"high\" decoding=\"async\"  \/><\/p>\n<p>Filipa pressiona Jaques e Leo se reaproxima de Marlon em Dona de Mim (Foto: Reprodu\u00e7\u00e3o, TV Globo)<\/p>\n<p>O <strong>cap\u00edtulo<\/strong> deste <strong>s\u00e1bado<\/strong>, <strong>15 de novembro<\/strong>, de <strong>Dona de Mim<\/strong> promete virar a vida de Filipa (Claudia Abreu) de cabe\u00e7a para baixo. A atriz estar\u00e1 insegura e vai questionar o interesse de Jaques (Marcello Novaes) em sua medica\u00e7\u00e3o.<\/p>\n<p>Continua depois da publicidade<\/p>\n<p><img loading=\"lazy\" decoding=\"async\" width=\"1200\" height=\"675\" src=\"https:\/\/www.europesays.com\/pt\/wp-content\/uploads\/2025\/11\/Filipa-estranha-o-comportamento-de-Jaques-em-Dona-de-Mim.jpg\" alt=\"Filipa, personagem de Claudia Abreu, em Dona de Mim, novela das sete da Globo\" class=\"wp-image-7725594\"  \/>Filipa estranha o comportamento de Jaques em Dona de Mim (Foto: Reprodu\u00e7\u00e3o, TV Globo)<\/p>\n<p>Enquanto isso, Ryan (L7nnon) recebe um conselho decisivo de Yuri (Jean Paulo Campos): o jovem advogado afirma que ele precisa <strong>se afastar do crime de uma vez por todas<\/strong> se quiser ter alguma chance de recome\u00e7ar.<\/p>\n<p>No hospital, o clima pesa: Marlon (<strong><a href=\"https:\/\/www.nsctotal.com.br\/noticias\/quem-e-o-humberto-morais-ator-que-faz-o-marlon-em-dona-de-mim\" target=\"_blank\" rel=\"noreferrer noopener nofollow\">Humberto Morais<\/a><\/strong>) tem um pesadelo angustiante com Jeff (Faiska Alves), revivendo o trauma do confronto na Barreira. O policial tenta seguir a rotina, mas o abalo emocional fala mais alto.<\/p>\n<p>Continua depois da publicidade<\/p>\n<p>A grande virada vem quando Ryan \u00e9 <strong>liberado por Miro<\/strong>, o novo chefe do movimento criminoso. Sentindo-se livre pela primeira vez em meses, ele comemora com Lucas (Pedro Henrique Ferreira) e decide dar o passo que vinha ensaiando: <strong>pede Kami (Giovanna Lancellotti) em casamento<\/strong>, em uma cena carregada de emo\u00e7\u00e3o.<\/p>\n<p><img loading=\"lazy\" decoding=\"async\" width=\"1200\" height=\"675\" src=\"https:\/\/www.europesays.com\/pt\/wp-content\/uploads\/2025\/11\/Ryan-pede-Kami-em-casamento-em-Dona-de-Mim.jpg\" alt=\"Kami, personagem de Giovanna Lancellotti em Dona de Mim, novela das sete da Globo\" class=\"wp-image-7725596\"  \/>Ryan pede Kami em casamento em Dona de Mim (Foto: Reprodu\u00e7\u00e3o\/TV Globo)<\/p>\n<p>Apesar da felicidade dos dois, o clima continua tenso no n\u00facleo policial. Marlon passa mal no trabalho, e Rangel determina que ele volte para casa imediatamente. O momento revela o quanto o trauma da opera\u00e7\u00e3o ainda est\u00e1 vivo nele.<\/p>\n<p>Leo (Clara Moneke) percebe o estado do ex-noivo e se aproxima para apoi\u00e1-lo, refor\u00e7ando a liga\u00e7\u00e3o emocional que voltou a crescer nos \u00faltimos dias.<\/p>\n<p>Continua depois da publicidade<\/p>\n<p>No n\u00facleo Boaz, Filipa tamb\u00e9m encontra for\u00e7as para conversar com Sofia (Elis Cabral), enquanto Danilo (Felipe Simas) tenta novamente se aproximar de Nina (Flora Camolese).<\/p>\n<p>J\u00e1 T\u00e2nia (Aline Borges) invade seu antigo apartamento, reacendendo conflitos que pareciam adormecidos. Ao final, Filipa confronta Danilo sobre Jaques, aumentando a tens\u00e3o na mans\u00e3o dos Boaz.<\/p>\n<p>Resumo completo do cap\u00edtulo de s\u00e1bado (15 de novembro de 2025) de Dona de Mim<\/p>\n<p>Veja na ordem dos fatos o resumo completo divulgado pela Globo para o cap\u00edtulo de s\u00e1bado <strong>(15\/11\/2025)<\/strong> de \u201c<strong>Dona de Mim<\/strong>\u201c.<\/p>\n<p>Continua depois da publicidade<\/p>\n<ul class=\"wp-block-list\">\n<li>Filipa questiona o interesse de Jaques em sua medica\u00e7\u00e3o.<\/li>\n<li>Yuri aconselha Ryan a seguir sua vida fora do crime.<\/li>\n<li>No hospital, Marlon tem um pesadelo com Jeff.<\/li>\n<li>Ryan \u00e9 liberado por Miro, novo chefe do movimento.<\/li>\n<li>Ryan comemora sua liberdade com Lucas.<\/li>\n<li>Marlon e Leo se apoiam.<\/li>\n<li>Ryan pede Kami em casamento.<\/li>\n<li>Marlon passa mal no trabalho, e Rangel o manda ficar em casa.<\/li>\n<li>Filipa conversa com Sofia.<\/li>\n<li>Danilo tenta se aproximar de Nina.<\/li>\n<li>T\u00e2nia invade seu antigo apartamento.<\/li>\n<li>Filipa questiona Danilo sobre Jaques.<\/li>\n<\/ul>\n<p>Veja tamb\u00e9m o que aconteceu no <strong><a href=\"https:\/\/www.nsctotal.com.br\/noticias\/resumo-de-dona-de-mim-operacao-da-policia-termina-com-inocente-baleado-no-capitulo-de-sexta-14\" target=\"_blank\" rel=\"noreferrer noopener nofollow\">cap\u00edtulo anterior da novela<\/a><\/strong>.<\/p>\n<p>Quem \u00e9 quem em Dona de Mim1<\/p>\n<p>VoltarAvan\u00e7ar<\/p>\n<p><img loading=\"lazy\" decoding=\"async\" width=\"1200\" height=\"675\" data-id=\"7484162\" src=\"https:\/\/www.europesays.com\/pt\/wp-content\/uploads\/2025\/10\/Elenco-Dona-de-Mim-26.jpg\" alt=\"Texto da novela Dona de MimLeo (Clara Moneke).Globo\/ Manoella Mello\" class=\"wp-image-7484162\"  \/><\/p>\n<p>Leo (Clara Moneke) (Foto: Globo, Manoella Mello)<\/p>\n<p><img loading=\"lazy\" decoding=\"async\" width=\"1200\" height=\"675\" data-id=\"7484134\" src=\"https:\/\/www.europesays.com\/pt\/wp-content\/uploads\/2025\/11\/Elenco-Dona-de-Mim-29.jpg\" alt=\"Texto da novela Dona de MimSofia (Elis Cabral).Globo\/ Manoella Mello\" class=\"wp-image-7484134\"  \/><\/p>\n<p>Sofia (Elis Cabral) (Foto: Globo, Manoella Mello)<\/p>\n<p><img loading=\"lazy\" decoding=\"async\" width=\"1200\" height=\"675\" data-id=\"7484159\" src=\"https:\/\/www.europesays.com\/pt\/wp-content\/uploads\/2025\/11\/Elenco-Dona-de-Mim-24.jpg\" alt=\"Texto da novela Dona de MimAbel (Tony Ramos)Globo\/ L\u00e9o Rosario\" class=\"wp-image-7484159\"  \/><\/p>\n<p>Abel (Tony Ramos) (Foto: Globo, L\u00e9o Rosario)<\/p>\n<p><img loading=\"lazy\" decoding=\"async\" width=\"1200\" height=\"675\" data-id=\"7484137\" src=\"https:\/\/www.europesays.com\/pt\/wp-content\/uploads\/2025\/10\/Elenco-Dona-de-Mim-32.jpg\" alt=\"Texto da novela Dona de MimFilipa (Claudia Abreu)Globo\/ L\u00e9o Rosario\" class=\"wp-image-7484137\"  \/><\/p>\n<p>Filipa (Claudia Abreu) (Foto: Globo, L\u00e9o Rosario)<\/p>\n<p><img loading=\"lazy\" decoding=\"async\" width=\"1200\" height=\"675\" data-id=\"7484133\" src=\"https:\/\/www.europesays.com\/pt\/wp-content\/uploads\/2025\/11\/Elenco-Dona-de-Mim-28.jpg\" alt=\"Texto da novela Dona de MimRosa (Suely Franco)Globo\/ L\u00e9o Rosario\" class=\"wp-image-7484133\"  \/><\/p>\n<p>Rosa (Suely Franco) (Foto: Globo, L\u00e9o Rosario)<\/p>\n<p><img loading=\"lazy\" decoding=\"async\" width=\"1200\" height=\"675\" data-id=\"7484158\" src=\"https:\/\/www.europesays.com\/pt\/wp-content\/uploads\/2025\/11\/Elenco-Dona-de-Mim-23.jpg\" alt=\"Texto da novela Dona de MimSamuel (Juan Paiva).Globo\/ L\u00e9o Rosario\" class=\"wp-image-7484158\"  \/><\/p>\n<p>Samuel (Juan Paiva) (Foto: Globo, L\u00e9o Rosario)<\/p>\n<p><img loading=\"lazy\" decoding=\"async\" width=\"1200\" height=\"675\" data-id=\"7484168\" src=\"https:\/\/www.europesays.com\/pt\/wp-content\/uploads\/2025\/11\/Elenco-Dona-de-Mim-4.jpg\" alt=\"Davi (Rafa Vitti)Globo\/ L\u00e9o Rosario\" class=\"wp-image-7484168\"  \/><\/p>\n<p>Davi (Rafa Vitti) (Foto: Globo, L\u00e9o Rosario)<\/p>\n<p><img loading=\"lazy\" decoding=\"async\" width=\"1200\" height=\"675\" data-id=\"7484171\" src=\"https:\/\/www.europesays.com\/pt\/wp-content\/uploads\/2025\/10\/Elenco-Dona-de-Mim-7.jpg\" alt=\"Texto da novela Dona de MimMarlon (Humberto Moraes).Globo\/ Manoella Mello\" class=\"wp-image-7484171\"  \/><\/p>\n<p>Marlon (Humberto Moraes) (Foto: Globo, Manoella Mello)<\/p>\n<p><img loading=\"lazy\" decoding=\"async\" width=\"1200\" height=\"675\" data-id=\"7484141\" src=\"https:\/\/www.europesays.com\/pt\/wp-content\/uploads\/2025\/11\/Elenco-Dona-de-Mim-35.jpg\" alt=\"\" class=\"wp-image-7484141\"  \/><\/p>\n<p>Barbara (Giovana Cordeiro) (Foto: Globo, Manoella Mello)<\/p>\n<p><img loading=\"lazy\" decoding=\"async\" width=\"1200\" height=\"675\" data-id=\"7484156\" src=\"https:\/\/www.europesays.com\/pt\/wp-content\/uploads\/2025\/10\/Elenco-Dona-de-Mim-21.jpg\" alt=\"\" class=\"wp-image-7484156\"  \/><\/p>\n<p>Ellen (Camila Pitanga) (Foto: Globo, Manoella Mello)<\/p>\n<p><img loading=\"lazy\" decoding=\"async\" width=\"1200\" height=\"675\" data-id=\"7484139\" src=\"https:\/\/www.europesays.com\/pt\/wp-content\/uploads\/2025\/10\/Elenco-Dona-de-Mim-34.jpg\" alt=\"\" class=\"wp-image-7484139\"  \/><\/p>\n<p>Jussara (Vilma Melo) (Foto: Globo, Manoella Mello)<\/p>\n<p><img loading=\"lazy\" decoding=\"async\" width=\"1200\" height=\"675\" data-id=\"7484132\" src=\"https:\/\/www.europesays.com\/pt\/wp-content\/uploads\/2025\/11\/Elenco-Dona-de-Mim-27.jpg\" alt=\"\" class=\"wp-image-7484132\"  \/><\/p>\n<p>Stephany (Nikolly Fernandes) (Foto: Globo, Manoella Mello)<\/p>\n<p><img loading=\"lazy\" decoding=\"async\" width=\"1200\" height=\"675\" data-id=\"7484154\" src=\"https:\/\/www.europesays.com\/pt\/wp-content\/uploads\/2025\/10\/Elenco-Dona-de-Mim-19.jpg\" alt=\"Texto da novela Dona de MimJaques (Marcello Novaes)Globo\/ L\u00e9o Rosario\" class=\"wp-image-7484154\"  \/><\/p>\n<p>Jaques (Marcello Novaes) (Foto: Globo, L\u00e9o Rosario)<\/p>\n<p><img loading=\"lazy\" decoding=\"async\" width=\"1200\" height=\"675\" data-id=\"7484153\" src=\"https:\/\/www.europesays.com\/pt\/wp-content\/uploads\/2025\/10\/Elenco-Dona-de-Mim-18.jpg\" alt=\"Texto da novela Dona de MimT\u00e2nia (Aline Borges)Globo\/ L\u00e9o Rosario\" class=\"wp-image-7484153\"  \/><\/p>\n<p>T\u00e2nia (Aline Borges) (Foto: Globo, L\u00e9o Rosario)<\/p>\n<p><img loading=\"lazy\" decoding=\"async\" width=\"1200\" height=\"675\" data-id=\"7484155\" src=\"https:\/\/www.europesays.com\/pt\/wp-content\/uploads\/2025\/10\/Elenco-Dona-de-Mim-20.jpg\" alt=\"\" class=\"wp-image-7484155\"  \/><\/p>\n<p>Danilo (Felipe Simas) (Foto: Globo, Manoella Mello)<\/p>\n<p><img loading=\"lazy\" decoding=\"async\" width=\"1200\" height=\"675\" data-id=\"7484149\" src=\"https:\/\/www.europesays.com\/pt\/wp-content\/uploads\/2025\/10\/Elenco-Dona-de-Mim-16.jpg\" alt=\" Ricardo (Marcos Pasquim).Globo\/ Manoella Mello Globo\/ Man\" class=\"wp-image-7484149\"  \/><\/p>\n<p> Ricardo (Marcos Pasquim) (Foto: Globo, Manoella Mello)<\/p>\n<p><img loading=\"lazy\" decoding=\"async\" width=\"1200\" height=\"675\" data-id=\"7484157\" src=\"https:\/\/www.europesays.com\/pt\/wp-content\/uploads\/2025\/10\/Elenco-Dona-de-Mim-22.jpg\" alt=\"Texto da novela Dona de MimVanderson (Armando Babaioff).Globo\/ Manoella Mello\" class=\"wp-image-7484157\"  \/><\/p>\n<p>Vanderson (Armando Babaioff) (Foto: Globo, Manoella Mello)<\/p>\n<p><img loading=\"lazy\" decoding=\"async\" width=\"1200\" height=\"675\" data-id=\"7484135\" src=\"https:\/\/www.europesays.com\/pt\/wp-content\/uploads\/2025\/11\/Elenco-Dona-de-Mim-30.jpg\" alt=\"\" class=\"wp-image-7484135\"  \/><\/p>\n<p>Isabela (Sylvia Bandeira) (Foto: Globo, Manoella Mello)<\/p>\n<p><img loading=\"lazy\" decoding=\"async\" width=\"1200\" height=\"675\" data-id=\"7484169\" src=\"https:\/\/www.europesays.com\/pt\/wp-content\/uploads\/2025\/11\/Elenco-Dona-de-Mim-5.jpg\" alt=\"Texto da novela Dona de MimAyla (Bel Lima).Globo\/ L\u00e9o Rosario\" class=\"wp-image-7484169\"  \/><\/p>\n<p>Ayla (Bel Lima) (Foto: Globo, L\u00e9o Rosario)<\/p>\n<p><img loading=\"lazy\" decoding=\"async\" width=\"1200\" height=\"675\" data-id=\"7484173\" src=\"https:\/\/www.europesays.com\/pt\/wp-content\/uploads\/2025\/11\/Elenco-Dona-de-Mim-9.jpg\" alt=\"\" class=\"wp-image-7484173\"  \/><\/p>\n<p>Kami (Giovanna Lancellotti) (Foto: Globo, Manoella Mello)<\/p>\n<p><img loading=\"lazy\" decoding=\"async\" width=\"1200\" height=\"675\" data-id=\"7484138\" src=\"https:\/\/www.europesays.com\/pt\/wp-content\/uploads\/2025\/10\/Elenco-Dona-de-Mim-33.jpg\" alt=\"\" class=\"wp-image-7484138\"  \/><\/p>\n<p>Pam (Haon\u00ea Thinar) Globo\/ Manoella Mello<\/p>\n<p><img loading=\"lazy\" decoding=\"async\" width=\"1200\" height=\"675\" data-id=\"7484176\" src=\"https:\/\/www.europesays.com\/pt\/wp-content\/uploads\/2025\/10\/Elenco-Dona-de-Mim-11.jpg\" alt=\"\" class=\"wp-image-7484176\"  \/><\/p>\n<p>Dara (Cecilia Chancez) Globo\/ Manoella Mello<\/p>\n<p><img loading=\"lazy\" decoding=\"async\" width=\"1200\" height=\"675\" data-id=\"7484172\" src=\"https:\/\/www.europesays.com\/pt\/wp-content\/uploads\/2025\/10\/Elenco-Dona-de-Mim-8.jpg\" alt=\"Texto da novela Dona de MimYara (Cyda Moreno).Globo\/ Manoella Mello\" class=\"wp-image-7484172\"  \/><\/p>\n<p>Yara (Cyda Moreno) (Foto: Globo, Manoella Mello)<\/p>\n<p><img loading=\"lazy\" decoding=\"async\" width=\"1200\" height=\"675\" data-id=\"7484143\" src=\"https:\/\/www.europesays.com\/pt\/wp-content\/uploads\/2025\/11\/Elenco-Dona-de-Mim-37.jpg\" alt=\"\" class=\"wp-image-7484143\"  \/><\/p>\n<p>Caco (Pedro Alves) (Foto: Globo, Manoella Mello)<\/p>\n<p><img loading=\"lazy\" decoding=\"async\" width=\"1200\" height=\"675\" data-id=\"7484161\" src=\"https:\/\/www.europesays.com\/pt\/wp-content\/uploads\/2025\/11\/Elenco-Dona-de-Mim-25.jpg\" alt=\"Texto da novela Dona de MimRyan (L7).Globo\/ Manoella Mello\" class=\"wp-image-7484161\"  \/><\/p>\n<p>Ryan (L7) (Foto: Globo, Manoella Mello)<\/p>\n<p><img loading=\"lazy\" decoding=\"async\" width=\"1200\" height=\"675\" data-id=\"7484142\" src=\"https:\/\/www.europesays.com\/pt\/wp-content\/uploads\/2025\/10\/Elenco-Dona-de-Mim-36.jpg\" alt=\"\" class=\"wp-image-7484142\"  \/><\/p>\n<p>Lucas (Pedro Henrique Ferreira) (Foto: Globo, L\u00e9o Rosario)<\/p>\n<p><img loading=\"lazy\" decoding=\"async\" width=\"1200\" height=\"675\" data-id=\"7484146\" src=\"https:\/\/www.europesays.com\/pt\/wp-content\/uploads\/2025\/10\/Elenco-Dona-de-Mim-14.jpg\" alt=\"\" class=\"wp-image-7484146\"  \/><\/p>\n<p>Jeff (Fa\u00edska Alves) (Foto: Globo, L\u00e9o Rosario)<\/p>\n<p><img loading=\"lazy\" decoding=\"async\" width=\"1200\" height=\"675\" data-id=\"7484148\" src=\"https:\/\/www.europesays.com\/pt\/wp-content\/uploads\/2025\/11\/Elenco-Dona-de-Mim-15.jpg\" alt=\"\" class=\"wp-image-7484148\"  \/><\/p>\n<p>Manuel (Ernani Moraes) (Foto: Globo, Manoella Mello)<\/p>\n<p><img loading=\"lazy\" decoding=\"async\" width=\"1200\" height=\"675\" data-id=\"7484136\" src=\"https:\/\/www.europesays.com\/pt\/wp-content\/uploads\/2025\/11\/Elenco-Dona-de-Mim-31.jpg\" alt=\"\" class=\"wp-image-7484136\"  \/><\/p>\n<p>Luis\u00e3o (Ad\u00e9lio Lima) (Foto: Globo, Manoella Mello)<\/p>\n<p><img loading=\"lazy\" decoding=\"async\" width=\"1200\" height=\"675\" data-id=\"7484145\" src=\"https:\/\/www.europesays.com\/pt\/wp-content\/uploads\/2025\/11\/Elenco-Dona-de-Mim-13.jpg\" alt=\"Texto da novela Dona de MimPeter (Pedro Fernandes).Globo\/ Manoella Mello\" class=\"wp-image-7484145\"  \/><\/p>\n<p>Peter (Pedro Fernandes) (Foto: Globo, Manoella Mello)<\/p>\n<p><img loading=\"lazy\" decoding=\"async\" width=\"1200\" height=\"675\" data-id=\"7484150\" src=\"https:\/\/www.europesays.com\/pt\/wp-content\/uploads\/2025\/11\/Elenco-Dona-de-Mim-17.jpg\" alt=\"\" class=\"wp-image-7484150\"  \/><\/p>\n<p>Denise (Cris Larin) (Foto: Globo, L\u00e9o Rosario)<\/p>\n<p><img loading=\"lazy\" decoding=\"async\" width=\"1200\" height=\"675\" data-id=\"7484163\" src=\"https:\/\/www.europesays.com\/pt\/wp-content\/uploads\/2025\/10\/Elenco-Dona-de-Mim-2.jpg\" alt=\"\" class=\"wp-image-7484163\"  \/><\/p>\n<p>Natara (Carol Marra) (Foto: Globo, L\u00e9o Rosario)<\/p>\n<p><img loading=\"lazy\" decoding=\"async\" width=\"1200\" height=\"675\" data-id=\"7484164\" src=\"https:\/\/www.europesays.com\/pt\/wp-content\/uploads\/2025\/11\/Elenco-Dona-de-Mim-3.jpg\" alt=\"\" class=\"wp-image-7484164\"  \/><\/p>\n<p>Alan (Hugo Resende) (Foto: Globo, Manoella Mello)<\/p>\n<p><img loading=\"lazy\" decoding=\"async\" width=\"1200\" height=\"675\" data-id=\"7484170\" src=\"https:\/\/www.europesays.com\/pt\/wp-content\/uploads\/2025\/11\/Elenco-Dona-de-Mim-6.jpg\" alt=\"\" class=\"wp-image-7484170\"  \/><\/p>\n<p>Breno (Gabriel Sanches) (Foto: Globo, L\u00e9o Rosario)<\/p>\n<p><img loading=\"lazy\" decoding=\"async\" width=\"1200\" height=\"675\" data-id=\"7484179\" src=\"https:\/\/www.europesays.com\/pt\/wp-content\/uploads\/2025\/11\/Elenco-Dona-de-Mim-12.jpg\" alt=\"Texto da novela Dona de MimGisele (Luana Tanaka).Globo\/ F\u00e1bio Rocha\" class=\"wp-image-7484179\"  \/><\/p>\n<p>Gisele (Luana Tanaka) (Foto: Globo, F\u00e1bio Rocha)<\/p>\n<p><img loading=\"lazy\" decoding=\"async\" width=\"1200\" height=\"675\" data-id=\"7484174\" src=\"https:\/\/www.europesays.com\/pt\/wp-content\/uploads\/2025\/10\/Elenco-Dona-de-Mim-10.jpg\" alt=\"\" class=\"wp-image-7484174\"  \/><\/p>\n<p> Ded\u00e9 (Lorenzo Reis) (Foto: Globo, Manoella Mello)<\/p>\n","protected":false},"excerpt":{"rendered":"Filipa pressiona Jaques e Leo se reaproxima de Marlon em Dona de Mim (Foto: Reprodu\u00e7\u00e3o, TV Globo) O&hellip;\n","protected":false},"author":2,"featured_media":152294,"comment_status":"","ping_status":"","sticky":false,"template":"","format":"standard","meta":{"footnotes":""},"categories":[142],"tags":[114,115,32,33,151,543],"class_list":{"0":"post-152293","1":"post","2":"type-post","3":"status-publish","4":"format-standard","5":"has-post-thumbnail","7":"category-tv","8":"tag-entertainment","9":"tag-entretenimento","10":"tag-portugal","11":"tag-pt","12":"tag-tv","13":"tag-ver-ouvir-ler"},"share_on_mastodon":{"url":"https:\/\/pubeurope.com\/@pt\/115550876646331971","error":""},"_links":{"self":[{"href":"https:\/\/www.europesays.com\/pt\/wp-json\/wp\/v2\/posts\/152293","targetHints":{"allow":["GET"]}}],"collection":[{"href":"https:\/\/www.europesays.com\/pt\/wp-json\/wp\/v2\/posts"}],"about":[{"href":"https:\/\/www.europesays.com\/pt\/wp-json\/wp\/v2\/types\/post"}],"author":[{"embeddable":true,"href":"https:\/\/www.europesays.com\/pt\/wp-json\/wp\/v2\/users\/2"}],"replies":[{"embeddable":true,"href":"https:\/\/www.europesays.com\/pt\/wp-json\/wp\/v2\/comments?post=152293"}],"version-history":[{"count":0,"href":"https:\/\/www.europesays.com\/pt\/wp-json\/wp\/v2\/posts\/152293\/revisions"}],"wp:featuredmedia":[{"embeddable":true,"href":"https:\/\/www.europesays.com\/pt\/wp-json\/wp\/v2\/media\/152294"}],"wp:attachment":[{"href":"https:\/\/www.europesays.com\/pt\/wp-json\/wp\/v2\/media?parent=152293"}],"wp:term":[{"taxonomy":"category","embeddable":true,"href":"https:\/\/www.europesays.com\/pt\/wp-json\/wp\/v2\/categories?post=152293"},{"taxonomy":"post_tag","embeddable":true,"href":"https:\/\/www.europesays.com\/pt\/wp-json\/wp\/v2\/tags?post=152293"}],"curies":[{"name":"wp","href":"https:\/\/api.w.org\/{rel}","templated":true}]}}