{"id":152295,"date":"2025-11-15T00:27:07","date_gmt":"2025-11-15T00:27:07","guid":{"rendered":"https:\/\/www.europesays.com\/pt\/152295\/"},"modified":"2025-11-15T00:27:07","modified_gmt":"2025-11-15T00:27:07","slug":"deborah-secco-surge-caracterizada-como-bruna-surfistinha-15-anos-apos-primeiro-filme-veja-foto","status":"publish","type":"post","link":"https:\/\/www.europesays.com\/pt\/152295\/","title":{"rendered":"Deborah Secco surge caracterizada como Bruna Surfistinha 15 anos ap\u00f3s primeiro filme; veja foto"},"content":{"rendered":"<p>\n                        A atriz est\u00e1 no meio das grava\u00e7\u00f5es da continua\u00e7\u00e3o do longa-metragem sobre a hist\u00f3ria da ex-garota de programa\n                    <\/p>\n<ul class=\"article__header__author\">\n<li class=\"article__header__author__item\">\n                                                                                    <img loading=\"lazy\" decoding=\"async\" src=\"https:\/\/www.europesays.com\/pt\/wp-content\/uploads\/2025\/11\/microsoftteams-image-(23)-1jy7orqt0u4hi.png\" width=\"32\" height=\"32\" title=\"Reda\u00e7\u00e3o Terra\" alt=\"Reda\u00e7\u00e3o Terra\" class=\"author-picture\"\/><br \/>\n                                                                            Por:<br \/>\n                                                                                    Reda\u00e7\u00e3o Terra\n                                                                        <\/li>\n<\/ul>\n<p>\n                                                                                                                                                                                                                            14 nov<br \/>\n                                    2025<br \/>\n                                     &#8211; 19h18\n                                <\/p>\n<p>\n                                                                                                            (atualizado \u00e0s 20h45)\n                                                                    <\/p>\n<p><img loading=\"lazy\" decoding=\"async\" alt=\"Deborah Secco interpretar\u00e1 Bruna Surfistinha pela segunda vez nos cinemas\" class=\"img-5a1b858a3ba00f3605e24bb95e2a7a57rlkvaxzo\" height=\"435\" src=\"https:\/\/www.europesays.com\/pt\/wp-content\/uploads\/2025\/11\/design-sem-nome-2025-11-14t191554-015-vf0y8cab77le.png\"  title=\"Deborah Secco interpretar\u00e1 Bruna Surfistinha pela segunda vez nos cinemas\" width=\"774\"\/><\/p>\n<p>Deborah Secco interpretar\u00e1 Bruna Surfistinha pela segunda vez nos cinemas<\/p>\n<p>Foto: Reprodu\u00e7\u00e3o\/Instagram<\/p>\n<p class=\"text\"><a href=\"https:\/\/www.terra.com.br\/tudo-sobre\/deborah-secco\" target=\"_self\" rel=\"nofollow noopener\">Deborah Secco<\/a> apareceu pela primeira vez nesta sexta-feira, 14, com a caracteriza\u00e7\u00e3o para <a href=\"http:\/\/google.com\/search?q=terra+bruna+surfistinha+2&amp;rlz=1C1GCCA_enBR1148BR1148&amp;oq=terra+bruna+surfistinha+2&amp;gs_lcrp=EgZjaHJvbWUyBggAEEUYOTIGCAEQRRg80gEIMzE2MmowajSoAgCwAgA&amp;sourceid=chrome&amp;ie=UTF-8\" rel=\"nofollow noopener\" target=\"_blank\">interpretar Bruna Surfistinha no segundo filme sobre a hist\u00f3ria de Raquel Pacheco<\/a>, ex-garota de programa que ganhou fama em todo o pa\u00eds ao compartilhar o que vivia em um blog. A atriz volta \u00e0 pele da personagem 15 anos ap\u00f3s viver essa hist\u00f3ria nas telonas pela primeira vez.<\/p>\n<blockquote>\n<\/blockquote>\n<p class=\"text\">O segundo filme sobre Bruna Surfistinha conta a hist\u00f3ria de vida de Raquel ap\u00f3s deixar a prostitui\u00e7\u00e3o, com passagens sobre maternidade, viol\u00eancia dom\u00e9stica e aborto.<\/p>\n<p class=\"text\">O filme tem previs\u00e3o de estreia para o final de 2026 e j\u00e1 est\u00e1 sendo rodado. As filmagens come\u00e7aram no dia 9 de novembro e est\u00e3o previstas para terminar no dia 22 de dezembro.<\/p>\n<p class=\"text\">Para retomar o papel, Deborah Secco passou por uma transforma\u00e7\u00e3o no visual: ficou loir\u00edssima para se aproximar ainda mais da apar\u00eancia de Raquel Pacheco.<\/p>\n<p class=\"text\">Al\u00e9m da protagonista, outros atores que fizeram parte do primeiro filme est\u00e3o de volta para a continua\u00e7\u00e3o, como\u00a0Drica Moraes, C\u00e1ssio Gabus Mendes e Fabiula Nasciment j\u00e1 foram confirmados.\u00a0<\/p>\n<blockquote class=\"instagram-media\" data-instgrm-captioned=\"\" data-instgrm-permalink=\"https:\/\/www.instagram.com\/p\/DRCod0KDksE\/?utm_source=ig_embed&amp;utm_campaign=loading\" data-instgrm-version=\"14\" style=\" background:#FFF; border:0; border-radius:3px; box-shadow:0 0 1px 0 rgba(0,0,0,0.5),0 1px 10px 0 rgba(0,0,0,0.15); margin: 1px; max-width:540px; min-width:326px; padding:0; width:99.375%; width:-webkit-calc(100% - 2px); width:calc(100% - 2px);\">\n<\/blockquote>\n<p>                            <script async src=\"\/\/www.instagram.com\/embed.js\"><\/script><\/p>\n","protected":false},"excerpt":{"rendered":"A atriz est\u00e1 no meio das grava\u00e7\u00f5es da continua\u00e7\u00e3o do longa-metragem sobre a hist\u00f3ria da ex-garota de programa&hellip;\n","protected":false},"author":2,"featured_media":152296,"comment_status":"","ping_status":"","sticky":false,"template":"","format":"standard","meta":{"footnotes":""},"categories":[140],"tags":[114,115,147,148,146,32,33],"class_list":{"0":"post-152295","1":"post","2":"type-post","3":"status-publish","4":"format-standard","5":"has-post-thumbnail","7":"category-filmes","8":"tag-entertainment","9":"tag-entretenimento","10":"tag-film","11":"tag-filmes","12":"tag-movies","13":"tag-portugal","14":"tag-pt"},"share_on_mastodon":{"url":"","error":""},"_links":{"self":[{"href":"https:\/\/www.europesays.com\/pt\/wp-json\/wp\/v2\/posts\/152295","targetHints":{"allow":["GET"]}}],"collection":[{"href":"https:\/\/www.europesays.com\/pt\/wp-json\/wp\/v2\/posts"}],"about":[{"href":"https:\/\/www.europesays.com\/pt\/wp-json\/wp\/v2\/types\/post"}],"author":[{"embeddable":true,"href":"https:\/\/www.europesays.com\/pt\/wp-json\/wp\/v2\/users\/2"}],"replies":[{"embeddable":true,"href":"https:\/\/www.europesays.com\/pt\/wp-json\/wp\/v2\/comments?post=152295"}],"version-history":[{"count":0,"href":"https:\/\/www.europesays.com\/pt\/wp-json\/wp\/v2\/posts\/152295\/revisions"}],"wp:featuredmedia":[{"embeddable":true,"href":"https:\/\/www.europesays.com\/pt\/wp-json\/wp\/v2\/media\/152296"}],"wp:attachment":[{"href":"https:\/\/www.europesays.com\/pt\/wp-json\/wp\/v2\/media?parent=152295"}],"wp:term":[{"taxonomy":"category","embeddable":true,"href":"https:\/\/www.europesays.com\/pt\/wp-json\/wp\/v2\/categories?post=152295"},{"taxonomy":"post_tag","embeddable":true,"href":"https:\/\/www.europesays.com\/pt\/wp-json\/wp\/v2\/tags?post=152295"}],"curies":[{"name":"wp","href":"https:\/\/api.w.org\/{rel}","templated":true}]}}