{"id":152297,"date":"2025-11-15T00:28:07","date_gmt":"2025-11-15T00:28:07","guid":{"rendered":"https:\/\/www.europesays.com\/pt\/152297\/"},"modified":"2025-11-15T00:28:07","modified_gmt":"2025-11-15T00:28:07","slug":"concacaf-curacau-e-suriname-mais-perto-do-mundial-2026-zerozero-pt","status":"publish","type":"post","link":"https:\/\/www.europesays.com\/pt\/152297\/","title":{"rendered":"CONCACAF: Cura\u00e7au e Suriname mais perto do Mundial 2026 &#8211; zerozero.pt"},"content":{"rendered":"<ol>\n<li><a href=\"https:\/\/news.google.com\/rss\/articles\/CBMimgFBVV95cUxOSEY3a2szcUc1cHIzcG4wLXRYTkdNaXd1MWowZ0JzalFwd3Y2eDlFZWlOYnFaWHhZandYZHlBaElkVl9ta1JhczBzNl9OQ2hrV3JqSmhQSDREeEhBYXVVTHlVSWw3LVFSaHFWRUZSb25CS2wtTzYwSGFEQktRRlRJblRrZXlLcUd3VlY4b1l4Nm9LX2dvS1llU0V3?oc=5\" target=\"_blank\" rel=\"nofollow noopener\">CONCACAF: Cura\u00e7au e Suriname mais perto do Mundial 2026<\/a>&nbsp;&nbsp;zerozero.pt<\/li>\n<li><a href=\"https:\/\/news.google.com\/rss\/articles\/CBMiwgFBVV95cUxNZjBnazJNUVFOS2ZMbWZsN28tU3dMS3d3UFVXNlMxWEFNdUNzWHZjRUlPY0VtdUN6M0paQ0JlUWFXMUVlekNKR0JBRUNzMHpONFUyeVlyOGVrbEE4a2cxUThLUjIxVjBPUTBhZlR6cXNQdjJ2ZS1JZTJpOGdSWmtOTWc5ZGxCZ0pRQUgweUV1UVI1N09IcTY4S0ZCY2dzbmRkNEY2YmFvQTd3T2NudTdfS19sTFY2ajdGTS03U0ozUElIQQ?oc=5\" target=\"_blank\" rel=\"nofollow noopener\">Defini\u00e7\u00e3o das vagas da Concacaf para a Copa do Mundo ser\u00e1 na ter\u00e7a-feira<\/a>&nbsp;&nbsp;Correio do Povo<\/li>\n<li><a href=\"https:\/\/news.google.com\/rss\/articles\/CBMi7wFBVV95cUxNRDcxNXNPUi1WZXJtQmE5R0Z0a2hFZkJkdEhyRjBjYWRTNk5zMHJ1RnAtVUxUM252cHRLOVJNVEVhaVVkSjNYTTItU2NOaGctVFA2Z0pQVGthcm5RY0hMNWtlRVJLeWtzYWIwSGNnZHNDd1VxZDN6SHNOV0JDWFJWTkZsNFNxbl9naTZlOXJwNDBOaDlfVjVfcE9YYmxQcUJvU0JfRDhELTZxcVRQVnhOd1Jqb0JQOHVXSU56cWkzQ29zUXg0a1Q0bWRCMk1wOHAwa0VKQk5naFY4WUJuZTNlelhOc0dhMFpHTm5NcWdQRQ?oc=5\" target=\"_blank\" rel=\"nofollow noopener\">Suriname goleia El Salvador e abre vantagem em busca de vaga in\u00e9dita \u00e0 Copa<\/a>&nbsp;&nbsp;CNN Brasil<\/li>\n<li><a href=\"https:\/\/news.google.com\/rss\/articles\/CBMiqAJBVV95cUxQTTNfVHlWR0FyaEJydG92am41UktqeFRfU1VQZU1DV2R6Yk10T3JXMDdOY0FLUGpDdktFd1QyTjZlVXpZNDRJZUJaa0c5dkdVRDB3aTlyWjZVZEJIS2dycnNVTkRjaVdpU1hzZVFNNWNrQ0kwZ2FHRjByNGNXTVd6SjhGYklMYkQ1Z3ZWaTdub3Etc0JxTW1wTnp0SzZLclhSWW1mdUZSSVYzdTVJVG9BNFF5c3owMG4yNmZpUHY4UW5TbzMza1dTOUpFU2dTYXRPQUVHVlpCbXBfUlZPUUFsV3Jqcm52Mk53ZHk3bEZfSmhaSkF1T1hweWY3eDJyX3BNcWJUWlN2RkdlaERfRFlsNkZtaHZPdkM3SW02STg1WktFY0VuelZOdA?oc=5\" target=\"_blank\" rel=\"nofollow noopener\">Confira o que est\u00e1 em jogo nas duas \u00faltimas rodadas das Eliminat\u00f3rias da Am\u00e9rica do Norte e Central<\/a>&nbsp;&nbsp;GZH<\/li>\n<li><a href=\"https:\/\/news.google.com\/rss\/articles\/CBMi2gFBVV95cUxPblhBU2VBUzNqa0ZKUnVHTDFsTi1tX2lMOThrLTlJd3RjMFFXdFpTb250cm0yaTFOamxKMkhaSVB6ZHZuOXFDMG4xekJTeXFkM29sZFBBVnBRNWxJVUFXRU1xWS0xY3BOU1N4VDVhdFM3UlhXdlYtckJzM1FBRDQ1NnhEUjA3S2xzYUswRElhQm1ldGgzbTlpLWdhc1lkblktM25DTmFLaUNwYzNZZjRRam5GQl8xRDR0WW85YWFiWEdpMGpKOWJrNjBkT0l3bVRUM3BqaG5XbjZzUQ?oc=5\" target=\"_blank\" rel=\"nofollow noopener\">Eliminat\u00f3rias da Concacaf: o que est\u00e1 em jogo durante a Data Fifa de novembro?<\/a>&nbsp;&nbsp;O TEMPO<\/li>\n<\/ol>\n","protected":false},"excerpt":{"rendered":"CONCACAF: Cura\u00e7au e Suriname mais perto do Mundial 2026&nbsp;&nbsp;zerozero.pt Defini\u00e7\u00e3o das vagas da Concacaf para a Copa do&hellip;\n","protected":false},"author":2,"featured_media":152298,"comment_status":"","ping_status":"","sticky":false,"template":"","format":"standard","meta":{"footnotes":""},"categories":[87],"tags":[3056,2685,135,16996,870,2698,526,31454,524,1003,6027,13,32,33,527,31535,525,134,31536,2697,523],"class_list":{"0":"post-152297","1":"post","2":"type-post","3":"status-publish","4":"format-standard","5":"has-post-thumbnail","7":"category-desporto","8":"tag-ao-vivo","9":"tag-bola","10":"tag-desporto","11":"tag-europeu","12":"tag-eventos","13":"tag-fifa","14":"tag-football","15":"tag-forum","16":"tag-futebol","17":"tag-liga-dos-campeoes","18":"tag-mundial","19":"tag-noticias","20":"tag-portugal","21":"tag-pt","22":"tag-resultados","23":"tag-resultados-em-directo","24":"tag-soccer","25":"tag-sports","26":"tag-torneios","27":"tag-uefa","28":"tag-zerozero"},"share_on_mastodon":{"url":"https:\/\/pubeurope.com\/@pt\/115550886502955653","error":""},"_links":{"self":[{"href":"https:\/\/www.europesays.com\/pt\/wp-json\/wp\/v2\/posts\/152297","targetHints":{"allow":["GET"]}}],"collection":[{"href":"https:\/\/www.europesays.com\/pt\/wp-json\/wp\/v2\/posts"}],"about":[{"href":"https:\/\/www.europesays.com\/pt\/wp-json\/wp\/v2\/types\/post"}],"author":[{"embeddable":true,"href":"https:\/\/www.europesays.com\/pt\/wp-json\/wp\/v2\/users\/2"}],"replies":[{"embeddable":true,"href":"https:\/\/www.europesays.com\/pt\/wp-json\/wp\/v2\/comments?post=152297"}],"version-history":[{"count":0,"href":"https:\/\/www.europesays.com\/pt\/wp-json\/wp\/v2\/posts\/152297\/revisions"}],"wp:featuredmedia":[{"embeddable":true,"href":"https:\/\/www.europesays.com\/pt\/wp-json\/wp\/v2\/media\/152298"}],"wp:attachment":[{"href":"https:\/\/www.europesays.com\/pt\/wp-json\/wp\/v2\/media?parent=152297"}],"wp:term":[{"taxonomy":"category","embeddable":true,"href":"https:\/\/www.europesays.com\/pt\/wp-json\/wp\/v2\/categories?post=152297"},{"taxonomy":"post_tag","embeddable":true,"href":"https:\/\/www.europesays.com\/pt\/wp-json\/wp\/v2\/tags?post=152297"}],"curies":[{"name":"wp","href":"https:\/\/api.w.org\/{rel}","templated":true}]}}