{"id":152299,"date":"2025-11-15T00:30:10","date_gmt":"2025-11-15T00:30:10","guid":{"rendered":"https:\/\/www.europesays.com\/pt\/152299\/"},"modified":"2025-11-15T00:30:10","modified_gmt":"2025-11-15T00:30:10","slug":"vestidos-de-noivos-cristina-ferreira-e-joao-monteiro-anunciam-surpresa-um-casamento-para-a-vida","status":"publish","type":"post","link":"https:\/\/www.europesays.com\/pt\/152299\/","title":{"rendered":"Vestidos de noivos, Cristina Ferreira e Jo\u00e3o Monteiro anunciam surpresa: &#8220;Um casamento para a vida&#8221;"},"content":{"rendered":"<p>\u00c9 a surpresa do dia! <a href=\"https:\/\/selfie.iol.pt\/famosos\/claudio-ramos\/em-direto-cristina-ferreira-envia-mensagem-especial-a-claudio-ramos-e-muito-raro-acontecer-isto\/20251111\/691356acd34e3caad84b2a29\" target=\"_blank\" rel=\"nofollow noopener\">Cristina Ferreira<\/a> e Jo\u00e3o Monteiro est\u00e3o envolvidos num projeto profissional.<\/p>\n<p>Nesta sexta-feira, dia 14, a Diretora de Entretenimento e Fic\u00e7\u00e3o da <a href=\"https:\/\/tvi.iol.pt\/\" target=\"_blank\" rel=\"nofollow noopener\">TVI<\/a> reuniu conhecidos rostos, como Rita Pereira, Ana Guiomar, Marcia Soares, Fl\u00e1vio Furtado e Bernardo Sousa, para fazer um an\u00fancio.<\/p>\n<p>A surpresa foi mostrada num v\u00eddeo que deixou todos de boca aberta: <a href=\"https:\/\/selfie.iol.pt\/famosos\/cristina-ferreira\/cristina-ferreira-faz-anuncio-comeca-hoje-uma-nova-historia-de-amor\/20251114\/691766dfd34e3caad84b4db3\" target=\"_blank\" rel=\"nofollow noopener\">Cristina Ferreira<\/a> e Jo\u00e3o Monteiro surgem vestidos de noivos para lan\u00e7arem dois perfumes.<\/p>\n<p>&#8220;Um perfume \u00e9 muitas vezes um casamento para a vida. Come\u00e7a hoje uma nova hist\u00f3ria de amor&#8221;, escreveu a apresentadora, na legenda da filmagem, entretanto partilhada com os seguidores do Instagram. Na descri\u00e7\u00e3o, surge ainda um emoji em forma de cora\u00e7\u00e3o roxo, que simboliza a uni\u00e3o do casal.<\/p>\n<p>Veja, agora, o v\u00eddeo.<\/p>\n<blockquote class=\"instagram-media\" data-instgrm-captioned=\"\" data-instgrm-permalink=\"https:\/\/www.instagram.com\/reel\/DRDD5JrDPom\/?utm_source=ig_embed&amp;utm_campaign=loading\" data-instgrm-version=\"14\" style=\" background:#FFF; border:0; border-radius:3px; box-shadow:0 0 1px 0 rgba(0,0,0,0.5),0 1px 10px 0 rgba(0,0,0,0.15); margin: 1px; max-width:540px; min-width:326px; padding:0; width:99.375%; width:-webkit-calc(100% - 2px); width:calc(100% - 2px);\">\n<\/blockquote>\n<p>\u00a0<\/p>\n<p>                        <script async src=\"\/\/www.instagram.com\/embed.js\"><\/script><\/p>\n","protected":false},"excerpt":{"rendered":"\u00c9 a surpresa do dia! Cristina Ferreira e Jo\u00e3o Monteiro est\u00e3o envolvidos num projeto profissional. Nesta sexta-feira, dia&hellip;\n","protected":false},"author":2,"featured_media":152300,"comment_status":"","ping_status":"","sticky":false,"template":"","format":"standard","meta":{"footnotes":""},"categories":[85],"tags":[3539,166,11829,114,115,980,1015,6470,619,32,33,1012,162],"class_list":{"0":"post-152299","1":"post","2":"type-post","3":"status-publish","4":"format-standard","5":"has-post-thumbnail","7":"category-entretenimento","8":"tag-apresentadora","9":"tag-cristina-ferreira","10":"tag-diretora-de-entretenimento-e-ficcao-da-tvi","11":"tag-entertainment","12":"tag-entretenimento","13":"tag-famosos","14":"tag-instagram","15":"tag-joao-monteiro","16":"tag-nacional","17":"tag-portugal","18":"tag-pt","19":"tag-selfie","20":"tag-tvi"},"share_on_mastodon":{"url":"https:\/\/pubeurope.com\/@pt\/115550894556342248","error":""},"_links":{"self":[{"href":"https:\/\/www.europesays.com\/pt\/wp-json\/wp\/v2\/posts\/152299","targetHints":{"allow":["GET"]}}],"collection":[{"href":"https:\/\/www.europesays.com\/pt\/wp-json\/wp\/v2\/posts"}],"about":[{"href":"https:\/\/www.europesays.com\/pt\/wp-json\/wp\/v2\/types\/post"}],"author":[{"embeddable":true,"href":"https:\/\/www.europesays.com\/pt\/wp-json\/wp\/v2\/users\/2"}],"replies":[{"embeddable":true,"href":"https:\/\/www.europesays.com\/pt\/wp-json\/wp\/v2\/comments?post=152299"}],"version-history":[{"count":0,"href":"https:\/\/www.europesays.com\/pt\/wp-json\/wp\/v2\/posts\/152299\/revisions"}],"wp:featuredmedia":[{"embeddable":true,"href":"https:\/\/www.europesays.com\/pt\/wp-json\/wp\/v2\/media\/152300"}],"wp:attachment":[{"href":"https:\/\/www.europesays.com\/pt\/wp-json\/wp\/v2\/media?parent=152299"}],"wp:term":[{"taxonomy":"category","embeddable":true,"href":"https:\/\/www.europesays.com\/pt\/wp-json\/wp\/v2\/categories?post=152299"},{"taxonomy":"post_tag","embeddable":true,"href":"https:\/\/www.europesays.com\/pt\/wp-json\/wp\/v2\/tags?post=152299"}],"curies":[{"name":"wp","href":"https:\/\/api.w.org\/{rel}","templated":true}]}}