{"id":152321,"date":"2025-11-15T00:55:16","date_gmt":"2025-11-15T00:55:16","guid":{"rendered":"https:\/\/www.europesays.com\/pt\/152321\/"},"modified":"2025-11-15T00:55:16","modified_gmt":"2025-11-15T00:55:16","slug":"saiba-onde-assistir-a-sequencia-no-streaming","status":"publish","type":"post","link":"https:\/\/www.europesays.com\/pt\/152321\/","title":{"rendered":"saiba onde assistir \u00e0 sequ\u00eancia no streaming"},"content":{"rendered":"<p><img alt=\"\" loading=\"eager\" decoding=\"async\" data-nimg=\"fill\" class=\"object-contain\" style=\"position:absolute;height:100%;width:100%;left:0;top:0;right:0;bottom:0;color:transparent\"   src=\"https:\/\/www.europesays.com\/pt\/wp-content\/uploads\/2025\/11\/5530642_93719956ad58f7b.jpg\"\/><\/p>\n<p>\u201cUma Sexta-Feira Mais Louca Ainda\u201d chega ao Disney+ | Reprodu\u00e7\u00e3o<\/p>\n<p>Duas d\u00e9cadas depois, elas est\u00e3o de volta (e mais trocadas do que nunca). A sequ\u00eancia <a href=\"https:\/\/atl.clicrbs.com.br\/sofa-e-pipoca\/filmes\/noticia\/2025\/10\/saiba-quando-uma-sexta-feira-mais-louca-ainda-chega-ao-disney-cmhaxkpiy00ol014ume0e1gm5.html\" rel=\"nofollow noopener\" target=\"_blank\"><strong>Uma Sexta-Feira Mais Louca Ainda<\/strong><\/a><strong> <\/strong>acaba de estrear no <strong>Disney+<\/strong>, reunindo <strong>Lindsay Lohan<\/strong> e <strong>Jamie Lee Curtis<\/strong> em um novo cap\u00edtulo da com\u00e9dia que marcou os anos 2000.<\/p>\n<p>No novo filme, o tempo passou: Anna (Lohan) agora \u00e9 m\u00e3e, e sua rela\u00e7\u00e3o com Tess (Curtis) continua repleta de choques de gera\u00e7\u00f5es. Mas a confus\u00e3o atinge um novo n\u00edvel quando uma <strong>nova troca m\u00e1gica de corpos<\/strong> envolve tamb\u00e9m a filha de Anna, Harper (Julia Butters, Os Fabelmans), e a futura enteada, Lily (Sophia Hammons, Amor nas Alturas).<\/p>\n<p>Elenco\u00a0<\/p>\n<p>Al\u00e9m da dupla principal, o elenco traz de volta rostos queridos do primeiro filme, como <strong>Chad Michael Murray<\/strong>, <strong>Mark Harmon<\/strong>, <strong>Christina Vidal Mitchell<\/strong>, <strong>Rosalind Chao<\/strong> e <strong>Lucille Soong<\/strong>. Entre as novidades est\u00e3o <strong>Manny Jacinto<\/strong> (The Good Place) e <strong>Maitreyi Ramakrishnan<\/strong> (Eu Nunca&#8230;), prometendo adicionar frescor \u00e0 trama.<\/p>\n<p>Dirigido por <strong>Nisha Ganatra<\/strong> (Transparent) e escrito por <strong>Elyse Hollander<\/strong> (The Blacklist), o longa mistura humor, emo\u00e7\u00e3o e aquele toque de magia que transformou o original em um cl\u00e1ssico das tardes de com\u00e9dia.<\/p>\n<p>Onde assistir Uma Sexta-Feira Mais Louca Ainda\u00a0<\/p>\n<p>Uma Sexta-Feira Mais Louca Ainda est\u00e1 dispon\u00edvel no <strong>cat\u00e1logo do Disney+<\/strong>, sem custo adicional para assinantes.<\/p>\n<p><a href=\"https:\/\/atl.clicrbs.com.br\/autores\/renata-dotto\/6864556970d1f53384e6c17e\" rel=\"nofollow noopener\" target=\"_blank\"><img alt=\"Renata Dotto\" loading=\"lazy\" width=\"55\" height=\"55\" decoding=\"async\" data-nimg=\"1\" class=\"mb-auto mr-1 mt-0 block h-12 w-12 rounded-full object-cover\" style=\"color:transparent\"  src=\"https:\/\/www.europesays.com\/pt\/wp-content\/uploads\/2025\/11\/58212395.jpg\"\/><\/a><\/p>\n","protected":false},"excerpt":{"rendered":"\u201cUma Sexta-Feira Mais Louca Ainda\u201d chega ao Disney+ | Reprodu\u00e7\u00e3o Duas d\u00e9cadas depois, elas est\u00e3o de volta (e&hellip;\n","protected":false},"author":2,"featured_media":152322,"comment_status":"","ping_status":"","sticky":false,"template":"","format":"standard","meta":{"footnotes":""},"categories":[140],"tags":[114,115,147,148,146,32,33],"class_list":{"0":"post-152321","1":"post","2":"type-post","3":"status-publish","4":"format-standard","5":"has-post-thumbnail","7":"category-filmes","8":"tag-entertainment","9":"tag-entretenimento","10":"tag-film","11":"tag-filmes","12":"tag-movies","13":"tag-portugal","14":"tag-pt"},"share_on_mastodon":{"url":"https:\/\/pubeurope.com\/@pt\/115550992996873507","error":""},"_links":{"self":[{"href":"https:\/\/www.europesays.com\/pt\/wp-json\/wp\/v2\/posts\/152321","targetHints":{"allow":["GET"]}}],"collection":[{"href":"https:\/\/www.europesays.com\/pt\/wp-json\/wp\/v2\/posts"}],"about":[{"href":"https:\/\/www.europesays.com\/pt\/wp-json\/wp\/v2\/types\/post"}],"author":[{"embeddable":true,"href":"https:\/\/www.europesays.com\/pt\/wp-json\/wp\/v2\/users\/2"}],"replies":[{"embeddable":true,"href":"https:\/\/www.europesays.com\/pt\/wp-json\/wp\/v2\/comments?post=152321"}],"version-history":[{"count":0,"href":"https:\/\/www.europesays.com\/pt\/wp-json\/wp\/v2\/posts\/152321\/revisions"}],"wp:featuredmedia":[{"embeddable":true,"href":"https:\/\/www.europesays.com\/pt\/wp-json\/wp\/v2\/media\/152322"}],"wp:attachment":[{"href":"https:\/\/www.europesays.com\/pt\/wp-json\/wp\/v2\/media?parent=152321"}],"wp:term":[{"taxonomy":"category","embeddable":true,"href":"https:\/\/www.europesays.com\/pt\/wp-json\/wp\/v2\/categories?post=152321"},{"taxonomy":"post_tag","embeddable":true,"href":"https:\/\/www.europesays.com\/pt\/wp-json\/wp\/v2\/tags?post=152321"}],"curies":[{"name":"wp","href":"https:\/\/api.w.org\/{rel}","templated":true}]}}