{"id":152328,"date":"2025-11-15T01:04:13","date_gmt":"2025-11-15T01:04:13","guid":{"rendered":"https:\/\/www.europesays.com\/pt\/152328\/"},"modified":"2025-11-15T01:04:13","modified_gmt":"2025-11-15T01:04:13","slug":"peca-sobre-rita-lee-com-lilia-cabral-estreia-em-22-de-maio-14-11-2025-monica-bergamo","status":"publish","type":"post","link":"https:\/\/www.europesays.com\/pt\/152328\/","title":{"rendered":"Pe\u00e7a sobre Rita Lee com Lilia Cabral estreia em 22 de maio &#8211; 14\/11\/2025 &#8211; M\u00f4nica Bergamo"},"content":{"rendered":"<p><a href=\"https:\/\/www1.folha.uol.com.br\/folha-topicos\/lilia-cabral\/\" rel=\"nofollow noopener\" target=\"_blank\">Lilia Cabral<\/a> vai estrear a pe\u00e7a &#8220;<a href=\"https:\/\/www1.folha.uol.com.br\/folha-topicos\/rita-lee\/\" rel=\"nofollow noopener\" target=\"_blank\">Rita Lee<\/a>: Balada da Louca&#8221; em 22 de maio do ano que vem, no Teatro Faap, em S\u00e3o Paulo. A data tem um significado especial: foi o dia escolhido pela roqueira para comemorar o seu anivers\u00e1rio \u2014nascida oficialmente em 31 de janeiro, v\u00e9spera do Ano-Novo, Rita decidiu trocar a data de celebra\u00e7\u00e3o para ter uma festa s\u00f3 sua.<\/p>\n<p>Al\u00e9m disso, S\u00e3o Paulo tamb\u00e9m instituiu 22 de maio como o dia oficial de Rita Lee na cidade.<\/p>\n<p>O espet\u00e1culo acompanhar\u00e1 os \u00faltimos anos de vida da rainha do <a href=\"https:\/\/www1.folha.uol.com.br\/folha-topicos\/rock\/\" rel=\"nofollow noopener\" target=\"_blank\">rock<\/a> e ser\u00e1 baseado na segunda autobiografica da artista, &#8220;Rita Lee: Outra Autobiografia&#8221;, publicada pela editora <a href=\"https:\/\/www1.folha.uol.com.br\/folha-topicos\/globo\/\" rel=\"nofollow noopener\" target=\"_blank\">Globo<\/a>, com t<a href=\"https:\/\/www1.folha.uol.com.br\/ilustrada\/2024\/07\/livro-postumo-de-rita-lee-discute-o-que-e-ser-fa-entre-o-deboche-e-o-coracao-de-mae.shtml\" rel=\"nofollow noopener\" target=\"_blank\">exto de Guilherme Samora<\/a>.<\/p>\n<p>A dire\u00e7\u00e3o \u00e9 de Beatriz Barros, e a produ\u00e7\u00e3o, da Brancalyone.<\/p>\n<p>&#8220;Quando recebi esse convite, cheguei a perder um pouco o rumo&#8221;, afirmou Lilia. &#8220;Curioso que, quando comentei com algumas pessoas, elas se surpreendiam e diziam que era uma jun\u00e7\u00e3o de mundos maravilhosa.&#8221;<\/p>\n<p>com <strong>DIEGO ALEJANDRO, KARINA MATIAS e VICT\u00d3RIA C\u00d3COLO<\/strong> <\/p>\n<p class=\"c-context__content\">&#13;<br \/>\n    <strong>LINK PRESENTE:<\/strong> Gostou deste texto? Assinante pode liberar sete acessos gratuitos de qualquer link por dia. Basta clicar no F azul abaixo.&#13;\n  <\/p>\n","protected":false},"excerpt":{"rendered":"Lilia Cabral vai estrear a pe\u00e7a &#8220;Rita Lee: Balada da Louca&#8221; em 22 de maio do ano que&hellip;\n","protected":false},"author":2,"featured_media":152329,"comment_status":"","ping_status":"","sticky":false,"template":"","format":"standard","meta":{"footnotes":""},"categories":[145],"tags":[211,210,114,115,28765,236,753,13901,150,2931,19357,32,33,7786,1645],"class_list":{"0":"post-152328","1":"post","2":"type-post","3":"status-publish","4":"format-standard","5":"has-post-thumbnail","7":"category-celebridades","8":"tag-celebridades","9":"tag-celebrities","10":"tag-entertainment","11":"tag-entretenimento","12":"tag-espetaculo","13":"tag-folha","14":"tag-globo","15":"tag-lilia-cabral","16":"tag-musica","17":"tag-novela","18":"tag-peca","19":"tag-portugal","20":"tag-pt","21":"tag-rita-lee","22":"tag-rock"},"share_on_mastodon":{"url":"https:\/\/pubeurope.com\/@pt\/115551028048120293","error":""},"_links":{"self":[{"href":"https:\/\/www.europesays.com\/pt\/wp-json\/wp\/v2\/posts\/152328","targetHints":{"allow":["GET"]}}],"collection":[{"href":"https:\/\/www.europesays.com\/pt\/wp-json\/wp\/v2\/posts"}],"about":[{"href":"https:\/\/www.europesays.com\/pt\/wp-json\/wp\/v2\/types\/post"}],"author":[{"embeddable":true,"href":"https:\/\/www.europesays.com\/pt\/wp-json\/wp\/v2\/users\/2"}],"replies":[{"embeddable":true,"href":"https:\/\/www.europesays.com\/pt\/wp-json\/wp\/v2\/comments?post=152328"}],"version-history":[{"count":0,"href":"https:\/\/www.europesays.com\/pt\/wp-json\/wp\/v2\/posts\/152328\/revisions"}],"wp:featuredmedia":[{"embeddable":true,"href":"https:\/\/www.europesays.com\/pt\/wp-json\/wp\/v2\/media\/152329"}],"wp:attachment":[{"href":"https:\/\/www.europesays.com\/pt\/wp-json\/wp\/v2\/media?parent=152328"}],"wp:term":[{"taxonomy":"category","embeddable":true,"href":"https:\/\/www.europesays.com\/pt\/wp-json\/wp\/v2\/categories?post=152328"},{"taxonomy":"post_tag","embeddable":true,"href":"https:\/\/www.europesays.com\/pt\/wp-json\/wp\/v2\/tags?post=152328"}],"curies":[{"name":"wp","href":"https:\/\/api.w.org\/{rel}","templated":true}]}}