{"id":152335,"date":"2025-11-15T01:16:22","date_gmt":"2025-11-15T01:16:22","guid":{"rendered":"https:\/\/www.europesays.com\/pt\/152335\/"},"modified":"2025-11-15T01:16:22","modified_gmt":"2025-11-15T01:16:22","slug":"duas-criancas-e-um-idoso-retirados-de-incendio-em-habitacao-na-foz","status":"publish","type":"post","link":"https:\/\/www.europesays.com\/pt\/152335\/","title":{"rendered":"Duas crian\u00e7as e um idoso retirados de inc\u00eandio em habita\u00e7\u00e3o na Foz"},"content":{"rendered":"<p data-remotead-prev-elm=\"true\" data-remotead-elm-id=\"inread\">O alerta para o inc\u00eandio foi dado \u00e0s 22.56 horas e para o teatro de opera\u00e7\u00f5es foram mobilizados os Bombeiros Sapadores do Porto e os Bombeiros Portuenses com 42 operacionais, apoiados por 14 viaturas.<\/p>\n<p>Ao que o JN apurou, o inc\u00eandio teve in\u00edcio na cobertura da habita\u00e7\u00e3o e alastrou-se ao \u00faltimo piso, que ficou bastante danificado.<\/p>\n<p><img decoding=\"async\" class=\"ngx-body\" guid=\"76da20a1-8a38-4358-9865-263065dbad8d\" src=\"https:\/\/www.europesays.com\/pt\/wp-content\/uploads\/2025\/11\/1763169382_727_image.jpg\" width=\"100%\"\/>Foto: Pedro Emanuel Santos<\/p>\n<p data-remotead-prev-elm=\"true\" data-remotead-elm-id=\"centro1\">Quando os bombeiros chegaram ao local, j\u00e1 tinham sido retiradas duas crian\u00e7as e um idoso de dentro da casa, que foram entretanto recolhidos por familiares, sem precisarem de assist\u00eancia m\u00e9dica.<\/p>\n<p>Ainda n\u00e3o \u00e9 conhecida a causa do inc\u00eandio e, at\u00e9 ao momento, n\u00e3o h\u00e1 indica\u00e7\u00e3o de feridos.<\/p>\n<p>V\u00eddeo: Radimprensa<\/p>\n","protected":false},"excerpt":{"rendered":"O alerta para o inc\u00eandio foi dado \u00e0s 22.56 horas e para o teatro de opera\u00e7\u00f5es foram mobilizados&hellip;\n","protected":false},"author":2,"featured_media":152336,"comment_status":"","ping_status":"","sticky":false,"template":"","format":"standard","meta":{"footnotes":""},"categories":[10],"tags":[27,28,20018,15,16,32951,14,625,25,26,21,22,12,13,19,20,32,23,24,33,17,18,29,30,31],"class_list":{"0":"post-152335","1":"post","2":"type-post","3":"status-publish","4":"format-standard","5":"has-post-thumbnail","7":"category-portugal","8":"tag-breaking-news","9":"tag-breakingnews","10":"tag-concelho-porto","11":"tag-featured-news","12":"tag-featurednews","13":"tag-foz","14":"tag-headlines","15":"tag-incendio","16":"tag-latest-news","17":"tag-latestnews","18":"tag-main-news","19":"tag-mainnews","20":"tag-news","21":"tag-noticias","22":"tag-noticias-principais","23":"tag-noticiasprincipais","24":"tag-portugal","25":"tag-principais-noticias","26":"tag-principaisnoticias","27":"tag-pt","28":"tag-top-stories","29":"tag-topstories","30":"tag-ultimas","31":"tag-ultimas-noticias","32":"tag-ultimasnoticias"},"share_on_mastodon":{"url":"https:\/\/pubeurope.com\/@pt\/115551075434274354","error":""},"_links":{"self":[{"href":"https:\/\/www.europesays.com\/pt\/wp-json\/wp\/v2\/posts\/152335","targetHints":{"allow":["GET"]}}],"collection":[{"href":"https:\/\/www.europesays.com\/pt\/wp-json\/wp\/v2\/posts"}],"about":[{"href":"https:\/\/www.europesays.com\/pt\/wp-json\/wp\/v2\/types\/post"}],"author":[{"embeddable":true,"href":"https:\/\/www.europesays.com\/pt\/wp-json\/wp\/v2\/users\/2"}],"replies":[{"embeddable":true,"href":"https:\/\/www.europesays.com\/pt\/wp-json\/wp\/v2\/comments?post=152335"}],"version-history":[{"count":0,"href":"https:\/\/www.europesays.com\/pt\/wp-json\/wp\/v2\/posts\/152335\/revisions"}],"wp:featuredmedia":[{"embeddable":true,"href":"https:\/\/www.europesays.com\/pt\/wp-json\/wp\/v2\/media\/152336"}],"wp:attachment":[{"href":"https:\/\/www.europesays.com\/pt\/wp-json\/wp\/v2\/media?parent=152335"}],"wp:term":[{"taxonomy":"category","embeddable":true,"href":"https:\/\/www.europesays.com\/pt\/wp-json\/wp\/v2\/categories?post=152335"},{"taxonomy":"post_tag","embeddable":true,"href":"https:\/\/www.europesays.com\/pt\/wp-json\/wp\/v2\/tags?post=152335"}],"curies":[{"name":"wp","href":"https:\/\/api.w.org\/{rel}","templated":true}]}}