{"id":152343,"date":"2025-11-15T01:26:54","date_gmt":"2025-11-15T01:26:54","guid":{"rendered":"https:\/\/www.europesays.com\/pt\/152343\/"},"modified":"2025-11-15T01:26:54","modified_gmt":"2025-11-15T01:26:54","slug":"the-cure-esgotam-bilhetes-para-o-relvado-do-north-festival","status":"publish","type":"post","link":"https:\/\/www.europesays.com\/pt\/152343\/","title":{"rendered":"The Cure esgotam bilhetes para o relvado do North Festival"},"content":{"rendered":"<p data-remotead-prev-elm=\"true\" data-remotead-elm-id=\"inread\">A primeira confirma\u00e7\u00e3o para 2026 deste festival que se realiza no Norte do pa\u00eds n\u00e3o deixa margem para d\u00favidas sobre a ambi\u00e7\u00e3o do evento. Os The Cure, banda ic\u00f3nica liderada por Robert Smith, sobem ao palco a 7 de junho e os bilhetes para assisitir ao concerto no relvado j\u00e1 est\u00e3o esgotados, segundo confirma fonte da organiza\u00e7\u00e3o ao JN.<\/p>\n<p>Com uma carreira que se estende por quase cinco d\u00e9cadas, os brit\u00e2nicos s\u00e3o autores de cl\u00e1ssicos intemporais como &#8220;Boys Don&#8221;t Cry&#8221;, &#8220;A Forest&#8221;, &#8220;Just Like Heaven&#8221;, &#8220;Lullaby&#8221; e &#8220;Friday I&#8221;m In Love&#8221;. O ano passado, o grupo lan\u00e7ou um novo \u00e1lbum, &#8220;Songs of a lost world&#8221;, o primeiro em 16 anos da banda. O disco de estreia, &#8220;Three Imaginary Boys&#8221; (1979), marcou o in\u00edcio de uma carreira repleta de sucessos e o grupo afirmou-se como um dos mais influentes da cena g\u00f3tica e p\u00f3s-punk. Numa entrevista publicada no site oficial dos The Cure, a banda avan\u00e7ou uma data oficial para a sua retirada, 2029. O ano em que cumprem 50 anos de carreira.<\/p>\n<p>O North Festival decorre nos dias 5, 6 e 7 de junho de 2026. Uma das grandes novidades \u00e9 a estreia do Palco &#8220;JN Rock \u00e0 Moda do Porto&#8221;, dedicado exclusivamente \u00e0 m\u00fasica portuguesa. Os bilhetes estar\u00e3o \u00e0 venda em <a href=\"https:\/\/www.northmusicfestival.com\/tickets-dia-7\" target=\"_blank\" rel=\"nofollow noopener\">northmusicfestival.com<\/a> e nos locais habituais.<br \/><img decoding=\"async\" class=\"ngx-body\" guid=\"b233882f-9b1e-4991-ab0b-6b42acda4e6f\" src=\"https:\/\/www.europesays.com\/pt\/wp-content\/uploads\/2025\/11\/1763170014_46_image.jpg\" width=\"100%\"\/><\/p>\n<p>A banda est\u00e1 a trabalhar num novo \u00e1lbum e ir\u00e1 lan\u00e7ar em dezembro um novo document\u00e1rio.<\/p>\n","protected":false},"excerpt":{"rendered":"A primeira confirma\u00e7\u00e3o para 2026 deste festival que se realiza no Norte do pa\u00eds n\u00e3o deixa margem para&hellip;\n","protected":false},"author":2,"featured_media":152344,"comment_status":"","ping_status":"","sticky":false,"template":"","format":"standard","meta":{"footnotes":""},"categories":[85],"tags":[1753,114,115,9168,32952,32,33,17732],"class_list":{"0":"post-152343","1":"post","2":"type-post","3":"status-publish","4":"format-standard","5":"has-post-thumbnail","7":"category-entretenimento","8":"tag-artes","9":"tag-entertainment","10":"tag-entretenimento","11":"tag-festivais-de-verao","12":"tag-north-festival","13":"tag-portugal","14":"tag-pt","15":"tag-the-cure"},"share_on_mastodon":{"url":"https:\/\/pubeurope.com\/@pt\/115551118683952660","error":""},"_links":{"self":[{"href":"https:\/\/www.europesays.com\/pt\/wp-json\/wp\/v2\/posts\/152343","targetHints":{"allow":["GET"]}}],"collection":[{"href":"https:\/\/www.europesays.com\/pt\/wp-json\/wp\/v2\/posts"}],"about":[{"href":"https:\/\/www.europesays.com\/pt\/wp-json\/wp\/v2\/types\/post"}],"author":[{"embeddable":true,"href":"https:\/\/www.europesays.com\/pt\/wp-json\/wp\/v2\/users\/2"}],"replies":[{"embeddable":true,"href":"https:\/\/www.europesays.com\/pt\/wp-json\/wp\/v2\/comments?post=152343"}],"version-history":[{"count":0,"href":"https:\/\/www.europesays.com\/pt\/wp-json\/wp\/v2\/posts\/152343\/revisions"}],"wp:featuredmedia":[{"embeddable":true,"href":"https:\/\/www.europesays.com\/pt\/wp-json\/wp\/v2\/media\/152344"}],"wp:attachment":[{"href":"https:\/\/www.europesays.com\/pt\/wp-json\/wp\/v2\/media?parent=152343"}],"wp:term":[{"taxonomy":"category","embeddable":true,"href":"https:\/\/www.europesays.com\/pt\/wp-json\/wp\/v2\/categories?post=152343"},{"taxonomy":"post_tag","embeddable":true,"href":"https:\/\/www.europesays.com\/pt\/wp-json\/wp\/v2\/tags?post=152343"}],"curies":[{"name":"wp","href":"https:\/\/api.w.org\/{rel}","templated":true}]}}