{"id":15235,"date":"2025-08-04T09:02:07","date_gmt":"2025-08-04T09:02:07","guid":{"rendered":"https:\/\/www.europesays.com\/pt\/15235\/"},"modified":"2025-08-04T09:02:07","modified_gmt":"2025-08-04T09:02:07","slug":"madeirense-conta-como-viveu-19-dias-em-cativeiro","status":"publish","type":"post","link":"https:\/\/www.europesays.com\/pt\/15235\/","title":{"rendered":"Madeirense conta como viveu 19 dias em cativeiro"},"content":{"rendered":"\n<p class=\"p_0\">O calv\u00e1rio por que passou um emigrante madeirense sequestrado na \u00c1frica do Sul \u00e9 a manchete de hoje do JM. Jos\u00e9 Manuel Ramos recorda aqueles que ter\u00e3o sido os 19 dias mais longos da sua vida. Deixa-o intrigado como \u00e9 que o banco transferiu 400 mil rands sem perguntas.<\/p>\n<p class=\"p_1\">Destaque, com fotografia, para a Semana Gastron\u00f3mica de Machico que ontem chegou ao fim. Ricardo Franco, o presidente da autarquia, elogia o evento que levou milhares de pessoas \u00e0 capital do munic\u00edpio.<\/p>\n<p class=\"p_2\">O Teatro Baltazar Dias fez o balan\u00e7o da temporada, dando a saber ao JM que mais de 37 mil pessoas estiveram nos espet\u00e1culos e que pelo palco passaram 520 artistas.<\/p>\n<p class=\"p_3\">Bullying \u00e9 uma vez mais tema de destaque nesta edi\u00e7\u00e3o. Com base num estudo da UMAR, o Jornal assinala alguns dos n\u00fameros deste fen\u00f3meno social que afeta crian\u00e7as e jovens.<\/p>\n<p class=\"p_4\">Na rubrica \u2018Lembra-se?\u2019, recordamos a piscina de S\u00e3o Vicente fechada h\u00e1 um ano. Pais e seniores acusam a necessidade desta infraestrutura. O Governo, respons\u00e1vel pelo equipamento, diz que o edif\u00edcio tem problemas estruturais.<\/p>\n<p class=\"p_5\">\u00c0 segunda-feira, como \u00e9 h\u00e1bito, o JM faz um ponto da situa\u00e7\u00e3o relativamente \u00e0 contrata\u00e7\u00e3o p\u00fablica, revelando que a semana foi curta, mas f\u00e9rtil em contratos de aquisi\u00e7\u00e3o.<\/p>\n<p class=\"p_6\">A caminho das elei\u00e7\u00f5es aut\u00e1rquicas, mais um candidato, e a respetiva equipa, \u00e9 apresentado. No caso, Dinarte Nunes, cabe\u00e7a de lista do PSD ao Porto Moniz.<\/p>\n<p class=\"p_7\">Em Ocorr\u00eancias, s\u00e3o v\u00e1rias a not\u00edcias que temos para si nesta edi\u00e7\u00e3o. Duas p\u00e1ginas com situa\u00e7\u00f5es de inc\u00eandios, acidentes e quedas, entre outras situa\u00e7\u00f5es.<\/p>\n<p class=\"p_8\">H\u00e1 mais para ler. Acompanhe o JM no papel e no digital, nas redes socias e na APP.<\/p>\n","protected":false},"excerpt":{"rendered":"O calv\u00e1rio por que passou um emigrante madeirense sequestrado na \u00c1frica do Sul \u00e9 a manchete de hoje&hellip;\n","protected":false},"author":2,"featured_media":15236,"comment_status":"","ping_status":"","sticky":false,"template":"","format":"standard","meta":{"footnotes":""},"categories":[85],"tags":[114,115,2462,32,33],"class_list":{"0":"post-15235","1":"post","2":"type-post","3":"status-publish","4":"format-standard","5":"has-post-thumbnail","7":"category-entretenimento","8":"tag-entertainment","9":"tag-entretenimento","10":"tag-iolanda-chaves","11":"tag-portugal","12":"tag-pt"},"share_on_mastodon":{"url":"","error":""},"_links":{"self":[{"href":"https:\/\/www.europesays.com\/pt\/wp-json\/wp\/v2\/posts\/15235","targetHints":{"allow":["GET"]}}],"collection":[{"href":"https:\/\/www.europesays.com\/pt\/wp-json\/wp\/v2\/posts"}],"about":[{"href":"https:\/\/www.europesays.com\/pt\/wp-json\/wp\/v2\/types\/post"}],"author":[{"embeddable":true,"href":"https:\/\/www.europesays.com\/pt\/wp-json\/wp\/v2\/users\/2"}],"replies":[{"embeddable":true,"href":"https:\/\/www.europesays.com\/pt\/wp-json\/wp\/v2\/comments?post=15235"}],"version-history":[{"count":0,"href":"https:\/\/www.europesays.com\/pt\/wp-json\/wp\/v2\/posts\/15235\/revisions"}],"wp:featuredmedia":[{"embeddable":true,"href":"https:\/\/www.europesays.com\/pt\/wp-json\/wp\/v2\/media\/15236"}],"wp:attachment":[{"href":"https:\/\/www.europesays.com\/pt\/wp-json\/wp\/v2\/media?parent=15235"}],"wp:term":[{"taxonomy":"category","embeddable":true,"href":"https:\/\/www.europesays.com\/pt\/wp-json\/wp\/v2\/categories?post=15235"},{"taxonomy":"post_tag","embeddable":true,"href":"https:\/\/www.europesays.com\/pt\/wp-json\/wp\/v2\/tags?post=15235"}],"curies":[{"name":"wp","href":"https:\/\/api.w.org\/{rel}","templated":true}]}}